{"id":43239,"date":"2024-06-15T12:43:49","date_gmt":"2024-06-15T15:43:49","guid":{"rendered":"https:\/\/radiorevelacionfm.cl\/?p=43239"},"modified":"2024-06-15T12:43:49","modified_gmt":"2024-06-15T15:43:49","slug":"en-el-contexto-del-mes-del-orgullo-seremi-de-la-mujer-lidera-conversatorio-sobre-protocolo-de-actuacion-y-coordinacion-de-victimas-de-delitos-por-su-identidad-de-genero-y-orientacion-sexual","status":"publish","type":"post","link":"https:\/\/radiorevelacionfm.cl\/?p=43239","title":{"rendered":"En el contexto del Mes del Orgullo, Seremi de la Mujer lidera conversatorio sobre \u201cProtocolo de Actuaci\u00f3n y Coordinaci\u00f3n de v\u00edctimas de delitos por su identidad de g\u00e9nero y orientaci\u00f3n sexual\u201d"},"content":{"rendered":"<div class=\"flex_column av_one_full  flex_column_div av-zero-column-padding first  avia-builder-el-0  el_before_av_one_full  avia-builder-el-first  \" style='border-radius:0px; '><div  class='avia-image-container  av-styling-    avia-builder-el-1  avia-builder-el-no-sibling  avia-align-center '  itemprop=\"image\" itemscope=\"itemscope\" itemtype=\"https:\/\/schema.org\/ImageObject\"  ><div class='avia-image-container-inner'><div class='avia-image-overlay-wrap'><img decoding=\"async\" class='wp-image-43241 avia-img-lazy-loading-not-43241 avia_image' src=\"https:\/\/radiorevelacionfm.cl\/wp-content\/uploads\/2024\/06\/WhatsApp-Image-2024-06-14-at-15.37.46-1-1-1.jpeg\" alt='' title='WhatsApp Image 2024-06-14 at 15.37.46 (1) (1) (1)' height=\"600\" width=\"800\"  itemprop=\"thumbnailUrl\" srcset=\"https:\/\/radiorevelacionfm.cl\/wp-content\/uploads\/2024\/06\/WhatsApp-Image-2024-06-14-at-15.37.46-1-1-1.jpeg 800w, https:\/\/radiorevelacionfm.cl\/wp-content\/uploads\/2024\/06\/WhatsApp-Image-2024-06-14-at-15.37.46-1-1-1-300x225.jpeg 300w, https:\/\/radiorevelacionfm.cl\/wp-content\/uploads\/2024\/06\/WhatsApp-Image-2024-06-14-at-15.37.46-1-1-1-768x576.jpeg 768w, https:\/\/radiorevelacionfm.cl\/wp-content\/uploads\/2024\/06\/WhatsApp-Image-2024-06-14-at-15.37.46-1-1-1-705x529.jpeg 705w, https:\/\/radiorevelacionfm.cl\/wp-content\/uploads\/2024\/06\/WhatsApp-Image-2024-06-14-at-15.37.46-1-1-1-450x338.jpeg 450w, https:\/\/radiorevelacionfm.cl\/wp-content\/uploads\/2024\/06\/WhatsApp-Image-2024-06-14-at-15.37.46-1-1-1-600x450.jpeg 600w\" sizes=\"(max-width: 800px) 100vw, 800px\" \/><\/div><\/div><\/div><\/div><div class=\"flex_column av_one_full  flex_column_div av-zero-column-padding first  avia-builder-el-2  el_after_av_one_full  el_before_av_one_full  column-top-margin\" style='border-radius:0px; '><section class=\"av_textblock_section \"  itemscope=\"itemscope\" itemtype=\"https:\/\/schema.org\/BlogPosting\" itemprop=\"blogPost\" ><div class='avia_textblock  '   itemprop=\"text\" ><p style=\"text-align: center;\"><span style=\"font-size: 18pt;\"><strong>En el contexto del Mes del Orgullo, Seremi de la Mujer lidera conversatorio sobre \u201cProtocolo de Actuaci\u00f3n y Coordinaci\u00f3n de v\u00edctimas de delitos por su identidad de g\u00e9nero y orientaci\u00f3n sexual\u201d<\/strong><\/span><\/p>\n<div id=\"gtx-trans\" style=\"position: absolute; left: -50px; top: 4.31534px;\">\n<div class=\"gtx-trans-icon\"><\/div>\n<\/div>\n<\/div><\/section><\/div><div class=\"flex_column av_one_full  flex_column_div av-zero-column-padding first  avia-builder-el-4  el_after_av_one_full  el_before_av_hr  column-top-margin\" style='border-radius:0px; '><section class=\"av_textblock_section \"  itemscope=\"itemscope\" itemtype=\"https:\/\/schema.org\/BlogPosting\" itemprop=\"blogPost\" ><div class='avia_textblock  '   itemprop=\"text\" ><p style=\"text-align: justify;\"><em>\u201cEste protocolo avanza en reconocer que los problemas de seguridad que impactan a las personas de las diversidades sexo gen\u00e9ricas requieren de una atenci\u00f3n y orientaci\u00f3n diferenciada. Ante ello, de manera hist\u00f3rica se abren\u00a0 canales institucionales para atenderlos\u201d.<\/em><\/p>\n<p style=\"text-align: justify;\">En el marco del mes del orgullo, \u00a0se llev\u00f3 a cabo este conversatorio con organizaciones sexo gen\u00e9ricas, entre ellas: ONG Diversa Patagonia, Corporaci\u00f3n Transformando y el Programa Crece con Orgullo, cuyo objetivo fue dialogar respecto de este Protocolo, iniciativa que surge de la Mesa Gubernamental de Trabajo por los Derechos LGTBIQA+ y que responde a un Convenio de Colaboraci\u00f3n entre el Ministerio de la Mujer y la Subsecretar\u00eda de Prevenci\u00f3n del Delito.<\/p>\n<p style=\"text-align: justify;\">La iniciativa fue convocada por la Seremi de la Mujer y Equidad de G\u00e9nero, con participaci\u00f3n del Centro de Apoyo de V\u00edctimas de Delitos de la Subsecretar\u00eda de Prevenci\u00f3n del Delito del Ministerio del Interior y Seguridad P\u00fablica, SernamEG y PRO<u>DEMU<\/u>, instancia\u00a0 que fortalece el trabajo colaborativo entre las instituciones, y da respuesta a una necesidad de atenci\u00f3n que antes no estaba formalizada.<\/p>\n<p style=\"text-align: justify;\">\u201cEste protocolo avanza en reconocer que los problemas de seguridad que impactan a las personas de las diversidades sexo gen\u00e9ricas requieren de una atenci\u00f3n y orientaci\u00f3n diferenciada. Ante ello, por vez primera se abren \u00a0canales institucionales para atenderlos, avanzando as\u00ed en reconocimiento y dignidad hacia un sector de la poblaci\u00f3n hist\u00f3ricamente excluido\u201d sostuvo la \u00a0Seremi de la Mujer y la Equidad de G\u00e9nero, Andrea M\u00e9ndez Valenzuela.<\/p>\n<p style=\"text-align: justify;\">Durante el encuentro, Andrea Campos, Coordinadora del Centro de Apoyo a V\u00edctimas de Delitos de la Subsecretar\u00eda de Prevenci\u00f3n del Delito del Ministerio del Interior y Seguridad P\u00fablica, expuso sobre las instancias de apoyo de v\u00edctimas, la cual entrega orientaci\u00f3n legal, sicol\u00f3gica y social a trav\u00e9s de un equipo especializado integral, sin perjuicio y condici\u00f3n sexo gen\u00e9rica.<\/p>\n<p style=\"text-align: justify;\">\u201cComo Centro de apoyo a v\u00edctimas encontramos relevante la elaboraci\u00f3n de este Protocolo y de coordinaci\u00f3n entre las instituciones que viene a contribuir de manera importante a reducir y prevenir la revictimizaci\u00f3n secundaria y acercar la oferta p\u00fablica a esta comunidad de diversidades, que corresponde a un segmento de la poblaci\u00f3n que es altamente vulnerable frente a la existencia de alg\u00fan delito violento\u201d, indic\u00f3.<\/p>\n<p style=\"text-align: justify;\">En tanto, Paulina Monsalve, presidenta de la Corporaci\u00f3n Transformando y participante de este conversatorio, indic\u00f3: \u201cAgradecemos la invitaci\u00f3n desde la seremi de la mujer para poder conocer este protocolo de atenci\u00f3n a v\u00edctimas de la comunidad LGBTIQA + ya que dan una clara se\u00f1al de la forma de avanzar a un trato digno, por parte de la institucionalidad. Adem\u00e1s, relevar la importancia de la vinculaci\u00f3n entre instituciones y con la comunidad civil, para hacer realidad (ojal\u00e1 en un futuro no muy lejano) el contar con una comunidad inclusiva y segura para todos, todas y todes\u201d.<\/p>\n<p style=\"text-align: justify;\">Cabe destacar que dentro de \u00a0las particularidades de este Convenio de Colaboraci\u00f3n, \u00a0reconoce como v\u00edctima no solo a las personas que hayan sido afectadas debido a su identidad de g\u00e9nero y\/u orientaci\u00f3n sexual, si no que a todas las personas que, siendo v\u00edctimas de delitos, manifiesten libre y voluntariamente pertenecer a la poblaci\u00f3n de las diversidades sexo gen\u00e9ricas en nuestro pa\u00eds.<\/p>\n<p style=\"text-align: justify;\">Desde la Seremi de la Mujer y Equidad de G\u00e9nero y en el contexto de la Mesa de Diversidades Sexo Gen\u00e9ricas, se ha asumido la responsabilidad de seguir socializando regionalmente los alcances de dicho Protocolo.<\/p>\n<\/div><\/section><\/div><div  style='height:50px' class='hr hr-invisible   avia-builder-el-6  el_after_av_one_full  el_before_av_social_share '><span class='hr-inner ' ><span class='hr-inner-style'><\/span><\/span><\/div><\/p>\n<div  class='av-social-sharing-box  avia-builder-el-7  el_after_av_hr  el_before_av_hr  '><div class='av-share-box'><h5 class='av-share-link-description av-no-toc '>Compartir esta noticia<\/h5><ul class='av-share-box-list noLightbox'><li class='av-share-link av-social-link-facebook' ><a target=\"_blank\" aria-label=\"Compartir en Facebook\" href='https:\/\/www.facebook.com\/sharer.php?u=https:\/\/radiorevelacionfm.cl\/?p=43239&#038;t=En%20el%20contexto%20del%20Mes%20del%20Orgullo%2C%20Seremi%20de%20la%20Mujer%20lidera%20conversatorio%20sobre%20%E2%80%9CProtocolo%20de%20Actuaci%C3%B3n%20y%20Coordinaci%C3%B3n%20de%20v%C3%ADctimas%20de%20delitos%20por%20su%20identidad%20de%20g%C3%A9nero%20y%20orientaci%C3%B3n%20sexual%E2%80%9D' aria-hidden='false' data-av_icon='\ue8f3' data-av_iconfont='entypo-fontello' title='' data-avia-related-tooltip='Compartir en Facebook' rel=\"noopener\"><span class='avia_hidden_link_text'>Compartir en Facebook<\/span><\/a><\/li><li class='av-share-link av-social-link-twitter' ><a target=\"_blank\" aria-label=\"Compartir en Twitter\" href='https:\/\/twitter.com\/share?text=En%20el%20contexto%20del%20Mes%20del%20Orgullo%2C%20Seremi%20de%20la%20Mujer%20lidera%20conversatorio%20sobre%20%E2%80%9CProtocolo%20de%20Actuaci%C3%B3n%20y%20Coordinaci%C3%B3n%20de%20v%C3%ADctimas%20de%20delitos%20por%20su%20identidad%20de%20g%C3%A9nero%20y%20orientaci%C3%B3n%20sexual%E2%80%9D&#038;url=https:\/\/radiorevelacionfm.cl\/?p=43239' aria-hidden='false' data-av_icon='\ue8f1' data-av_iconfont='entypo-fontello' title='' data-avia-related-tooltip='Compartir en Twitter' rel=\"noopener\"><span class='avia_hidden_link_text'>Compartir en Twitter<\/span><\/a><\/li><li class='av-share-link av-social-link-whatsapp' ><a target=\"_blank\" aria-label=\"Compartir en Whatsapp\" href='https:\/\/api.whatsapp.com\/send?text=https:\/\/radiorevelacionfm.cl\/?p=43239' aria-hidden='false' data-av_icon='\uf232' data-av_iconfont='entypo-fontello' title='' data-avia-related-tooltip='Compartir en Whatsapp' rel=\"noopener\"><span class='avia_hidden_link_text'>Compartir en Whatsapp<\/span><\/a><\/li><li class='av-share-link av-social-link-linkedin' ><a target=\"_blank\" aria-label=\"Compartir en LinkedIn\" href='https:\/\/linkedin.com\/shareArticle?mini=true&#038;title=En%20el%20contexto%20del%20Mes%20del%20Orgullo%2C%20Seremi%20de%20la%20Mujer%20lidera%20conversatorio%20sobre%20%E2%80%9CProtocolo%20de%20Actuaci%C3%B3n%20y%20Coordinaci%C3%B3n%20de%20v%C3%ADctimas%20de%20delitos%20por%20su%20identidad%20de%20g%C3%A9nero%20y%20orientaci%C3%B3n%20sexual%E2%80%9D&#038;url=https:\/\/radiorevelacionfm.cl\/?p=43239' aria-hidden='false' data-av_icon='\ue8fc' data-av_iconfont='entypo-fontello' title='' data-avia-related-tooltip='Compartir en LinkedIn' rel=\"noopener\"><span class='avia_hidden_link_text'>Compartir en LinkedIn<\/span><\/a><\/li><li class='av-share-link av-social-link-mail' ><a  aria-label=\"Compartir por correo\" href='mailto:?subject=En%20el%20contexto%20del%20Mes%20del%20Orgullo%2C%20Seremi%20de%20la%20Mujer%20lidera%20conversatorio%20sobre%20%E2%80%9CProtocolo%20de%20Actuaci%C3%B3n%20y%20Coordinaci%C3%B3n%20de%20v%C3%ADctimas%20de%20delitos%20por%20su%20identidad%20de%20g%C3%A9nero%20y%20orientaci%C3%B3n%20sexual%E2%80%9D&#038;body=https:\/\/radiorevelacionfm.cl\/?p=43239' aria-hidden='false' data-av_icon='\ue805' data-av_iconfont='entypo-fontello' title='' data-avia-related-tooltip='Compartir por correo'><span class='avia_hidden_link_text'>Compartir por correo<\/span><\/a><\/li><\/ul><\/div><\/div>\n<div  style='height:50px' class='hr hr-invisible   avia-builder-el-8  el_after_av_social_share  el_before_av_comments_list '><span class='hr-inner ' ><span class='hr-inner-style'><\/span><\/span><\/div>\n<div  class='av-buildercomment  av-blog-meta-html-info-disabled av-blog-meta-tag-disabled  '><\/div>\n","protected":false},"excerpt":{"rendered":"","protected":false},"author":1,"featured_media":43241,"comment_status":"open","ping_status":"open","sticky":false,"template":"","format":"standard","meta":{"footnotes":""},"categories":[38],"tags":[],"class_list":["post-43239","post","type-post","status-publish","format-standard","has-post-thumbnail","hentry","category-regional"],"jetpack_featured_media_url":"https:\/\/radiorevelacionfm.cl\/wp-content\/uploads\/2024\/06\/WhatsApp-Image-2024-06-14-at-15.37.46-1-1-1.jpeg","_links":{"self":[{"href":"https:\/\/radiorevelacionfm.cl\/index.php?rest_route=\/wp\/v2\/posts\/43239","targetHints":{"allow":["GET"]}}],"collection":[{"href":"https:\/\/radiorevelacionfm.cl\/index.php?rest_route=\/wp\/v2\/posts"}],"about":[{"href":"https:\/\/radiorevelacionfm.cl\/index.php?rest_route=\/wp\/v2\/types\/post"}],"author":[{"embeddable":true,"href":"https:\/\/radiorevelacionfm.cl\/index.php?rest_route=\/wp\/v2\/users\/1"}],"replies":[{"embeddable":true,"href":"https:\/\/radiorevelacionfm.cl\/index.php?rest_route=%2Fwp%2Fv2%2Fcomments&post=43239"}],"version-history":[{"count":1,"href":"https:\/\/radiorevelacionfm.cl\/index.php?rest_route=\/wp\/v2\/posts\/43239\/revisions"}],"predecessor-version":[{"id":43242,"href":"https:\/\/radiorevelacionfm.cl\/index.php?rest_route=\/wp\/v2\/posts\/43239\/revisions\/43242"}],"wp:featuredmedia":[{"embeddable":true,"href":"https:\/\/radiorevelacionfm.cl\/index.php?rest_route=\/wp\/v2\/media\/43241"}],"wp:attachment":[{"href":"https:\/\/radiorevelacionfm.cl\/index.php?rest_route=%2Fwp%2Fv2%2Fmedia&parent=43239"}],"wp:term":[{"taxonomy":"category","embeddable":true,"href":"https:\/\/radiorevelacionfm.cl\/index.php?rest_route=%2Fwp%2Fv2%2Fcategories&post=43239"},{"taxonomy":"post_tag","embeddable":true,"href":"https:\/\/radiorevelacionfm.cl\/index.php?rest_route=%2Fwp%2Fv2%2Ftags&post=43239"}],"curies":[{"name":"wp","href":"https:\/\/api.w.org\/{rel}","templated":true}]}}