{"id":43236,"date":"2024-06-14T20:02:32","date_gmt":"2024-06-14T23:02:32","guid":{"rendered":"https:\/\/radiorevelacionfm.cl\/?p=43236"},"modified":"2024-06-14T20:02:32","modified_gmt":"2024-06-14T23:02:32","slug":"avanzan-obras-de-conservacion-de-la-infraestructura-portuaria-en-puerto-ibanez-y-chile-chico","status":"publish","type":"post","link":"https:\/\/radiorevelacionfm.cl\/?p=43236","title":{"rendered":"Avanzan obras de conservaci\u00f3n de la infraestructura portuaria en Puerto Ib\u00e1\u00f1ez y Chile Chico"},"content":{"rendered":"<div class=\"flex_column av_one_full  flex_column_div av-zero-column-padding first  avia-builder-el-0  el_before_av_one_full  avia-builder-el-first  \" style='border-radius:0px; '><div  class='avia-image-container  av-styling-    avia-builder-el-1  avia-builder-el-no-sibling  avia-align-center '  itemprop=\"image\" itemscope=\"itemscope\" itemtype=\"https:\/\/schema.org\/ImageObject\"  ><div class='avia-image-container-inner'><div class='avia-image-overlay-wrap'><img decoding=\"async\" class='wp-image-43237 avia-img-lazy-loading-not-43237 avia_image' src=\"https:\/\/radiorevelacionfm.cl\/wp-content\/uploads\/2024\/06\/IMG-20240613-WA0034-1-1.jpg\" alt='' title='IMG-20240613-WA0034 (1) (1)' height=\"600\" width=\"1069\"  itemprop=\"thumbnailUrl\" srcset=\"https:\/\/radiorevelacionfm.cl\/wp-content\/uploads\/2024\/06\/IMG-20240613-WA0034-1-1.jpg 1069w, https:\/\/radiorevelacionfm.cl\/wp-content\/uploads\/2024\/06\/IMG-20240613-WA0034-1-1-300x168.jpg 300w, https:\/\/radiorevelacionfm.cl\/wp-content\/uploads\/2024\/06\/IMG-20240613-WA0034-1-1-1030x578.jpg 1030w, https:\/\/radiorevelacionfm.cl\/wp-content\/uploads\/2024\/06\/IMG-20240613-WA0034-1-1-768x431.jpg 768w, https:\/\/radiorevelacionfm.cl\/wp-content\/uploads\/2024\/06\/IMG-20240613-WA0034-1-1-705x396.jpg 705w, https:\/\/radiorevelacionfm.cl\/wp-content\/uploads\/2024\/06\/IMG-20240613-WA0034-1-1-450x253.jpg 450w, https:\/\/radiorevelacionfm.cl\/wp-content\/uploads\/2024\/06\/IMG-20240613-WA0034-1-1-600x337.jpg 600w\" sizes=\"(max-width: 1069px) 100vw, 1069px\" \/><\/div><\/div><\/div><\/div><div class=\"flex_column av_one_full  flex_column_div av-zero-column-padding first  avia-builder-el-2  el_after_av_one_full  el_before_av_one_full  column-top-margin\" style='border-radius:0px; '><section class=\"av_textblock_section \"  itemscope=\"itemscope\" itemtype=\"https:\/\/schema.org\/BlogPosting\" itemprop=\"blogPost\" ><div class='avia_textblock  '   itemprop=\"text\" ><p style=\"text-align: center;\"><strong><span style=\"font-size: 18pt;\">Avanzan obras de conservaci\u00f3n de la infraestructura portuaria en Puerto Ib\u00e1\u00f1ez y Chile Chico<\/span><\/strong><\/p>\n<div id=\"gtx-trans\" style=\"position: absolute; left: -50px; top: 4.31534px;\">\n<div class=\"gtx-trans-icon\"><\/div>\n<\/div>\n<\/div><\/section><\/div><div class=\"flex_column av_one_full  flex_column_div av-zero-column-padding first  avia-builder-el-4  el_after_av_one_full  el_before_av_hr  column-top-margin\" style='border-radius:0px; '><section class=\"av_textblock_section \"  itemscope=\"itemscope\" itemtype=\"https:\/\/schema.org\/BlogPosting\" itemprop=\"blogPost\" ><div class='avia_textblock  '   itemprop=\"text\" ><p style=\"text-align: justify;\">El Director Regional de Obras Portuarias (DOP) del MOP \u00c1lvaro D\u00edaz Contreras inform\u00f3 que en el marco de la ejecuci\u00f3n del proyecto de conservaci\u00f3n de la infraestructura portuaria de conectividad en Puerto Ib\u00e1\u00f1ez y en Chile Chico, desde \u00a0junio y hasta octubre del a\u00f1o en curso se realizar\u00e1n obras para mejorar las condiciones actuales de las infraestructuras, por lo tanto para mantener la conectividad del sector y entregar seguridad a las personas y veh\u00edculos en las labores de embarque y desembarque mientras se ejecutan los trabajos de conservaci\u00f3n, se han tomado todas las medidas preventivas necesarias.<\/p>\n<p style=\"text-align: justify;\">\u201cLas maniobras de embarque y desembarque de la nave La Tehuelche se van a seguir desarrollando en la infraestructura portuaria de Puerto Ib\u00e1\u00f1ez y en Chile Chico, pero como tenemos que hacer la conservaci\u00f3n de la rampa \u201cweste\u201d en Puerto Ib\u00e1\u00f1ez, las maniobras de recalada se van a efectuar en la rampa \u201ceste\u201d, ubicada a un costado del Refugio de Pasajeros. De esta forma, entre las medidas preventivas para mantener la seguridad de las personas y de los veh\u00edculos, en la explanada estamos demarcando con se\u00f1alizaci\u00f3n de peligro y cierre con malla sectores de excavaciones o paso de maquinaria; en el Refugio de Pasajeros estamos cerrando con tableros de madera el sector de los ba\u00f1os y enfermer\u00eda, incorporamos se\u00f1alizaci\u00f3n de peligro e informaci\u00f3n de los trabajos y se ha coordinado con la empresa el uso del Terminal para refugio de los pasajeros y la entrega habilitada del ba\u00f1o en el edificio tinglado (museo) para su uso. La Rampa Weste quedar\u00e1 deshabilitada el d\u00eda 17 de junio 2024, contando para ello con autorizaci\u00f3n de la Armada y del capit\u00e1n de la barcaza La Tehuelche, y ese mismo d\u00eda se cerrar\u00e1 el pol\u00edgono completo de los estacionamientos del museo y de la rampa weste con malla y se\u00f1alizaci\u00f3n respectiva. En tanto, la Rampa Este desde el lunes 17 de junio del a\u00f1o en curso se usar\u00e1 para el embarque y desembarque de la barcaza, contando para ello con la autorizaci\u00f3n de la Armada y capit\u00e1n de la barcaza La Tehuelche. Este sector se demarc\u00f3 completo con pintura de se\u00f1alizaci\u00f3n; se instalaron conos laterales para se\u00f1alizaci\u00f3n, balizas reflectantes en defensa caminera para visualizaci\u00f3n de los veh\u00edculos y camiones y dos focos de iluminaci\u00f3n al costado para visualizaci\u00f3n de la rampa y explanada. Adicionalmente, el mi\u00e9rcoles 12 de junio en la noche se efectuaron pruebas en maniobras de desembarco y embarco en la rampa, no presentando inconvenientes\u201d, se\u00f1al\u00f3 \u00c1lvaro D\u00edaz Contreras.<\/p>\n<p style=\"text-align: justify;\">Tambi\u00e9n se estar\u00e1n haciendo intervenciones dentro del Refugio de Pasajeros, as\u00ed que estamos coordinando con la empresa contratista y con la empresa operadora del servicio de conectividad para que las obras sean lo menos invasivas posible y que podamos otorgar la seguridad que corresponde a las maniobras de embarque y desembarque de las personas y de los veh\u00edculos que se trasladen desde Puerto Ib\u00e1\u00f1ez hacia Chile Chico. Estos trabajos cuentan con una inversi\u00f3n cercana a los 900 millones de pesos, recursos que nos permitir\u00e1n efectuar los trabajos en su totalidad, lo que nos tiene conformes, porque estamos actuando a tiempo para poder solucionar los problemas que actualmente presenta el Refugio en Puerto Ib\u00e1\u00f1ez, en donde adem\u00e1s de reparar el sistema de calefacci\u00f3n vamos a construir obras de normalizaci\u00f3n para la accesibilidad universal, se\u00f1alizaci\u00f3n interior, conservar los muros de hormig\u00f3n de la rampa, losetas y pintura. Tambi\u00e9n, restaurar barandas, los pavimentos vehiculares y peatonales, las luminarias, los basureros y los esca\u00f1os. En tanto, en el recinto portuario en Chile Chico, se realizar\u00e1n obras de conservaci\u00f3n en el muelle flotante, se reparar\u00e1n los rodillos del puente basculante y el sistema de protecci\u00f3n anticorrosivo de la estructura. Tambi\u00e9n, se efectuar\u00e1 un levantamiento de fondeos y se reubicar\u00e1 el pont\u00f3n, entre otros trabajos.<\/p>\n<p style=\"text-align: justify;\">Las obras de conservaci\u00f3n de las infraestructuras portuarias terrestres y mar\u00edtimas en Puerto Ib\u00e1\u00f1ez y en Chile Chico, est\u00e1n a cargo de la empresa Constructora Calafquen Spa, bajo la fiscalizaci\u00f3n de la DOP-MOP; conjuntamente ambas obras proyectan entregar 25 empleos y tienen un tiempo de ejecuci\u00f3n de 240 d\u00edas. \u201cPara nosotros es importante que la comunidad tenga presente que estaremos realizando estos trabajos y que es necesario efectuar estas adecuaciones para poder obtener al final de este contrato nuestra infraestructura en condiciones \u00f3ptimas de operaci\u00f3n\u201d, concluy\u00f3 \u00c1lvaro D\u00edaz Contreras.<\/p>\n<\/div><\/section><\/div><div  style='height:50px' class='hr hr-invisible   avia-builder-el-6  el_after_av_one_full  el_before_av_social_share '><span class='hr-inner ' ><span class='hr-inner-style'><\/span><\/span><\/div><\/p>\n<div  class='av-social-sharing-box  avia-builder-el-7  el_after_av_hr  el_before_av_hr  '><div class='av-share-box'><h5 class='av-share-link-description av-no-toc '>Compartir esta noticia<\/h5><ul class='av-share-box-list noLightbox'><li class='av-share-link av-social-link-facebook' ><a target=\"_blank\" aria-label=\"Compartir en Facebook\" href='https:\/\/www.facebook.com\/sharer.php?u=https:\/\/radiorevelacionfm.cl\/?p=43236&#038;t=Avanzan%20obras%20de%20conservaci%C3%B3n%20de%20la%20infraestructura%20portuaria%20en%20Puerto%20Ib%C3%A1%C3%B1ez%20y%20Chile%20Chico' aria-hidden='false' data-av_icon='\ue8f3' data-av_iconfont='entypo-fontello' title='' data-avia-related-tooltip='Compartir en Facebook' rel=\"noopener\"><span class='avia_hidden_link_text'>Compartir en Facebook<\/span><\/a><\/li><li class='av-share-link av-social-link-twitter' ><a target=\"_blank\" aria-label=\"Compartir en Twitter\" href='https:\/\/twitter.com\/share?text=Avanzan%20obras%20de%20conservaci%C3%B3n%20de%20la%20infraestructura%20portuaria%20en%20Puerto%20Ib%C3%A1%C3%B1ez%20y%20Chile%20Chico&#038;url=https:\/\/radiorevelacionfm.cl\/?p=43236' aria-hidden='false' data-av_icon='\ue8f1' data-av_iconfont='entypo-fontello' title='' data-avia-related-tooltip='Compartir en Twitter' rel=\"noopener\"><span class='avia_hidden_link_text'>Compartir en Twitter<\/span><\/a><\/li><li class='av-share-link av-social-link-whatsapp' ><a target=\"_blank\" aria-label=\"Compartir en Whatsapp\" href='https:\/\/api.whatsapp.com\/send?text=https:\/\/radiorevelacionfm.cl\/?p=43236' aria-hidden='false' data-av_icon='\uf232' data-av_iconfont='entypo-fontello' title='' data-avia-related-tooltip='Compartir en Whatsapp' rel=\"noopener\"><span class='avia_hidden_link_text'>Compartir en Whatsapp<\/span><\/a><\/li><li class='av-share-link av-social-link-linkedin' ><a target=\"_blank\" aria-label=\"Compartir en LinkedIn\" href='https:\/\/linkedin.com\/shareArticle?mini=true&#038;title=Avanzan%20obras%20de%20conservaci%C3%B3n%20de%20la%20infraestructura%20portuaria%20en%20Puerto%20Ib%C3%A1%C3%B1ez%20y%20Chile%20Chico&#038;url=https:\/\/radiorevelacionfm.cl\/?p=43236' aria-hidden='false' data-av_icon='\ue8fc' data-av_iconfont='entypo-fontello' title='' data-avia-related-tooltip='Compartir en LinkedIn' rel=\"noopener\"><span class='avia_hidden_link_text'>Compartir en LinkedIn<\/span><\/a><\/li><li class='av-share-link av-social-link-mail' ><a  aria-label=\"Compartir por correo\" href='mailto:?subject=Avanzan%20obras%20de%20conservaci%C3%B3n%20de%20la%20infraestructura%20portuaria%20en%20Puerto%20Ib%C3%A1%C3%B1ez%20y%20Chile%20Chico&#038;body=https:\/\/radiorevelacionfm.cl\/?p=43236' aria-hidden='false' data-av_icon='\ue805' data-av_iconfont='entypo-fontello' title='' data-avia-related-tooltip='Compartir por correo'><span class='avia_hidden_link_text'>Compartir por correo<\/span><\/a><\/li><\/ul><\/div><\/div>\n<div  style='height:50px' class='hr hr-invisible   avia-builder-el-8  el_after_av_social_share  el_before_av_comments_list '><span class='hr-inner ' ><span class='hr-inner-style'><\/span><\/span><\/div>\n<div  class='av-buildercomment  av-blog-meta-html-info-disabled av-blog-meta-tag-disabled  '><\/div>\n","protected":false},"excerpt":{"rendered":"","protected":false},"author":1,"featured_media":43237,"comment_status":"open","ping_status":"open","sticky":false,"template":"","format":"standard","meta":{"footnotes":""},"categories":[38],"tags":[],"class_list":["post-43236","post","type-post","status-publish","format-standard","has-post-thumbnail","hentry","category-regional"],"jetpack_featured_media_url":"https:\/\/radiorevelacionfm.cl\/wp-content\/uploads\/2024\/06\/IMG-20240613-WA0034-1-1.jpg","_links":{"self":[{"href":"https:\/\/radiorevelacionfm.cl\/index.php?rest_route=\/wp\/v2\/posts\/43236","targetHints":{"allow":["GET"]}}],"collection":[{"href":"https:\/\/radiorevelacionfm.cl\/index.php?rest_route=\/wp\/v2\/posts"}],"about":[{"href":"https:\/\/radiorevelacionfm.cl\/index.php?rest_route=\/wp\/v2\/types\/post"}],"author":[{"embeddable":true,"href":"https:\/\/radiorevelacionfm.cl\/index.php?rest_route=\/wp\/v2\/users\/1"}],"replies":[{"embeddable":true,"href":"https:\/\/radiorevelacionfm.cl\/index.php?rest_route=%2Fwp%2Fv2%2Fcomments&post=43236"}],"version-history":[{"count":1,"href":"https:\/\/radiorevelacionfm.cl\/index.php?rest_route=\/wp\/v2\/posts\/43236\/revisions"}],"predecessor-version":[{"id":43238,"href":"https:\/\/radiorevelacionfm.cl\/index.php?rest_route=\/wp\/v2\/posts\/43236\/revisions\/43238"}],"wp:featuredmedia":[{"embeddable":true,"href":"https:\/\/radiorevelacionfm.cl\/index.php?rest_route=\/wp\/v2\/media\/43237"}],"wp:attachment":[{"href":"https:\/\/radiorevelacionfm.cl\/index.php?rest_route=%2Fwp%2Fv2%2Fmedia&parent=43236"}],"wp:term":[{"taxonomy":"category","embeddable":true,"href":"https:\/\/radiorevelacionfm.cl\/index.php?rest_route=%2Fwp%2Fv2%2Fcategories&post=43236"},{"taxonomy":"post_tag","embeddable":true,"href":"https:\/\/radiorevelacionfm.cl\/index.php?rest_route=%2Fwp%2Fv2%2Ftags&post=43236"}],"curies":[{"name":"wp","href":"https:\/\/api.w.org\/{rel}","templated":true}]}}