{"id":4319,"date":"2021-05-19T19:54:12","date_gmt":"2021-05-19T22:54:12","guid":{"rendered":"https:\/\/radiorevelacionfm.cl\/?p=4319"},"modified":"2021-05-19T19:54:12","modified_gmt":"2021-05-19T22:54:12","slug":"seremi-de-salud-ante-aumento-de-casos-nos-preocupa-que-existan-cerca-de-11-mil-personas-rezagadas-mayores-de-40-anos-que-no-han-querido-vacunarse-en-la-region-de-aysen","status":"publish","type":"post","link":"https:\/\/radiorevelacionfm.cl\/?p=4319","title":{"rendered":"Seremi de Salud ante aumento de casos: \u201cNos preocupa que existan cerca de 11 mil personas rezagadas, mayores de 40 a\u00f1os, que no han querido vacunarse en la regi\u00f3n de Ays\u00e9n\u201d"},"content":{"rendered":"<div class=\"flex_column av_one_full  flex_column_div av-zero-column-padding first  avia-builder-el-0  el_before_av_one_full  avia-builder-el-first  \" style='border-radius:0px; '><div  class='avia-image-container  av-styling-    avia-builder-el-1  avia-builder-el-no-sibling  avia-align-center '  itemprop=\"image\" itemscope=\"itemscope\" itemtype=\"https:\/\/schema.org\/ImageObject\"  ><div class='avia-image-container-inner'><div class='avia-image-overlay-wrap'><img decoding=\"async\" class='wp-image-0 avia-img-lazy-loading-not-0 avia_image' src=\"https:\/\/radiorevelacionfm.cl\/wp-content\/uploads\/2021\/05\/seremi-1.jpg\" alt='' title=''   itemprop=\"thumbnailUrl\"  \/><\/div><\/div><\/div><\/div><div class=\"flex_column av_one_full  flex_column_div av-zero-column-padding first  avia-builder-el-2  el_after_av_one_full  el_before_av_one_full  column-top-margin\" style='border-radius:0px; '><section class=\"av_textblock_section \"  itemscope=\"itemscope\" itemtype=\"https:\/\/schema.org\/BlogPosting\" itemprop=\"blogPost\" ><div class='avia_textblock  '   itemprop=\"text\" ><p style=\"text-align: center;\"><span style=\"font-size: 18pt;\"><strong>Seremi de Salud ante aumento de casos: \u201cNos preocupa que existan cerca de 11 mil personas rezagadas, mayores de 40 a\u00f1os, que no han querido vacunarse en la regi\u00f3n de Ays\u00e9n\u201d<\/strong><\/span><\/p>\n<div id=\"gtx-trans\" style=\"position: absolute; left: -50px; top: 4.31534px;\">\n<div class=\"gtx-trans-icon\"><\/div>\n<\/div>\n<\/div><\/section><\/div><div class=\"flex_column av_one_full  flex_column_div av-zero-column-padding first  avia-builder-el-4  el_after_av_one_full  el_before_av_hr  column-top-margin\" style='border-radius:0px; '><section class=\"av_textblock_section \"  itemscope=\"itemscope\" itemtype=\"https:\/\/schema.org\/BlogPosting\" itemprop=\"blogPost\" ><div class='avia_textblock  '   itemprop=\"text\" ><p style=\"text-align: justify;\">Entre los 40 y 50 a\u00f1os de edad no lo han hecho 5 mil 400 personas. La Autoridad Sanitaria hizo un llamado, en especial a los adultos mayores que a\u00fan no lo hacen,\u00a0 para que se acerquen a los puntos de vacunaci\u00f3n contra el COVID-19.<\/p>\n<p style=\"text-align: justify;\">Ante el excesivo aumento de casos Covid(+) registrados en las \u00faltimas horas en la regi\u00f3n de Ays\u00e9n, la Autoridad Sanitaria insisti\u00f3 en la necesidad de que las personas que a\u00fan no se vacunan contra el COVID-19 y que ya fueron llamados a hacerlo, se acerquen a la brevedad a los diferentes puntos de vacunaci\u00f3n distribuidos por el territorio regional.<\/p>\n<p style=\"text-align: justify;\">\u201cNos preocupa que existan cerca de 11\u00a0 mil personas rezagadas, mayores de 40 a\u00f1os, que no han querido vacunarse. Estamos ante un exceso de casos y es importante que estemos protegidos como poblaci\u00f3n, para evitar complicaciones como ingresar a una Unidad de Paciente Cr\u00edtico en el Hospital Regional Coyhaique\u00a0 o ser derivado a otro centro asistencial, ante una fuerte demanda de casos. La vacuna nos protege de situaciones de riesgo\u201d, enfatiz\u00f3 la Seremi de Salud, Alejandra Valdebenito, quien en su reporte de hoy registra 518 casos activos y 85 nuevos casos (+) y 17 probables, en los denominados fuera de reporte.<\/p>\n<p style=\"text-align: justify;\">La informaci\u00f3n del calendario regional de vacunaci\u00f3n est\u00e1 disponible en <a href=\"http:\/\/www.saludaysen.cl\">www.saludaysen.cl<\/a> y en las diversas redes sociales, tanto del Servicio como la Seremi de Salud. Valdebenito, hizo un llamado a que las personas se acerquen adem\u00e1s a los diferentes puntos donde se realiza B\u00fasqueda Activa de Casos, mediante la toma de ex\u00e1menes PCR. \u201c No esperemos tener s\u00edntomas para acercarnos a hacer un examen PCR. Es gratuito y solo deben acercarse a los PCR m\u00f3viles de la capital regional o a la Red de Salud en el resto del territorio\u00bb.<\/p>\n<p style=\"text-align: justify;\">Respecto a la situaci\u00f3n de la Red, seg\u00fan reporte emanado por el sector salud,\u00a0 en la Unidad de Pacientes Cr\u00edticos del Hospital Regional Coyhaique se encuentran 8 personas con COVID(+) , todas\u00a0 conectadas a ventilaci\u00f3n mec\u00e1nica. \u201c De ellas 5 no\u00a0 han recibido ninguna de las dos dosis de la vacuna. De ah\u00ed la importancia de hacerlo\u201d, dijo la Seremi.<\/p>\n<p style=\"text-align: justify;\">Por otra parte, Alejandra Valdebenito, destac\u00f3 lo relevante del respeto de la cuarentena\u00a0 que enfrenta la capital regional. \u201c Evitemos las salidas a casas de familiares, juntas con amigos, cumplea\u00f1os o cualquier actividad que involucre personas que no son parte de su c\u00edrculo m\u00e1s \u00edntimo. Si nos cuidamos entre todos, m\u00e1s r\u00e1pido subiremos de fase en el Plan Paso a Paso, que es lo que todos buscamos\u201d, concluy\u00f3.<\/p>\n<\/div><\/section><\/div><div  style='height:50px' class='hr hr-invisible   avia-builder-el-6  el_after_av_one_full  el_before_av_social_share '><span class='hr-inner ' ><span class='hr-inner-style'><\/span><\/span><\/div><\/p>\n<div  class='av-social-sharing-box  avia-builder-el-7  el_after_av_hr  el_before_av_hr  '><div class='av-share-box'><h5 class='av-share-link-description av-no-toc '>Compartir esta noticia<\/h5><ul class='av-share-box-list noLightbox'><li class='av-share-link av-social-link-facebook' ><a target=\"_blank\" aria-label=\"Compartir en Facebook\" href='https:\/\/www.facebook.com\/sharer.php?u=https:\/\/radiorevelacionfm.cl\/?p=4319&#038;t=Seremi%20de%20Salud%20ante%20aumento%20de%20casos%3A%20%E2%80%9CNos%20preocupa%20que%20existan%20cerca%20de%2011%20mil%20personas%20rezagadas%2C%20mayores%20de%2040%20a%C3%B1os%2C%20que%20no%20han%20querido%20vacunarse%20en%20la%20regi%C3%B3n%20de%20Ays%C3%A9n%E2%80%9D' aria-hidden='false' data-av_icon='\ue8f3' data-av_iconfont='entypo-fontello' title='' data-avia-related-tooltip='Compartir en Facebook' rel=\"noopener\"><span class='avia_hidden_link_text'>Compartir en Facebook<\/span><\/a><\/li><li class='av-share-link av-social-link-twitter' ><a target=\"_blank\" aria-label=\"Compartir en Twitter\" href='https:\/\/twitter.com\/share?text=Seremi%20de%20Salud%20ante%20aumento%20de%20casos%3A%20%E2%80%9CNos%20preocupa%20que%20existan%20cerca%20de%2011%20mil%20personas%20rezagadas%2C%20mayores%20de%2040%20a%C3%B1os%2C%20que%20no%20han%20querido%20vacunarse%20en%20la%20regi%C3%B3n%20de%20Ays%C3%A9n%E2%80%9D&#038;url=https:\/\/radiorevelacionfm.cl\/?p=4319' aria-hidden='false' data-av_icon='\ue8f1' data-av_iconfont='entypo-fontello' title='' data-avia-related-tooltip='Compartir en Twitter' rel=\"noopener\"><span class='avia_hidden_link_text'>Compartir en Twitter<\/span><\/a><\/li><li class='av-share-link av-social-link-whatsapp' ><a target=\"_blank\" aria-label=\"Compartir en Whatsapp\" href='https:\/\/api.whatsapp.com\/send?text=https:\/\/radiorevelacionfm.cl\/?p=4319' aria-hidden='false' data-av_icon='\uf232' data-av_iconfont='entypo-fontello' title='' data-avia-related-tooltip='Compartir en Whatsapp' rel=\"noopener\"><span class='avia_hidden_link_text'>Compartir en Whatsapp<\/span><\/a><\/li><li class='av-share-link av-social-link-linkedin' ><a target=\"_blank\" aria-label=\"Compartir en LinkedIn\" href='https:\/\/linkedin.com\/shareArticle?mini=true&#038;title=Seremi%20de%20Salud%20ante%20aumento%20de%20casos%3A%20%E2%80%9CNos%20preocupa%20que%20existan%20cerca%20de%2011%20mil%20personas%20rezagadas%2C%20mayores%20de%2040%20a%C3%B1os%2C%20que%20no%20han%20querido%20vacunarse%20en%20la%20regi%C3%B3n%20de%20Ays%C3%A9n%E2%80%9D&#038;url=https:\/\/radiorevelacionfm.cl\/?p=4319' aria-hidden='false' data-av_icon='\ue8fc' data-av_iconfont='entypo-fontello' title='' data-avia-related-tooltip='Compartir en LinkedIn' rel=\"noopener\"><span class='avia_hidden_link_text'>Compartir en LinkedIn<\/span><\/a><\/li><li class='av-share-link av-social-link-mail' ><a  aria-label=\"Compartir por correo\" href='mailto:?subject=Seremi%20de%20Salud%20ante%20aumento%20de%20casos%3A%20%E2%80%9CNos%20preocupa%20que%20existan%20cerca%20de%2011%20mil%20personas%20rezagadas%2C%20mayores%20de%2040%20a%C3%B1os%2C%20que%20no%20han%20querido%20vacunarse%20en%20la%20regi%C3%B3n%20de%20Ays%C3%A9n%E2%80%9D&#038;body=https:\/\/radiorevelacionfm.cl\/?p=4319' aria-hidden='false' data-av_icon='\ue805' data-av_iconfont='entypo-fontello' title='' data-avia-related-tooltip='Compartir por correo'><span class='avia_hidden_link_text'>Compartir por correo<\/span><\/a><\/li><\/ul><\/div><\/div>\n<div  style='height:50px' class='hr hr-invisible   avia-builder-el-8  el_after_av_social_share  el_before_av_comments_list '><span class='hr-inner ' ><span class='hr-inner-style'><\/span><\/span><\/div>\n<div  class='av-buildercomment  av-blog-meta-html-info-disabled av-blog-meta-tag-disabled  '><\/div>\n","protected":false},"excerpt":{"rendered":"","protected":false},"author":1,"featured_media":0,"comment_status":"open","ping_status":"open","sticky":false,"template":"","format":"standard","meta":{"footnotes":""},"categories":[46],"tags":[],"class_list":["post-4319","post","type-post","status-publish","format-standard","hentry","category-salud"],"jetpack_featured_media_url":"","_links":{"self":[{"href":"https:\/\/radiorevelacionfm.cl\/index.php?rest_route=\/wp\/v2\/posts\/4319","targetHints":{"allow":["GET"]}}],"collection":[{"href":"https:\/\/radiorevelacionfm.cl\/index.php?rest_route=\/wp\/v2\/posts"}],"about":[{"href":"https:\/\/radiorevelacionfm.cl\/index.php?rest_route=\/wp\/v2\/types\/post"}],"author":[{"embeddable":true,"href":"https:\/\/radiorevelacionfm.cl\/index.php?rest_route=\/wp\/v2\/users\/1"}],"replies":[{"embeddable":true,"href":"https:\/\/radiorevelacionfm.cl\/index.php?rest_route=%2Fwp%2Fv2%2Fcomments&post=4319"}],"version-history":[{"count":1,"href":"https:\/\/radiorevelacionfm.cl\/index.php?rest_route=\/wp\/v2\/posts\/4319\/revisions"}],"predecessor-version":[{"id":4321,"href":"https:\/\/radiorevelacionfm.cl\/index.php?rest_route=\/wp\/v2\/posts\/4319\/revisions\/4321"}],"wp:attachment":[{"href":"https:\/\/radiorevelacionfm.cl\/index.php?rest_route=%2Fwp%2Fv2%2Fmedia&parent=4319"}],"wp:term":[{"taxonomy":"category","embeddable":true,"href":"https:\/\/radiorevelacionfm.cl\/index.php?rest_route=%2Fwp%2Fv2%2Fcategories&post=4319"},{"taxonomy":"post_tag","embeddable":true,"href":"https:\/\/radiorevelacionfm.cl\/index.php?rest_route=%2Fwp%2Fv2%2Ftags&post=4319"}],"curies":[{"name":"wp","href":"https:\/\/api.w.org\/{rel}","templated":true}]}}