{"id":43186,"date":"2024-06-13T13:22:50","date_gmt":"2024-06-13T16:22:50","guid":{"rendered":"https:\/\/radiorevelacionfm.cl\/?p=43186"},"modified":"2024-06-13T13:22:50","modified_gmt":"2024-06-13T16:22:50","slug":"preocupa-aumento-de-homicidios-en-aysen-tendrian-como-factor-comun-el-alto-consumo-de-alcohol","status":"publish","type":"post","link":"https:\/\/radiorevelacionfm.cl\/?p=43186","title":{"rendered":"Preocupa aumento de homicidios en Ays\u00e9n, tendr\u00edan como factor com\u00fan el alto consumo de alcohol"},"content":{"rendered":"<div class=\"flex_column av_one_full  flex_column_div av-zero-column-padding first  avia-builder-el-0  el_before_av_one_full  avia-builder-el-first  \" style='border-radius:0px; '><div  class='avia-image-container  av-styling-    avia-builder-el-1  avia-builder-el-no-sibling  avia-align-center '  itemprop=\"image\" itemscope=\"itemscope\" itemtype=\"https:\/\/schema.org\/ImageObject\"  ><div class='avia-image-container-inner'><div class='avia-image-overlay-wrap'><img decoding=\"async\" class='wp-image-43187 avia-img-lazy-loading-not-43187 avia_image' src=\"https:\/\/radiorevelacionfm.cl\/wp-content\/uploads\/2024\/06\/referencial-ss-bh-lacrim-1_optimized.jpeg\" alt='' title='referencial-ss-bh-lacrim-(1)_optimized' height=\"600\" width=\"1074\"  itemprop=\"thumbnailUrl\" srcset=\"https:\/\/radiorevelacionfm.cl\/wp-content\/uploads\/2024\/06\/referencial-ss-bh-lacrim-1_optimized.jpeg 1074w, https:\/\/radiorevelacionfm.cl\/wp-content\/uploads\/2024\/06\/referencial-ss-bh-lacrim-1_optimized-300x168.jpeg 300w, https:\/\/radiorevelacionfm.cl\/wp-content\/uploads\/2024\/06\/referencial-ss-bh-lacrim-1_optimized-1030x575.jpeg 1030w, https:\/\/radiorevelacionfm.cl\/wp-content\/uploads\/2024\/06\/referencial-ss-bh-lacrim-1_optimized-768x429.jpeg 768w, https:\/\/radiorevelacionfm.cl\/wp-content\/uploads\/2024\/06\/referencial-ss-bh-lacrim-1_optimized-705x394.jpeg 705w, https:\/\/radiorevelacionfm.cl\/wp-content\/uploads\/2024\/06\/referencial-ss-bh-lacrim-1_optimized-450x251.jpeg 450w, https:\/\/radiorevelacionfm.cl\/wp-content\/uploads\/2024\/06\/referencial-ss-bh-lacrim-1_optimized-600x335.jpeg 600w\" sizes=\"(max-width: 1074px) 100vw, 1074px\" \/><\/div><\/div><\/div><\/div><div class=\"flex_column av_one_full  flex_column_div av-zero-column-padding first  avia-builder-el-2  el_after_av_one_full  el_before_av_one_full  column-top-margin\" style='border-radius:0px; '><section class=\"av_textblock_section \"  itemscope=\"itemscope\" itemtype=\"https:\/\/schema.org\/BlogPosting\" itemprop=\"blogPost\" ><div class='avia_textblock  '   itemprop=\"text\" ><p style=\"text-align: center;\"><strong><span style=\"font-size: 18pt;\">Preocupa aumento de homicidios en Ays\u00e9n, tendr\u00edan como factor com\u00fan el alto consumo de alcohol <\/span><\/strong><\/p>\n<div id=\"gtx-trans\" style=\"position: absolute; left: -50px; top: 4.31534px;\">\n<div class=\"gtx-trans-icon\"><\/div>\n<\/div>\n<\/div><\/section><\/div><div class=\"flex_column av_one_full  flex_column_div av-zero-column-padding first  avia-builder-el-4  el_after_av_one_full  el_before_av_hr  column-top-margin\" style='border-radius:0px; '><section class=\"av_textblock_section \"  itemscope=\"itemscope\" itemtype=\"https:\/\/schema.org\/BlogPosting\" itemprop=\"blogPost\" ><div class='avia_textblock  '   itemprop=\"text\" ><p style=\"text-align: justify;\">La regi\u00f3n de Ays\u00e9n ha presentado un incremento en los casos de homicidios en lo que va del a\u00f1o 2024. Hasta junio, se han registrado seis incidentes de este tipo, superando el total de cinco casos reportados durante todo el 2023.<\/p>\n<p style=\"text-align: justify;\">Seg\u00fan los registros de la Jefatura Nacional de Delitos Contra las Personas de la Polic\u00eda de Investigaciones de Chile, el aumento en los homicidios en la regi\u00f3n de Ays\u00e9n es del 50% en comparaci\u00f3n con el mismo periodo del a\u00f1o pasado, cuando se registraron cuatro casos a junio. Este a\u00f1o, la cifra ha aumentado a seis, lo cual ha generado alarma entre la poblaci\u00f3n y las autoridades locales.<\/p>\n<p style=\"text-align: justify;\">A pesar de este incremento, el comisario \u00cdtalo Todaka, jefe de la Brigada de Homicidios Coyhaique, advierte que a\u00fan es prematuro sacar conclusiones definitivas sobre si Ays\u00e9n se ha vuelto una regi\u00f3n m\u00e1s peligrosa. \u00abSer\u00eda necesario esperar hasta diciembre para realizar un balance completo y compararlo con el a\u00f1o anterior\u00bb, indic\u00f3, sugiriendo que un an\u00e1lisis a medio a\u00f1o no proporciona una imagen completa de la situaci\u00f3n.<\/p>\n<p style=\"text-align: justify;\">Sin embargo, seg\u00fan el comisario, si se puede hablar de un aumento considerable en la violencia de los hechos, evidenciada en la cantidad y severidad de las lesiones en los cuerpos. \u00abNo es lo mismo tener un cuerpo con una herida cortante que encontrar tres homicidios con cuerpos que presentan lesiones cortantes significativas\u00bb, explic\u00f3. Este patr\u00f3n de violencia creciente es una se\u00f1al inquietante para las autoridades que investigan estos cr\u00edmenes.<\/p>\n<p style=\"text-align: justify;\">Un factor que, seg\u00fan las investigaciones realizadas por los detectives de la brigada, es recurrente en estos homicidios, es el consumo de alcohol presente en casi todos los casos registrados. Este elemento ha actuado como un catalizador, tanto para los perpetradores como para las v\u00edctimas, seg\u00fan el comisario. Adem\u00e1s, la mayor\u00eda de estos homicidios han sido cometidos con armas cortantes, un m\u00e9todo com\u00fan en la regi\u00f3n debido a factores culturales y sociales.<\/p>\n<p style=\"text-align: justify;\">A pesar del aumento en los homicidios, el jefe de la Brigada de Homicidios subray\u00f3 que no se ha detectado la presencia de crimen organizado o bandas criminales ligadas a delitos de este tipo en la regi\u00f3n. \u00abAqu\u00ed no estamos en presencia de bandas que se dedican a este delito o crimen organizado. Los homicidios est\u00e1n relacionados m\u00e1s bien a v\u00ednculos de parentesco, conocidos o rencillas anteriores\u00bb, afirm\u00f3. Esta diferenciaci\u00f3n es crucial para entender el contexto y la naturaleza de los homicidios en Ays\u00e9n.<\/p>\n<p style=\"text-align: justify;\">Entre los casos m\u00e1s recientes y destacados se encuentran el parricidio en Chile Chico y el incidente relacionado con los hijos de Nabila Rifo. Ambos casos comparten similitudes en la din\u00e1mica de los hechos, donde las v\u00edctimas, bajo la influencia del alcohol, se acercan a domicilios para enfrentar a sus parejas y son atacadas por los hijos de estas en defensa de sus madres. En el caso de Chile Chico, el homicidio se clasifica como parricidio debido a la relaci\u00f3n biol\u00f3gica entre la v\u00edctima y el perpetrador, mientras que en el caso de Rifo, la falta de v\u00ednculo biol\u00f3gico lo clasifica como homicidio.<\/p>\n<p style=\"text-align: justify;\">Investigar homicidios en la regi\u00f3n de Ays\u00e9n presenta desaf\u00edos adicionales debido a las distancias, el clima y la idiosincrasia local. El comisario se\u00f1al\u00f3 que estos factores complican a\u00fan m\u00e1s las ya complejas investigaciones del \u00e1rea, pero la PDI contin\u00faa trabajando diligentemente para resolver estos casos y mantener la seguridad en la regi\u00f3n.<\/p>\n<\/div><\/section><\/div><div  style='height:50px' class='hr hr-invisible   avia-builder-el-6  el_after_av_one_full  el_before_av_social_share '><span class='hr-inner ' ><span class='hr-inner-style'><\/span><\/span><\/div><\/p>\n<div  class='av-social-sharing-box  avia-builder-el-7  el_after_av_hr  el_before_av_hr  '><div class='av-share-box'><h5 class='av-share-link-description av-no-toc '>Compartir esta noticia<\/h5><ul class='av-share-box-list noLightbox'><li class='av-share-link av-social-link-facebook' ><a target=\"_blank\" aria-label=\"Compartir en Facebook\" href='https:\/\/www.facebook.com\/sharer.php?u=https:\/\/radiorevelacionfm.cl\/?p=43186&#038;t=Preocupa%20aumento%20de%20homicidios%20en%20Ays%C3%A9n%2C%20tendr%C3%ADan%20como%20factor%20com%C3%BAn%20el%20alto%20consumo%20de%20alcohol' aria-hidden='false' data-av_icon='\ue8f3' data-av_iconfont='entypo-fontello' title='' data-avia-related-tooltip='Compartir en Facebook' rel=\"noopener\"><span class='avia_hidden_link_text'>Compartir en Facebook<\/span><\/a><\/li><li class='av-share-link av-social-link-twitter' ><a target=\"_blank\" aria-label=\"Compartir en Twitter\" href='https:\/\/twitter.com\/share?text=Preocupa%20aumento%20de%20homicidios%20en%20Ays%C3%A9n%2C%20tendr%C3%ADan%20como%20factor%20com%C3%BAn%20el%20alto%20consumo%20de%20alcohol&#038;url=https:\/\/radiorevelacionfm.cl\/?p=43186' aria-hidden='false' data-av_icon='\ue8f1' data-av_iconfont='entypo-fontello' title='' data-avia-related-tooltip='Compartir en Twitter' rel=\"noopener\"><span class='avia_hidden_link_text'>Compartir en Twitter<\/span><\/a><\/li><li class='av-share-link av-social-link-whatsapp' ><a target=\"_blank\" aria-label=\"Compartir en Whatsapp\" href='https:\/\/api.whatsapp.com\/send?text=https:\/\/radiorevelacionfm.cl\/?p=43186' aria-hidden='false' data-av_icon='\uf232' data-av_iconfont='entypo-fontello' title='' data-avia-related-tooltip='Compartir en Whatsapp' rel=\"noopener\"><span class='avia_hidden_link_text'>Compartir en Whatsapp<\/span><\/a><\/li><li class='av-share-link av-social-link-linkedin' ><a target=\"_blank\" aria-label=\"Compartir en LinkedIn\" href='https:\/\/linkedin.com\/shareArticle?mini=true&#038;title=Preocupa%20aumento%20de%20homicidios%20en%20Ays%C3%A9n%2C%20tendr%C3%ADan%20como%20factor%20com%C3%BAn%20el%20alto%20consumo%20de%20alcohol&#038;url=https:\/\/radiorevelacionfm.cl\/?p=43186' aria-hidden='false' data-av_icon='\ue8fc' data-av_iconfont='entypo-fontello' title='' data-avia-related-tooltip='Compartir en LinkedIn' rel=\"noopener\"><span class='avia_hidden_link_text'>Compartir en LinkedIn<\/span><\/a><\/li><li class='av-share-link av-social-link-mail' ><a  aria-label=\"Compartir por correo\" href='mailto:?subject=Preocupa%20aumento%20de%20homicidios%20en%20Ays%C3%A9n%2C%20tendr%C3%ADan%20como%20factor%20com%C3%BAn%20el%20alto%20consumo%20de%20alcohol&#038;body=https:\/\/radiorevelacionfm.cl\/?p=43186' aria-hidden='false' data-av_icon='\ue805' data-av_iconfont='entypo-fontello' title='' data-avia-related-tooltip='Compartir por correo'><span class='avia_hidden_link_text'>Compartir por correo<\/span><\/a><\/li><\/ul><\/div><\/div>\n<div  style='height:50px' class='hr hr-invisible   avia-builder-el-8  el_after_av_social_share  el_before_av_comments_list '><span class='hr-inner ' ><span class='hr-inner-style'><\/span><\/span><\/div>\n<div  class='av-buildercomment  av-blog-meta-html-info-disabled av-blog-meta-tag-disabled  '><\/div>\n","protected":false},"excerpt":{"rendered":"","protected":false},"author":1,"featured_media":43187,"comment_status":"open","ping_status":"open","sticky":false,"template":"","format":"standard","meta":{"footnotes":""},"categories":[36],"tags":[],"class_list":["post-43186","post","type-post","status-publish","format-standard","has-post-thumbnail","hentry","category-policial"],"jetpack_featured_media_url":"https:\/\/radiorevelacionfm.cl\/wp-content\/uploads\/2024\/06\/referencial-ss-bh-lacrim-1_optimized.jpeg","_links":{"self":[{"href":"https:\/\/radiorevelacionfm.cl\/index.php?rest_route=\/wp\/v2\/posts\/43186","targetHints":{"allow":["GET"]}}],"collection":[{"href":"https:\/\/radiorevelacionfm.cl\/index.php?rest_route=\/wp\/v2\/posts"}],"about":[{"href":"https:\/\/radiorevelacionfm.cl\/index.php?rest_route=\/wp\/v2\/types\/post"}],"author":[{"embeddable":true,"href":"https:\/\/radiorevelacionfm.cl\/index.php?rest_route=\/wp\/v2\/users\/1"}],"replies":[{"embeddable":true,"href":"https:\/\/radiorevelacionfm.cl\/index.php?rest_route=%2Fwp%2Fv2%2Fcomments&post=43186"}],"version-history":[{"count":1,"href":"https:\/\/radiorevelacionfm.cl\/index.php?rest_route=\/wp\/v2\/posts\/43186\/revisions"}],"predecessor-version":[{"id":43188,"href":"https:\/\/radiorevelacionfm.cl\/index.php?rest_route=\/wp\/v2\/posts\/43186\/revisions\/43188"}],"wp:featuredmedia":[{"embeddable":true,"href":"https:\/\/radiorevelacionfm.cl\/index.php?rest_route=\/wp\/v2\/media\/43187"}],"wp:attachment":[{"href":"https:\/\/radiorevelacionfm.cl\/index.php?rest_route=%2Fwp%2Fv2%2Fmedia&parent=43186"}],"wp:term":[{"taxonomy":"category","embeddable":true,"href":"https:\/\/radiorevelacionfm.cl\/index.php?rest_route=%2Fwp%2Fv2%2Fcategories&post=43186"},{"taxonomy":"post_tag","embeddable":true,"href":"https:\/\/radiorevelacionfm.cl\/index.php?rest_route=%2Fwp%2Fv2%2Ftags&post=43186"}],"curies":[{"name":"wp","href":"https:\/\/api.w.org\/{rel}","templated":true}]}}