{"id":43183,"date":"2024-06-13T15:52:31","date_gmt":"2024-06-13T18:52:31","guid":{"rendered":"https:\/\/radiorevelacionfm.cl\/?p=43183"},"modified":"2024-06-13T15:52:31","modified_gmt":"2024-06-13T18:52:31","slug":"autoridades-realizan-levantamiento-de-necesidades-en-capacitacion-y-certificacion-en-minera-pacifico-sur-de-alto-manihuales","status":"publish","type":"post","link":"https:\/\/radiorevelacionfm.cl\/?p=43183","title":{"rendered":"Autoridades realizan levantamiento de necesidades en capacitaci\u00f3n y certificaci\u00f3n en Minera Pac\u00edfico Sur de Alto Ma\u00f1ihuales"},"content":{"rendered":"<div class=\"flex_column av_one_full  flex_column_div av-zero-column-padding first  avia-builder-el-0  el_before_av_one_full  avia-builder-el-first  \" style='border-radius:0px; '><div  class='avia-image-container  av-styling-    avia-builder-el-1  avia-builder-el-no-sibling  avia-align-center '  itemprop=\"image\" itemscope=\"itemscope\" itemtype=\"https:\/\/schema.org\/ImageObject\"  ><div class='avia-image-container-inner'><div class='avia-image-overlay-wrap'><img decoding=\"async\" class='wp-image-43184 avia-img-lazy-loading-not-43184 avia_image' src=\"https:\/\/radiorevelacionfm.cl\/wp-content\/uploads\/2024\/06\/minera-pacifico-4-1_optimized-1.jpg\" alt='' title='minera-pacifico-4-(1)_optimized (1)' height=\"600\" width=\"1067\"  itemprop=\"thumbnailUrl\" srcset=\"https:\/\/radiorevelacionfm.cl\/wp-content\/uploads\/2024\/06\/minera-pacifico-4-1_optimized-1.jpg 1067w, https:\/\/radiorevelacionfm.cl\/wp-content\/uploads\/2024\/06\/minera-pacifico-4-1_optimized-1-300x169.jpg 300w, https:\/\/radiorevelacionfm.cl\/wp-content\/uploads\/2024\/06\/minera-pacifico-4-1_optimized-1-1030x579.jpg 1030w, https:\/\/radiorevelacionfm.cl\/wp-content\/uploads\/2024\/06\/minera-pacifico-4-1_optimized-1-768x432.jpg 768w, https:\/\/radiorevelacionfm.cl\/wp-content\/uploads\/2024\/06\/minera-pacifico-4-1_optimized-1-705x396.jpg 705w, https:\/\/radiorevelacionfm.cl\/wp-content\/uploads\/2024\/06\/minera-pacifico-4-1_optimized-1-450x253.jpg 450w, https:\/\/radiorevelacionfm.cl\/wp-content\/uploads\/2024\/06\/minera-pacifico-4-1_optimized-1-600x337.jpg 600w\" sizes=\"(max-width: 1067px) 100vw, 1067px\" \/><\/div><\/div><\/div><\/div><div class=\"flex_column av_one_full  flex_column_div av-zero-column-padding first  avia-builder-el-2  el_after_av_one_full  el_before_av_one_full  column-top-margin\" style='border-radius:0px; '><section class=\"av_textblock_section \"  itemscope=\"itemscope\" itemtype=\"https:\/\/schema.org\/BlogPosting\" itemprop=\"blogPost\" ><div class='avia_textblock  '   itemprop=\"text\" ><p dir=\"ltr\" style=\"text-align: center;\"><strong><span style=\"font-size: 18pt;\">Autoridades realizan levantamiento de necesidades en capacitaci\u00f3n y certificaci\u00f3n en Minera Pac\u00edfico Sur de Alto Ma\u00f1ihuales<\/span><\/strong><\/p>\n<div id=\"gtx-trans\" style=\"position: absolute; left: -50px; top: 4.31534px;\">\n<div class=\"gtx-trans-icon\"><\/div>\n<\/div>\n<\/div><\/section><\/div><div class=\"flex_column av_one_full  flex_column_div av-zero-column-padding first  avia-builder-el-4  el_after_av_one_full  el_before_av_hr  column-top-margin\" style='border-radius:0px; '><section class=\"av_textblock_section \"  itemscope=\"itemscope\" itemtype=\"https:\/\/schema.org\/BlogPosting\" itemprop=\"blogPost\" ><div class='avia_textblock  '   itemprop=\"text\" ><p dir=\"ltr\" style=\"text-align: justify;\">Con la finalidad de discutir las brechas existentes y las oportunidades de capacitaci\u00f3n y certificaci\u00f3n en el sector minero regional, adem\u00e1s de explorar posibles sinergias entre las instituciones presentes para fortalecer el sector a trav\u00e9s de alianzas p\u00fablico-privadas, se realiz\u00f3 una reuni\u00f3n en las dependencias de la\u00a0Minera Sociedad Pac\u00edfico del Sur, ubicada en Alto Ma\u00f1ihuales.<\/p>\n<p dir=\"ltr\" style=\"text-align: justify;\">A la actividad, liderada por el Seremi de Miner\u00eda de Ays\u00e9n, Juan V\u00e1squez Alarc\u00f3n, asisti\u00f3 adem\u00e1s el Seremi de Trabajo y Previsi\u00f3n Social, Rodrigo D\u00edaz Cordaro; Nelson Garrido, Director Regional de Sence; Rodrigo Moreno, Coordinador Regional ChileValora; Carlo Ghisoni, Director de Educaci\u00f3n Continua de Inacap Coyhaique y el Gerente General de Minera Sociedad Pac\u00edfico SPA, Jose Quiroga Fica y un representante del Comite Paritario de la empresa.<\/p>\n<p dir=\"ltr\" style=\"text-align: justify;\">Al respecto, el Seremi de Miner\u00eda de Ays\u00e9n, Juan V\u00e1squez Alarc\u00f3n, explic\u00f3 la importancia para el sector minero regional de esta instancia de di\u00e1logo con la empresa ubicada en Alto Ma\u00f1ihuales. \u00abEstamos reforzando nuestra presencia en el territorio de manera colaborativa con el Secretario Regional Ministerial del Trabajo y tuvimos una reuni\u00f3n con la Minera Sociedad Pac\u00edfico en la cual abordamos las brechas de capacitaci\u00f3n que existen en el sector minero. Hoy d\u00eda podemos dar cuenta de que la fuerza laboral en el mundo de la miner\u00eda tiene que tener una profesionalizaci\u00f3n, por tanto, estuvimos conversando con la oferta program\u00e1tica del SenCe de Chilevalora y tambi\u00e9n tuvimos la gentileza de que nos acompa\u00f1ara del Centro de Formaci\u00f3n T\u00e9cnica Inacap. Vamos a idear un plan de trabajo durante este segundo semestre el cual nos permitir\u00e1 hacernos cargo de estas brechas y generar una mayor mano de obra calificada para la miner\u00eda de la Regi\u00f3n de Ays\u00e9n\u00bb, explic\u00f3.<\/p>\n<p dir=\"ltr\" style=\"text-align: justify;\">Por su parte, el Seremi de Trabajo y Previsi\u00f3n Social, Rodrigo Diaz Cordaro, se refiri\u00f3 al rol de esta cartera en la mesa de trabajo realizada. \u00abTuvimos una reuni\u00f3n muy provechosa para nosotros como Ministerio del Trabajo y de parte del Gobierno del Presidente Boric, hoy d\u00eda con el Seremi de Miner\u00eda y adem\u00e1s con el Director Regional de Sence y el Coordinador Regional de Chilevalora y tambi\u00e9n Inacap. Conversamos desde el punto de vista laboral, que es lo que nos compete a nosotros, sobre c\u00f3mo mejorar y c\u00f3mo crear un di\u00e1logo social tripartito donde est\u00e9 la empresa, nosotros y los trabajadores, para poder avanzar as\u00ed efectivamente en satisfacer necesidades de capacitaci\u00f3n y certificaci\u00f3n y que eso redunde en una buena pol\u00edtica de Salud y Seguridad en el Trabajo. La verdad es que nos retiramos satisfechos y contentos y esperamos seguir avanzando en la seguridad de los trabajadores y tambi\u00e9n aportando a la productividad de las empresas\u00bb, se\u00f1al\u00f3 la autoridad.<\/p>\n<p dir=\"ltr\" style=\"text-align: justify;\">El Gerente General de Minera Sociedad Pac\u00edfico SPA, Jose Quiroga Fica, valor\u00f3 la instancia de trabajo realizada. \u00abEl balance fue sumamente provechoso en todo aspecto ya sea con la gente de la Seremi del Trabajo, con el Sence y con Chilevalora. Nos aterrizaron mucha informaci\u00f3n que para nosotros es sumamente valiosa de c\u00f3mo poder concretar y poder ir en apoyo al trabajo y mejorar el tema de la certificaci\u00f3n de las competencias de los 330 trabajadores que se desempe\u00f1an con nosotros. Estamos muy agradecidos del Seremi de Miner\u00eda, que en este caso gracias a \u00e9l se pudo concretar esta mesa, y volver a insistir que es sumamente importante para nosotros como empresa poder dar un plus en lo que respecta a las competencias de los trabajadores, especialmente ac\u00e1 en la regi\u00f3n que por un tema de log\u00edstica, todo cuesta un poquito m\u00e1s y en esto ser concreto, en el sentido de entregar una herramienta m\u00e1s a nuestros trabajadores, que ya sea para que la utilicen con nosotros o una herramienta m\u00e1s en otro \u00e1mbito laboral\u00bb, enfatiz\u00f3.<\/p>\n<p dir=\"ltr\" style=\"text-align: justify;\">Finalmente, cabe se\u00f1alar que dentro de los acuerdos de la mesa p\u00fablico privada, se establecer\u00e1 un calendario para futuras reuniones y seguimientos de compromisos por parte de las instituciones para avanzar en las propuestas discutidas.<\/p>\n<\/div><\/section><\/div><div  style='height:50px' class='hr hr-invisible   avia-builder-el-6  el_after_av_one_full  el_before_av_social_share '><span class='hr-inner ' ><span class='hr-inner-style'><\/span><\/span><\/div><\/p>\n<div  class='av-social-sharing-box  avia-builder-el-7  el_after_av_hr  el_before_av_hr  '><div class='av-share-box'><h5 class='av-share-link-description av-no-toc '>Compartir esta noticia<\/h5><ul class='av-share-box-list noLightbox'><li class='av-share-link av-social-link-facebook' ><a target=\"_blank\" aria-label=\"Compartir en Facebook\" href='https:\/\/www.facebook.com\/sharer.php?u=https:\/\/radiorevelacionfm.cl\/?p=43183&#038;t=Autoridades%20realizan%20levantamiento%20de%20necesidades%20en%20capacitaci%C3%B3n%20y%20certificaci%C3%B3n%20en%20Minera%20Pac%C3%ADfico%20Sur%20de%20Alto%20Ma%C3%B1ihuales' aria-hidden='false' data-av_icon='\ue8f3' data-av_iconfont='entypo-fontello' title='' data-avia-related-tooltip='Compartir en Facebook' rel=\"noopener\"><span class='avia_hidden_link_text'>Compartir en Facebook<\/span><\/a><\/li><li class='av-share-link av-social-link-twitter' ><a target=\"_blank\" aria-label=\"Compartir en Twitter\" href='https:\/\/twitter.com\/share?text=Autoridades%20realizan%20levantamiento%20de%20necesidades%20en%20capacitaci%C3%B3n%20y%20certificaci%C3%B3n%20en%20Minera%20Pac%C3%ADfico%20Sur%20de%20Alto%20Ma%C3%B1ihuales&#038;url=https:\/\/radiorevelacionfm.cl\/?p=43183' aria-hidden='false' data-av_icon='\ue8f1' data-av_iconfont='entypo-fontello' title='' data-avia-related-tooltip='Compartir en Twitter' rel=\"noopener\"><span class='avia_hidden_link_text'>Compartir en Twitter<\/span><\/a><\/li><li class='av-share-link av-social-link-whatsapp' ><a target=\"_blank\" aria-label=\"Compartir en Whatsapp\" href='https:\/\/api.whatsapp.com\/send?text=https:\/\/radiorevelacionfm.cl\/?p=43183' aria-hidden='false' data-av_icon='\uf232' data-av_iconfont='entypo-fontello' title='' data-avia-related-tooltip='Compartir en Whatsapp' rel=\"noopener\"><span class='avia_hidden_link_text'>Compartir en Whatsapp<\/span><\/a><\/li><li class='av-share-link av-social-link-linkedin' ><a target=\"_blank\" aria-label=\"Compartir en LinkedIn\" href='https:\/\/linkedin.com\/shareArticle?mini=true&#038;title=Autoridades%20realizan%20levantamiento%20de%20necesidades%20en%20capacitaci%C3%B3n%20y%20certificaci%C3%B3n%20en%20Minera%20Pac%C3%ADfico%20Sur%20de%20Alto%20Ma%C3%B1ihuales&#038;url=https:\/\/radiorevelacionfm.cl\/?p=43183' aria-hidden='false' data-av_icon='\ue8fc' data-av_iconfont='entypo-fontello' title='' data-avia-related-tooltip='Compartir en LinkedIn' rel=\"noopener\"><span class='avia_hidden_link_text'>Compartir en LinkedIn<\/span><\/a><\/li><li class='av-share-link av-social-link-mail' ><a  aria-label=\"Compartir por correo\" href='mailto:?subject=Autoridades%20realizan%20levantamiento%20de%20necesidades%20en%20capacitaci%C3%B3n%20y%20certificaci%C3%B3n%20en%20Minera%20Pac%C3%ADfico%20Sur%20de%20Alto%20Ma%C3%B1ihuales&#038;body=https:\/\/radiorevelacionfm.cl\/?p=43183' aria-hidden='false' data-av_icon='\ue805' data-av_iconfont='entypo-fontello' title='' data-avia-related-tooltip='Compartir por correo'><span class='avia_hidden_link_text'>Compartir por correo<\/span><\/a><\/li><\/ul><\/div><\/div>\n<div  style='height:50px' class='hr hr-invisible   avia-builder-el-8  el_after_av_social_share  el_before_av_comments_list '><span class='hr-inner ' ><span class='hr-inner-style'><\/span><\/span><\/div>\n<div  class='av-buildercomment  av-blog-meta-html-info-disabled av-blog-meta-tag-disabled  '><\/div>\n","protected":false},"excerpt":{"rendered":"","protected":false},"author":1,"featured_media":43184,"comment_status":"open","ping_status":"open","sticky":false,"template":"","format":"standard","meta":{"footnotes":""},"categories":[56],"tags":[],"class_list":["post-43183","post","type-post","status-publish","format-standard","has-post-thumbnail","hentry","category-trabajo"],"jetpack_featured_media_url":"https:\/\/radiorevelacionfm.cl\/wp-content\/uploads\/2024\/06\/minera-pacifico-4-1_optimized-1.jpg","_links":{"self":[{"href":"https:\/\/radiorevelacionfm.cl\/index.php?rest_route=\/wp\/v2\/posts\/43183","targetHints":{"allow":["GET"]}}],"collection":[{"href":"https:\/\/radiorevelacionfm.cl\/index.php?rest_route=\/wp\/v2\/posts"}],"about":[{"href":"https:\/\/radiorevelacionfm.cl\/index.php?rest_route=\/wp\/v2\/types\/post"}],"author":[{"embeddable":true,"href":"https:\/\/radiorevelacionfm.cl\/index.php?rest_route=\/wp\/v2\/users\/1"}],"replies":[{"embeddable":true,"href":"https:\/\/radiorevelacionfm.cl\/index.php?rest_route=%2Fwp%2Fv2%2Fcomments&post=43183"}],"version-history":[{"count":1,"href":"https:\/\/radiorevelacionfm.cl\/index.php?rest_route=\/wp\/v2\/posts\/43183\/revisions"}],"predecessor-version":[{"id":43185,"href":"https:\/\/radiorevelacionfm.cl\/index.php?rest_route=\/wp\/v2\/posts\/43183\/revisions\/43185"}],"wp:featuredmedia":[{"embeddable":true,"href":"https:\/\/radiorevelacionfm.cl\/index.php?rest_route=\/wp\/v2\/media\/43184"}],"wp:attachment":[{"href":"https:\/\/radiorevelacionfm.cl\/index.php?rest_route=%2Fwp%2Fv2%2Fmedia&parent=43183"}],"wp:term":[{"taxonomy":"category","embeddable":true,"href":"https:\/\/radiorevelacionfm.cl\/index.php?rest_route=%2Fwp%2Fv2%2Fcategories&post=43183"},{"taxonomy":"post_tag","embeddable":true,"href":"https:\/\/radiorevelacionfm.cl\/index.php?rest_route=%2Fwp%2Fv2%2Ftags&post=43183"}],"curies":[{"name":"wp","href":"https:\/\/api.w.org\/{rel}","templated":true}]}}