{"id":43180,"date":"2024-06-13T18:00:39","date_gmt":"2024-06-13T21:00:39","guid":{"rendered":"https:\/\/radiorevelacionfm.cl\/?p=43180"},"modified":"2024-06-13T18:00:39","modified_gmt":"2024-06-13T21:00:39","slug":"realizan-seminario-por-dia-mundial-de-los-oceanos-navegando-hacia-un-futuro-resiliente","status":"publish","type":"post","link":"https:\/\/radiorevelacionfm.cl\/?p=43180","title":{"rendered":"Realizan Seminario por D\u00eda Mundial de los Oc\u00e9anos: \u201cNavegando hacia un futuro resiliente\u201d"},"content":{"rendered":"<div class=\"flex_column av_one_full  flex_column_div av-zero-column-padding first  avia-builder-el-0  el_before_av_one_full  avia-builder-el-first  \" style='border-radius:0px; '><div  class='avia-image-container  av-styling-    avia-builder-el-1  avia-builder-el-no-sibling  avia-align-center '  itemprop=\"image\" itemscope=\"itemscope\" itemtype=\"https:\/\/schema.org\/ImageObject\"  ><div class='avia-image-container-inner'><div class='avia-image-overlay-wrap'><img decoding=\"async\" class='wp-image-43181 avia-img-lazy-loading-not-43181 avia_image' src=\"https:\/\/radiorevelacionfm.cl\/wp-content\/uploads\/2024\/06\/img_7392-1_optimized-1.jpg\" alt='' title='img_7392-(1)_optimized (1)' height=\"600\" width=\"1314\"  itemprop=\"thumbnailUrl\" srcset=\"https:\/\/radiorevelacionfm.cl\/wp-content\/uploads\/2024\/06\/img_7392-1_optimized-1.jpg 1314w, https:\/\/radiorevelacionfm.cl\/wp-content\/uploads\/2024\/06\/img_7392-1_optimized-1-300x137.jpg 300w, https:\/\/radiorevelacionfm.cl\/wp-content\/uploads\/2024\/06\/img_7392-1_optimized-1-1030x470.jpg 1030w, https:\/\/radiorevelacionfm.cl\/wp-content\/uploads\/2024\/06\/img_7392-1_optimized-1-768x351.jpg 768w, https:\/\/radiorevelacionfm.cl\/wp-content\/uploads\/2024\/06\/img_7392-1_optimized-1-705x322.jpg 705w, https:\/\/radiorevelacionfm.cl\/wp-content\/uploads\/2024\/06\/img_7392-1_optimized-1-450x205.jpg 450w, https:\/\/radiorevelacionfm.cl\/wp-content\/uploads\/2024\/06\/img_7392-1_optimized-1-600x274.jpg 600w\" sizes=\"(max-width: 1314px) 100vw, 1314px\" \/><\/div><\/div><\/div><\/div><div class=\"flex_column av_one_full  flex_column_div av-zero-column-padding first  avia-builder-el-2  el_after_av_one_full  el_before_av_one_full  column-top-margin\" style='border-radius:0px; '><section class=\"av_textblock_section \"  itemscope=\"itemscope\" itemtype=\"https:\/\/schema.org\/BlogPosting\" itemprop=\"blogPost\" ><div class='avia_textblock  '   itemprop=\"text\" ><p style=\"text-align: center;\"><span style=\"font-size: 18pt;\"><strong>Realizan Seminario por D\u00eda Mundial de los Oc\u00e9anos: \u201cNavegando hacia un futuro resiliente\u201d<\/strong><\/span><\/p>\n<div id=\"gtx-trans\" style=\"position: absolute; left: -50px; top: 4.31534px;\">\n<div class=\"gtx-trans-icon\"><\/div>\n<\/div>\n<\/div><\/section><\/div><div class=\"flex_column av_one_full  flex_column_div av-zero-column-padding first  avia-builder-el-4  el_after_av_one_full  el_before_av_hr  column-top-margin\" style='border-radius:0px; '><section class=\"av_textblock_section \"  itemscope=\"itemscope\" itemtype=\"https:\/\/schema.org\/BlogPosting\" itemprop=\"blogPost\" ><div class='avia_textblock  '   itemprop=\"text\" ><p style=\"text-align: justify;\">En Puerto Ays\u00e9n y gracias al trabajo coordinado de la Seremi de Medio Ambiente, Gobernaci\u00f3n Mar\u00edtima de Ays\u00e9n y el Centro de Investigaci\u00f3n y Estudios de la Patagonia (CIEP), se llev\u00f3 a cabo el seminario \u201cNavegando hacia un futuro resiliente\u201d en el marco de la celebraci\u00f3n del D\u00eda Internacional de los Oc\u00e9anos.<\/p>\n<p style=\"text-align: justify;\">Las Naciones Unidas establecieron el D\u00eda Mundial de los Oc\u00e9anos con el objetivo de informar del impacto que generamos los humanos sobre los oc\u00e9anos y, adem\u00e1s, generar una mayor consciencia sobre su importancia, a fin de impulsar un movimiento mundial que invita a realizar una gesti\u00f3n sostenible de los mares que nos rodean \u201clo que queremos es poner justamente en valor la importancia de la protecci\u00f3n de los oc\u00e9anos y todo lo que este nos contribuye como sociedad, como regi\u00f3n, como como naci\u00f3n. Considerando que nuestro pa\u00eds es esencialmente mar\u00edtimo, como tambi\u00e9n la instituci\u00f3n, la Armada de Chile aporta en este cuidado y protecci\u00f3n desde distintas ventanas de la actividad naval para poder dar el resguardo a este importante elemento, nuestro oc\u00e9ano\u201d, recalc\u00f3 Gobernador Mar\u00edtimo de Ays\u00e9n, Mario Besoain.<\/p>\n<p style=\"text-align: justify;\">La actividad, que convoc\u00f3 a p\u00fablico en general, busc\u00f3 mediante una serie de presentaciones y conversatorio, resaltar el trabajo realizado en la regi\u00f3n de Ays\u00e9n enfocado desde la academia y la pol\u00edtica p\u00fablica, mediante las presentaciones \u201cOc\u00e9ano, conservaci\u00f3n y Futuro\u201d, del Seremi del medio Ambiente, Yoal D\u00edaz, quien abord\u00f3 las implicancias de la implementaci\u00f3n del Servicio de Biodiversidad y \u00e1reas protegidas SBAP en la protecci\u00f3n del maritorio \u201clos desaf\u00edos en el mar son m\u00faltiples y ahora tenemos la posibilidad de generar una nueva institucionalidad que estamos implementando como Ministerio, que tiene que ver con el rol que va a tener el SBAP y tambi\u00e9n c\u00f3mo esto se relaciona con la gesti\u00f3n del monitoreo que se est\u00e1 llevando en Ays\u00e9n, particularmente poniendo el foco en lo que tenemos como \u00e1reas de conservaci\u00f3n de m\u00faltiples usos. Pero creo que aqu\u00ed hay un tambi\u00e9n una tremenda oportunidad del trabajo colaborativo junto a otras instituciones, que permite tambi\u00e9n mirar esto de manera integral. Esa integralidad es uno de los desaf\u00edos que tenemos como Gobierno, para que la pol\u00edtica p\u00fablica pueda llegar a todos los rincones de la regi\u00f3n de Ays\u00e9n\u201d.<\/p>\n<p style=\"text-align: justify;\">Desde el CIEP, la Profesional de Gesti\u00f3n Territorial y transferencia de la l\u00ednea pesca artesanal, Carolina Castro,\u00a0 expuso \u201cPercepciones de las pesquer\u00edas bent\u00f3nicas en Ays\u00e9n: Abordando nuevos desaf\u00edos desde las comunidades litorales \u201c Tuvimos la oportunidad de conversar con investigadores, de traer temas para conversar en comunidad, temas que tienen que ver sobre el Estado con los sistemas marinos, el estado de las pesquer\u00edas, preguntas de investigaci\u00f3n que son relevadas finalmente de los territorios y que nosotros, desde el punto de vista de la investigaci\u00f3n, tratamos de afrontar con la rigurosidad cient\u00edfica que merecen estos temas\u201d, explic\u00f3\u00a0 el Subdirector de Vinculaci\u00f3n y Transferencia del Centro de Investigaci\u00f3n Ecosistema de la Patagonia, Alexis Catal\u00e1n.<\/p>\n<p style=\"text-align: justify;\">As\u00ed tambi\u00e9n desde el Instituto de fomento pesquero IFOP, compartieron \u201cLabores del IFOP para la conservaci\u00f3n del Mar de Ays\u00e9n\u201d, donde la Jefa IFOP Ays\u00e9n, Alejandra Laf\u00f3n, destac\u00f3 la importancia de contar con una base de datos sostenida en el tiempo que permita observar la evoluci\u00f3n de ellos ecosistemas para as\u00ed brindar una mero asesor\u00eda mediante la investigaci\u00f3n\u00a0 \u201ctanto para el mundo como para nuestro pa\u00eds, el mar, los oc\u00e9anos en general, tiene una importancia tremenda, desde muchos puntos de vista, de la parte social, de la vida de los pobladores, de los pescadores, tambi\u00e9n por el resguardo alimentario, seguridad alimentaria, todo el potencial que tenemos en los organismos marinos y eso es maravilloso, pero hay que administrarlos, conocerlos y estudiarlos para poder desarrollar acciones de manejo\u201d.<\/p>\n<p style=\"text-align: justify;\">Durante la actividad, adem\u00e1s se hizo entrega oficial a la Gobernaci\u00f3n Mar\u00edtima de Ays\u00e9n una serie de afiches en formato FOMEX y tr\u00edpticos informativos del \u00c1rea de Conservaci\u00f3n de M\u00faltiples Usos Pitipalena-A\u00f1ihue, realizados en el marco del proyecto GEF-FAO de Gobernanza Marina que est\u00e1 implementado el Ministerio del Medio Ambiente, para que puedan distribuirse en las distintas capitan\u00edas de Puerto de la regi\u00f3n y as\u00ed informar a los usuarios del maritorio sobre la ubicaci\u00f3n del ACMU, sus objetos de conservaci\u00f3n y las acciones que pueden realizar para contribuir a la protecci\u00f3n esta \u00e1rea marina.<\/p>\n<\/div><\/section><\/div><div  style='height:50px' class='hr hr-invisible   avia-builder-el-6  el_after_av_one_full  el_before_av_social_share '><span class='hr-inner ' ><span class='hr-inner-style'><\/span><\/span><\/div><\/p>\n<div  class='av-social-sharing-box  avia-builder-el-7  el_after_av_hr  el_before_av_hr  '><div class='av-share-box'><h5 class='av-share-link-description av-no-toc '>Compartir esta noticia<\/h5><ul class='av-share-box-list noLightbox'><li class='av-share-link av-social-link-facebook' ><a target=\"_blank\" aria-label=\"Compartir en Facebook\" href='https:\/\/www.facebook.com\/sharer.php?u=https:\/\/radiorevelacionfm.cl\/?p=43180&#038;t=Realizan%20Seminario%20por%20D%C3%ADa%20Mundial%20de%20los%20Oc%C3%A9anos%3A%20%E2%80%9CNavegando%20hacia%20un%20futuro%20resiliente%E2%80%9D' aria-hidden='false' data-av_icon='\ue8f3' data-av_iconfont='entypo-fontello' title='' data-avia-related-tooltip='Compartir en Facebook' rel=\"noopener\"><span class='avia_hidden_link_text'>Compartir en Facebook<\/span><\/a><\/li><li class='av-share-link av-social-link-twitter' ><a target=\"_blank\" aria-label=\"Compartir en Twitter\" href='https:\/\/twitter.com\/share?text=Realizan%20Seminario%20por%20D%C3%ADa%20Mundial%20de%20los%20Oc%C3%A9anos%3A%20%E2%80%9CNavegando%20hacia%20un%20futuro%20resiliente%E2%80%9D&#038;url=https:\/\/radiorevelacionfm.cl\/?p=43180' aria-hidden='false' data-av_icon='\ue8f1' data-av_iconfont='entypo-fontello' title='' data-avia-related-tooltip='Compartir en Twitter' rel=\"noopener\"><span class='avia_hidden_link_text'>Compartir en Twitter<\/span><\/a><\/li><li class='av-share-link av-social-link-whatsapp' ><a target=\"_blank\" aria-label=\"Compartir en Whatsapp\" href='https:\/\/api.whatsapp.com\/send?text=https:\/\/radiorevelacionfm.cl\/?p=43180' aria-hidden='false' data-av_icon='\uf232' data-av_iconfont='entypo-fontello' title='' data-avia-related-tooltip='Compartir en Whatsapp' rel=\"noopener\"><span class='avia_hidden_link_text'>Compartir en Whatsapp<\/span><\/a><\/li><li class='av-share-link av-social-link-linkedin' ><a target=\"_blank\" aria-label=\"Compartir en LinkedIn\" href='https:\/\/linkedin.com\/shareArticle?mini=true&#038;title=Realizan%20Seminario%20por%20D%C3%ADa%20Mundial%20de%20los%20Oc%C3%A9anos%3A%20%E2%80%9CNavegando%20hacia%20un%20futuro%20resiliente%E2%80%9D&#038;url=https:\/\/radiorevelacionfm.cl\/?p=43180' aria-hidden='false' data-av_icon='\ue8fc' data-av_iconfont='entypo-fontello' title='' data-avia-related-tooltip='Compartir en LinkedIn' rel=\"noopener\"><span class='avia_hidden_link_text'>Compartir en LinkedIn<\/span><\/a><\/li><li class='av-share-link av-social-link-mail' ><a  aria-label=\"Compartir por correo\" href='mailto:?subject=Realizan%20Seminario%20por%20D%C3%ADa%20Mundial%20de%20los%20Oc%C3%A9anos%3A%20%E2%80%9CNavegando%20hacia%20un%20futuro%20resiliente%E2%80%9D&#038;body=https:\/\/radiorevelacionfm.cl\/?p=43180' aria-hidden='false' data-av_icon='\ue805' data-av_iconfont='entypo-fontello' title='' data-avia-related-tooltip='Compartir por correo'><span class='avia_hidden_link_text'>Compartir por correo<\/span><\/a><\/li><\/ul><\/div><\/div>\n<div  style='height:50px' class='hr hr-invisible   avia-builder-el-8  el_after_av_social_share  el_before_av_comments_list '><span class='hr-inner ' ><span class='hr-inner-style'><\/span><\/span><\/div>\n<div  class='av-buildercomment  av-blog-meta-html-info-disabled av-blog-meta-tag-disabled  '><\/div>\n","protected":false},"excerpt":{"rendered":"","protected":false},"author":1,"featured_media":43181,"comment_status":"open","ping_status":"open","sticky":false,"template":"","format":"standard","meta":{"footnotes":""},"categories":[39],"tags":[],"class_list":["post-43180","post","type-post","status-publish","format-standard","has-post-thumbnail","hentry","category-medio-ambiente"],"jetpack_featured_media_url":"https:\/\/radiorevelacionfm.cl\/wp-content\/uploads\/2024\/06\/img_7392-1_optimized-1.jpg","_links":{"self":[{"href":"https:\/\/radiorevelacionfm.cl\/index.php?rest_route=\/wp\/v2\/posts\/43180","targetHints":{"allow":["GET"]}}],"collection":[{"href":"https:\/\/radiorevelacionfm.cl\/index.php?rest_route=\/wp\/v2\/posts"}],"about":[{"href":"https:\/\/radiorevelacionfm.cl\/index.php?rest_route=\/wp\/v2\/types\/post"}],"author":[{"embeddable":true,"href":"https:\/\/radiorevelacionfm.cl\/index.php?rest_route=\/wp\/v2\/users\/1"}],"replies":[{"embeddable":true,"href":"https:\/\/radiorevelacionfm.cl\/index.php?rest_route=%2Fwp%2Fv2%2Fcomments&post=43180"}],"version-history":[{"count":1,"href":"https:\/\/radiorevelacionfm.cl\/index.php?rest_route=\/wp\/v2\/posts\/43180\/revisions"}],"predecessor-version":[{"id":43182,"href":"https:\/\/radiorevelacionfm.cl\/index.php?rest_route=\/wp\/v2\/posts\/43180\/revisions\/43182"}],"wp:featuredmedia":[{"embeddable":true,"href":"https:\/\/radiorevelacionfm.cl\/index.php?rest_route=\/wp\/v2\/media\/43181"}],"wp:attachment":[{"href":"https:\/\/radiorevelacionfm.cl\/index.php?rest_route=%2Fwp%2Fv2%2Fmedia&parent=43180"}],"wp:term":[{"taxonomy":"category","embeddable":true,"href":"https:\/\/radiorevelacionfm.cl\/index.php?rest_route=%2Fwp%2Fv2%2Fcategories&post=43180"},{"taxonomy":"post_tag","embeddable":true,"href":"https:\/\/radiorevelacionfm.cl\/index.php?rest_route=%2Fwp%2Fv2%2Ftags&post=43180"}],"curies":[{"name":"wp","href":"https:\/\/api.w.org\/{rel}","templated":true}]}}