{"id":43177,"date":"2024-06-14T15:55:53","date_gmt":"2024-06-14T18:55:53","guid":{"rendered":"https:\/\/radiorevelacionfm.cl\/?p=43177"},"modified":"2024-06-14T15:55:53","modified_gmt":"2024-06-14T18:55:53","slug":"prochile-aysen-celebra-mayor-integracion-comercial-y-de-servicios-con-argentina","status":"publish","type":"post","link":"https:\/\/radiorevelacionfm.cl\/?p=43177","title":{"rendered":"ProChile Ays\u00e9n celebra mayor integraci\u00f3n comercial y de servicios con Argentina"},"content":{"rendered":"<div class=\"flex_column av_one_full  flex_column_div av-zero-column-padding first  avia-builder-el-0  el_before_av_one_full  avia-builder-el-first  \" style='border-radius:0px; '><div  class='avia-image-container  av-styling-    avia-builder-el-1  avia-builder-el-no-sibling  avia-align-center '  itemprop=\"image\" itemscope=\"itemscope\" itemtype=\"https:\/\/schema.org\/ImageObject\"  ><div class='avia-image-container-inner'><div class='avia-image-overlay-wrap'><img decoding=\"async\" class='wp-image-43178 avia-img-lazy-loading-not-43178 avia_image' src=\"https:\/\/radiorevelacionfm.cl\/wp-content\/uploads\/2024\/06\/Comodoro-5-1-1.jpg\" alt='' title='Comodoro 5 (1) (1)' height=\"600\" width=\"900\"  itemprop=\"thumbnailUrl\" srcset=\"https:\/\/radiorevelacionfm.cl\/wp-content\/uploads\/2024\/06\/Comodoro-5-1-1.jpg 900w, https:\/\/radiorevelacionfm.cl\/wp-content\/uploads\/2024\/06\/Comodoro-5-1-1-300x200.jpg 300w, https:\/\/radiorevelacionfm.cl\/wp-content\/uploads\/2024\/06\/Comodoro-5-1-1-768x512.jpg 768w, https:\/\/radiorevelacionfm.cl\/wp-content\/uploads\/2024\/06\/Comodoro-5-1-1-705x470.jpg 705w, https:\/\/radiorevelacionfm.cl\/wp-content\/uploads\/2024\/06\/Comodoro-5-1-1-450x300.jpg 450w, https:\/\/radiorevelacionfm.cl\/wp-content\/uploads\/2024\/06\/Comodoro-5-1-1-600x400.jpg 600w\" sizes=\"(max-width: 900px) 100vw, 900px\" \/><\/div><\/div><\/div><\/div><div class=\"flex_column av_one_full  flex_column_div av-zero-column-padding first  avia-builder-el-2  el_after_av_one_full  el_before_av_one_full  column-top-margin\" style='border-radius:0px; '><section class=\"av_textblock_section \"  itemscope=\"itemscope\" itemtype=\"https:\/\/schema.org\/BlogPosting\" itemprop=\"blogPost\" ><div class='avia_textblock  '   itemprop=\"text\" ><p style=\"text-align: center;\"><strong><span style=\"font-size: 18pt;\">ProChile Ays\u00e9n celebra mayor integraci\u00f3n comercial y de servicios con Argentina<\/span><\/strong><\/p>\n<div id=\"gtx-trans\" style=\"position: absolute; left: -50px; top: 4.31534px;\">\n<div class=\"gtx-trans-icon\"><\/div>\n<\/div>\n<\/div><\/section><\/div><div class=\"flex_column av_one_full  flex_column_div av-zero-column-padding first  avia-builder-el-4  el_after_av_one_full  el_before_av_hr  column-top-margin\" style='border-radius:0px; '><section class=\"av_textblock_section \"  itemscope=\"itemscope\" itemtype=\"https:\/\/schema.org\/BlogPosting\" itemprop=\"blogPost\" ><div class='avia_textblock  '   itemprop=\"text\" ><p style=\"text-align: justify;\">La reciente visita de una delegaci\u00f3n p\u00fablico-privada de la ciudad argentina de Comodoro Rivadavia en la regi\u00f3n de Ays\u00e9n, fue valorada por el director regional de ProChile, Jaime Poblete, quien se\u00f1al\u00f3 que se trata de \u201cun avance en la direcci\u00f3n correcta que permita contar con una mayor integraci\u00f3n comercial y de servicios entre ambas naciones\u201d.<\/p>\n<p style=\"text-align: justify;\">La misi\u00f3n trasandina estuvo encabezada por el Presidente del Ente Comodoro Turismo y el Secretario de Econom\u00eda de la Municipalidad de Comodoro Rivadavia, Fernando Barr\u00eda, quienes se reunieron con la gobernadora de Ays\u00e9n, Andrea Mac\u00edas Palma y el alcalde de Coyhaique, Carlos Gatica Villegas, as\u00ed como con los referentes de Turismo, Econom\u00eda y todas las c\u00e1maras empresariales chilenas de la Regi\u00f3n de Ays\u00e9n.<\/p>\n<p style=\"text-align: justify;\">Los resultados de estas conversaciones permitir\u00e1n que empresas de turismo de Coyhaique participen en la pr\u00f3xima Expo Turismo que se realizar\u00e1 en agosto en Comodoro Rivadavia, adem\u00e1s del compromiso de coordinar en conjunto los distintos eventos que ambas localidades desarrollen en los pr\u00f3ximos meses.<\/p>\n<p style=\"text-align: justify;\">\u201cEste es un avance tremendamente relevante, porque lo que debe interesar a ambas partes, tanto de la Regi\u00f3n de Ays\u00e9n como de la Provincia de Chubut, es atraer turistas extranjeros, incluyendo norteamericanos, europeos y tambi\u00e9n asi\u00e1ticos, interesados en conocer la Patagonia. Es as\u00ed como la oferta de destinos atractivos que tiene Argentina puede complementarse perfectamente con los atractivos del lado chileno, entregando al visitante mayores opciones de pasar unas vacaciones realmente diferentes\u201d, explic\u00f3 Poblete.<\/p>\n<p style=\"text-align: justify;\">El segundo tema que valor\u00f3 el director regional de ProChile, fue la posibilidad de una mayor complementaci\u00f3n entre las empresas del sector Industrias Creativas de ambos pa\u00edses con las invitaciones a participar en la Feria del Libro de Comodoro y en el Festival Corto Rodado, para desarrollar un circuito de actividades a ambos lados de la frontera.<\/p>\n<p style=\"text-align: justify;\">Jaime Poblete destac\u00f3 que \u201cen Ays\u00e9n tenemos a empresas de sectores audiovisual, dise\u00f1o, servicios audiovisuales, m\u00fasica, entre otros, que pueden encontrar nuevos clientes en Argentina, pero tambi\u00e9n desarrollar proyectos en conjunto con sus pares trasandinos, con miras a llegar a otros mercados de mayor tama\u00f1o\u201d.<\/p>\n<p style=\"text-align: justify;\">Finalmente, el director regional de ProChile Ays\u00e9n plante\u00f3 que \u201cesperamos poder avanzar en abrir el mercado de Argentina para los productos y servicios de nuestra regi\u00f3n, especialmente hacia la provincia de Chubut, lo que nos permitir\u00eda reducir costos log\u00edsticos y de traslado respecto a otros mercados m\u00e1s lejanos, aspecto tan relevante para las empresarias y empresarios de nuestra regi\u00f3n\u201d.<\/p>\n<\/div><\/section><\/div><div  style='height:50px' class='hr hr-invisible   avia-builder-el-6  el_after_av_one_full  el_before_av_social_share '><span class='hr-inner ' ><span class='hr-inner-style'><\/span><\/span><\/div><\/p>\n<div  class='av-social-sharing-box  avia-builder-el-7  el_after_av_hr  el_before_av_hr  '><div class='av-share-box'><h5 class='av-share-link-description av-no-toc '>Compartir esta noticia<\/h5><ul class='av-share-box-list noLightbox'><li class='av-share-link av-social-link-facebook' ><a target=\"_blank\" aria-label=\"Compartir en Facebook\" href='https:\/\/www.facebook.com\/sharer.php?u=https:\/\/radiorevelacionfm.cl\/?p=43177&#038;t=ProChile%20Ays%C3%A9n%20celebra%20mayor%20integraci%C3%B3n%20comercial%20y%20de%20servicios%20con%20Argentina' aria-hidden='false' data-av_icon='\ue8f3' data-av_iconfont='entypo-fontello' title='' data-avia-related-tooltip='Compartir en Facebook' rel=\"noopener\"><span class='avia_hidden_link_text'>Compartir en Facebook<\/span><\/a><\/li><li class='av-share-link av-social-link-twitter' ><a target=\"_blank\" aria-label=\"Compartir en Twitter\" href='https:\/\/twitter.com\/share?text=ProChile%20Ays%C3%A9n%20celebra%20mayor%20integraci%C3%B3n%20comercial%20y%20de%20servicios%20con%20Argentina&#038;url=https:\/\/radiorevelacionfm.cl\/?p=43177' aria-hidden='false' data-av_icon='\ue8f1' data-av_iconfont='entypo-fontello' title='' data-avia-related-tooltip='Compartir en Twitter' rel=\"noopener\"><span class='avia_hidden_link_text'>Compartir en Twitter<\/span><\/a><\/li><li class='av-share-link av-social-link-whatsapp' ><a target=\"_blank\" aria-label=\"Compartir en Whatsapp\" href='https:\/\/api.whatsapp.com\/send?text=https:\/\/radiorevelacionfm.cl\/?p=43177' aria-hidden='false' data-av_icon='\uf232' data-av_iconfont='entypo-fontello' title='' data-avia-related-tooltip='Compartir en Whatsapp' rel=\"noopener\"><span class='avia_hidden_link_text'>Compartir en Whatsapp<\/span><\/a><\/li><li class='av-share-link av-social-link-linkedin' ><a target=\"_blank\" aria-label=\"Compartir en LinkedIn\" href='https:\/\/linkedin.com\/shareArticle?mini=true&#038;title=ProChile%20Ays%C3%A9n%20celebra%20mayor%20integraci%C3%B3n%20comercial%20y%20de%20servicios%20con%20Argentina&#038;url=https:\/\/radiorevelacionfm.cl\/?p=43177' aria-hidden='false' data-av_icon='\ue8fc' data-av_iconfont='entypo-fontello' title='' data-avia-related-tooltip='Compartir en LinkedIn' rel=\"noopener\"><span class='avia_hidden_link_text'>Compartir en LinkedIn<\/span><\/a><\/li><li class='av-share-link av-social-link-mail' ><a  aria-label=\"Compartir por correo\" href='mailto:?subject=ProChile%20Ays%C3%A9n%20celebra%20mayor%20integraci%C3%B3n%20comercial%20y%20de%20servicios%20con%20Argentina&#038;body=https:\/\/radiorevelacionfm.cl\/?p=43177' aria-hidden='false' data-av_icon='\ue805' data-av_iconfont='entypo-fontello' title='' data-avia-related-tooltip='Compartir por correo'><span class='avia_hidden_link_text'>Compartir por correo<\/span><\/a><\/li><\/ul><\/div><\/div>\n<div  style='height:50px' class='hr hr-invisible   avia-builder-el-8  el_after_av_social_share  el_before_av_comments_list '><span class='hr-inner ' ><span class='hr-inner-style'><\/span><\/span><\/div>\n<div  class='av-buildercomment  av-blog-meta-html-info-disabled av-blog-meta-tag-disabled  '><\/div>\n","protected":false},"excerpt":{"rendered":"","protected":false},"author":1,"featured_media":43178,"comment_status":"open","ping_status":"open","sticky":false,"template":"","format":"standard","meta":{"footnotes":""},"categories":[38],"tags":[],"class_list":["post-43177","post","type-post","status-publish","format-standard","has-post-thumbnail","hentry","category-regional"],"jetpack_featured_media_url":"https:\/\/radiorevelacionfm.cl\/wp-content\/uploads\/2024\/06\/Comodoro-5-1-1.jpg","_links":{"self":[{"href":"https:\/\/radiorevelacionfm.cl\/index.php?rest_route=\/wp\/v2\/posts\/43177","targetHints":{"allow":["GET"]}}],"collection":[{"href":"https:\/\/radiorevelacionfm.cl\/index.php?rest_route=\/wp\/v2\/posts"}],"about":[{"href":"https:\/\/radiorevelacionfm.cl\/index.php?rest_route=\/wp\/v2\/types\/post"}],"author":[{"embeddable":true,"href":"https:\/\/radiorevelacionfm.cl\/index.php?rest_route=\/wp\/v2\/users\/1"}],"replies":[{"embeddable":true,"href":"https:\/\/radiorevelacionfm.cl\/index.php?rest_route=%2Fwp%2Fv2%2Fcomments&post=43177"}],"version-history":[{"count":1,"href":"https:\/\/radiorevelacionfm.cl\/index.php?rest_route=\/wp\/v2\/posts\/43177\/revisions"}],"predecessor-version":[{"id":43179,"href":"https:\/\/radiorevelacionfm.cl\/index.php?rest_route=\/wp\/v2\/posts\/43177\/revisions\/43179"}],"wp:featuredmedia":[{"embeddable":true,"href":"https:\/\/radiorevelacionfm.cl\/index.php?rest_route=\/wp\/v2\/media\/43178"}],"wp:attachment":[{"href":"https:\/\/radiorevelacionfm.cl\/index.php?rest_route=%2Fwp%2Fv2%2Fmedia&parent=43177"}],"wp:term":[{"taxonomy":"category","embeddable":true,"href":"https:\/\/radiorevelacionfm.cl\/index.php?rest_route=%2Fwp%2Fv2%2Fcategories&post=43177"},{"taxonomy":"post_tag","embeddable":true,"href":"https:\/\/radiorevelacionfm.cl\/index.php?rest_route=%2Fwp%2Fv2%2Ftags&post=43177"}],"curies":[{"name":"wp","href":"https:\/\/api.w.org\/{rel}","templated":true}]}}