{"id":43174,"date":"2024-06-13T10:57:47","date_gmt":"2024-06-13T13:57:47","guid":{"rendered":"https:\/\/radiorevelacionfm.cl\/?p=43174"},"modified":"2024-06-13T10:57:47","modified_gmt":"2024-06-13T13:57:47","slug":"la-mascota-oficial-de-los-juegos-araucania-aysen-2024-ya-tiene-nombre","status":"publish","type":"post","link":"https:\/\/radiorevelacionfm.cl\/?p=43174","title":{"rendered":"La Mascota oficial de los Juegos Araucan\u00eda Ays\u00e9n 2024 ya tiene nombre"},"content":{"rendered":"<div class=\"flex_column av_one_full  flex_column_div av-zero-column-padding first  avia-builder-el-0  el_before_av_one_full  avia-builder-el-first  \" style='border-radius:0px; '><div  class='avia-image-container  av-styling-    avia-builder-el-1  avia-builder-el-no-sibling  avia-align-center '  itemprop=\"image\" itemscope=\"itemscope\" itemtype=\"https:\/\/schema.org\/ImageObject\"  ><div class='avia-image-container-inner'><div class='avia-image-overlay-wrap'><img decoding=\"async\" class='wp-image-43175 avia-img-lazy-loading-not-43175 avia_image' src=\"https:\/\/radiorevelacionfm.cl\/wp-content\/uploads\/2024\/06\/Calafatin-1-1.jpg\" alt='' title='Calafat\u00edn (1) (1)' height=\"730\" width=\"801\"  itemprop=\"thumbnailUrl\" srcset=\"https:\/\/radiorevelacionfm.cl\/wp-content\/uploads\/2024\/06\/Calafatin-1-1.jpg 801w, https:\/\/radiorevelacionfm.cl\/wp-content\/uploads\/2024\/06\/Calafatin-1-1-300x273.jpg 300w, https:\/\/radiorevelacionfm.cl\/wp-content\/uploads\/2024\/06\/Calafatin-1-1-768x700.jpg 768w, https:\/\/radiorevelacionfm.cl\/wp-content\/uploads\/2024\/06\/Calafatin-1-1-705x643.jpg 705w, https:\/\/radiorevelacionfm.cl\/wp-content\/uploads\/2024\/06\/Calafatin-1-1-450x410.jpg 450w, https:\/\/radiorevelacionfm.cl\/wp-content\/uploads\/2024\/06\/Calafatin-1-1-600x547.jpg 600w\" sizes=\"(max-width: 801px) 100vw, 801px\" \/><\/div><\/div><\/div><\/div><div class=\"flex_column av_one_full  flex_column_div av-zero-column-padding first  avia-builder-el-2  el_after_av_one_full  el_before_av_one_full  column-top-margin\" style='border-radius:0px; '><section class=\"av_textblock_section \"  itemscope=\"itemscope\" itemtype=\"https:\/\/schema.org\/BlogPosting\" itemprop=\"blogPost\" ><div class='avia_textblock  '   itemprop=\"text\" ><p class=\"v1MsoNormal\" style=\"text-align: center;\"><span style=\"font-size: 18pt;\"><b>La Mascota oficial de los Juegos Araucan\u00eda Ays\u00e9n 2024 ya tiene nombre<\/b><\/span><\/p>\n<p class=\"v1MsoNormal\"><b>\u00a0<\/b><\/p>\n<div id=\"gtx-trans\" style=\"position: absolute; left: -50px; top: 4.31534px;\">\n<div class=\"gtx-trans-icon\"><\/div>\n<\/div>\n<\/div><\/section><\/div><div class=\"flex_column av_one_full  flex_column_div av-zero-column-padding first  avia-builder-el-4  el_after_av_one_full  el_before_av_hr  column-top-margin\" style='border-radius:0px; '><section class=\"av_textblock_section \"  itemscope=\"itemscope\" itemtype=\"https:\/\/schema.org\/BlogPosting\" itemprop=\"blogPost\" ><div class='avia_textblock  '   itemprop=\"text\" ><p class=\"v1MsoNormal\" style=\"text-align: justify;\"><em>\u00abCalafat\u00edn\u00bb fruto ancestral,\u00a0end\u00e9mico de la Patagonia chilena y argentina, es el nombre elegido por votaci\u00f3n popular.<\/em><\/p>\n<p class=\"v1MsoNormal\" style=\"text-align: justify;\">Fueron m\u00e1s de 270 votos que se recibieron en las redes sociales del Ministerio del Deporte Ays\u00e9n, donde cada persona hizo notar cu\u00e1l era su opci\u00f3n favorita para dar un nombre a la mascota del mega evento deportivo que organiza el Instituto Nacional del Deporte y que se desarrollar\u00e1 entre el 10 y 16 de noviembre, con sedes en Coyhaique, Puerto Ays\u00e9n y una subsede en Punta Arenas.<\/p>\n<p class=\"v1MsoNormal\" style=\"text-align: justify;\">En este sentido la Secretaria Regional Ministerial del Deporte, Mar\u00eda Eugenia Dur\u00e1n Jara precis\u00f3; \u00abPara nosotros como Ministerio junto al IND y su director Javier Medina, es muy satisfactorio poder cerrar este proceso que super\u00f3 con creces nuestras expectativas y estamos felices de darles a conocer el resultado y el nombre definitivo de nuestra mascota oficial que ser\u00e1 la encargada de simbolizar la identidad de los Juegos, su misi\u00f3n, visi\u00f3n y valores, en este evento deportivo binacional tan importante y que ya cumple 31\u00b0 a\u00f1os, promoviendo no s\u00f3lo los valores del deporte sino que la uni\u00f3n entre dos naciones hermanas y en este sentido es importante descartar que estos juegos son de todas y todos los habitantes de nuestra regi\u00f3n y todos est\u00e1n invitados a vivir la emoci\u00f3n del deporte, ya que como Gobierno del Presidente Gabriel Boric estamos convencidos de que la inversi\u00f3n en deporte no es un gasto, sino que es una de las mejores inversiones que podemos hacer para la salud, para la seguridad, para la felicidad y para construir una mejor sociedad\u00bb.<\/p>\n<p class=\"v1MsoNormal\" style=\"text-align: justify;\">El p\u00fablico manifest\u00f3 su preferencia entre 7 finalistas elegidos por el Comit\u00e9 de Organizador de los Juegos, siendo el nombre\u00a0\u00abCalafat\u00edn\u00bb el que tuvo m\u00e1s votaci\u00f3n y se llev\u00f3 la preferencia del p\u00fablico, seguida de Kaii y Ch\u00fao, respectivamente.<\/p>\n<p>De esta forma, a mascota que representa a un Chucao del artista regional Roger Levi\u00f1anco llevar\u00e1 el\u00a0nombre creado por Isidora Rivas de 8 a\u00f1os de edad, quien en su argumentaci\u00f3n se\u00f1al\u00f3 \u00abCalafat\u00edn\u00a0en representaci\u00f3n de nuestro fruto patag\u00f3nico, el calafate, y a ra\u00edz de la historia del calafate que me cont\u00f3 mi mam\u00e1 hace unos d\u00edas atr\u00e1s y que cuando le mostr\u00e9 el fruto se nos ocurri\u00f3 como familia que pod\u00eda ser un buen nombre, adem\u00e1s tan representativo de nuestra Patagonia\u00bb.<\/p>\n<\/div><\/section><\/div><div  style='height:50px' class='hr hr-invisible   avia-builder-el-6  el_after_av_one_full  el_before_av_social_share '><span class='hr-inner ' ><span class='hr-inner-style'><\/span><\/span><\/div><\/p>\n<div  class='av-social-sharing-box  avia-builder-el-7  el_after_av_hr  el_before_av_hr  '><div class='av-share-box'><h5 class='av-share-link-description av-no-toc '>Compartir esta noticia<\/h5><ul class='av-share-box-list noLightbox'><li class='av-share-link av-social-link-facebook' ><a target=\"_blank\" aria-label=\"Compartir en Facebook\" href='https:\/\/www.facebook.com\/sharer.php?u=https:\/\/radiorevelacionfm.cl\/?p=43174&#038;t=La%20Mascota%20oficial%20de%20los%20Juegos%20Araucan%C3%ADa%20Ays%C3%A9n%202024%20ya%20tiene%20nombre' aria-hidden='false' data-av_icon='\ue8f3' data-av_iconfont='entypo-fontello' title='' data-avia-related-tooltip='Compartir en Facebook' rel=\"noopener\"><span class='avia_hidden_link_text'>Compartir en Facebook<\/span><\/a><\/li><li class='av-share-link av-social-link-twitter' ><a target=\"_blank\" aria-label=\"Compartir en Twitter\" href='https:\/\/twitter.com\/share?text=La%20Mascota%20oficial%20de%20los%20Juegos%20Araucan%C3%ADa%20Ays%C3%A9n%202024%20ya%20tiene%20nombre&#038;url=https:\/\/radiorevelacionfm.cl\/?p=43174' aria-hidden='false' data-av_icon='\ue8f1' data-av_iconfont='entypo-fontello' title='' data-avia-related-tooltip='Compartir en Twitter' rel=\"noopener\"><span class='avia_hidden_link_text'>Compartir en Twitter<\/span><\/a><\/li><li class='av-share-link av-social-link-whatsapp' ><a target=\"_blank\" aria-label=\"Compartir en Whatsapp\" href='https:\/\/api.whatsapp.com\/send?text=https:\/\/radiorevelacionfm.cl\/?p=43174' aria-hidden='false' data-av_icon='\uf232' data-av_iconfont='entypo-fontello' title='' data-avia-related-tooltip='Compartir en Whatsapp' rel=\"noopener\"><span class='avia_hidden_link_text'>Compartir en Whatsapp<\/span><\/a><\/li><li class='av-share-link av-social-link-linkedin' ><a target=\"_blank\" aria-label=\"Compartir en LinkedIn\" href='https:\/\/linkedin.com\/shareArticle?mini=true&#038;title=La%20Mascota%20oficial%20de%20los%20Juegos%20Araucan%C3%ADa%20Ays%C3%A9n%202024%20ya%20tiene%20nombre&#038;url=https:\/\/radiorevelacionfm.cl\/?p=43174' aria-hidden='false' data-av_icon='\ue8fc' data-av_iconfont='entypo-fontello' title='' data-avia-related-tooltip='Compartir en LinkedIn' rel=\"noopener\"><span class='avia_hidden_link_text'>Compartir en LinkedIn<\/span><\/a><\/li><li class='av-share-link av-social-link-mail' ><a  aria-label=\"Compartir por correo\" href='mailto:?subject=La%20Mascota%20oficial%20de%20los%20Juegos%20Araucan%C3%ADa%20Ays%C3%A9n%202024%20ya%20tiene%20nombre&#038;body=https:\/\/radiorevelacionfm.cl\/?p=43174' aria-hidden='false' data-av_icon='\ue805' data-av_iconfont='entypo-fontello' title='' data-avia-related-tooltip='Compartir por correo'><span class='avia_hidden_link_text'>Compartir por correo<\/span><\/a><\/li><\/ul><\/div><\/div>\n<div  style='height:50px' class='hr hr-invisible   avia-builder-el-8  el_after_av_social_share  el_before_av_comments_list '><span class='hr-inner ' ><span class='hr-inner-style'><\/span><\/span><\/div>\n<div  class='av-buildercomment  av-blog-meta-html-info-disabled av-blog-meta-tag-disabled  '><\/div>\n","protected":false},"excerpt":{"rendered":"","protected":false},"author":1,"featured_media":43175,"comment_status":"open","ping_status":"open","sticky":false,"template":"","format":"standard","meta":{"footnotes":""},"categories":[40],"tags":[],"class_list":["post-43174","post","type-post","status-publish","format-standard","has-post-thumbnail","hentry","category-deportes"],"jetpack_featured_media_url":"https:\/\/radiorevelacionfm.cl\/wp-content\/uploads\/2024\/06\/Calafatin-1-1.jpg","_links":{"self":[{"href":"https:\/\/radiorevelacionfm.cl\/index.php?rest_route=\/wp\/v2\/posts\/43174","targetHints":{"allow":["GET"]}}],"collection":[{"href":"https:\/\/radiorevelacionfm.cl\/index.php?rest_route=\/wp\/v2\/posts"}],"about":[{"href":"https:\/\/radiorevelacionfm.cl\/index.php?rest_route=\/wp\/v2\/types\/post"}],"author":[{"embeddable":true,"href":"https:\/\/radiorevelacionfm.cl\/index.php?rest_route=\/wp\/v2\/users\/1"}],"replies":[{"embeddable":true,"href":"https:\/\/radiorevelacionfm.cl\/index.php?rest_route=%2Fwp%2Fv2%2Fcomments&post=43174"}],"version-history":[{"count":1,"href":"https:\/\/radiorevelacionfm.cl\/index.php?rest_route=\/wp\/v2\/posts\/43174\/revisions"}],"predecessor-version":[{"id":43176,"href":"https:\/\/radiorevelacionfm.cl\/index.php?rest_route=\/wp\/v2\/posts\/43174\/revisions\/43176"}],"wp:featuredmedia":[{"embeddable":true,"href":"https:\/\/radiorevelacionfm.cl\/index.php?rest_route=\/wp\/v2\/media\/43175"}],"wp:attachment":[{"href":"https:\/\/radiorevelacionfm.cl\/index.php?rest_route=%2Fwp%2Fv2%2Fmedia&parent=43174"}],"wp:term":[{"taxonomy":"category","embeddable":true,"href":"https:\/\/radiorevelacionfm.cl\/index.php?rest_route=%2Fwp%2Fv2%2Fcategories&post=43174"},{"taxonomy":"post_tag","embeddable":true,"href":"https:\/\/radiorevelacionfm.cl\/index.php?rest_route=%2Fwp%2Fv2%2Ftags&post=43174"}],"curies":[{"name":"wp","href":"https:\/\/api.w.org\/{rel}","templated":true}]}}