{"id":43171,"date":"2024-06-13T11:12:40","date_gmt":"2024-06-13T14:12:40","guid":{"rendered":"https:\/\/radiorevelacionfm.cl\/?p=43171"},"modified":"2024-06-13T11:12:40","modified_gmt":"2024-06-13T14:12:40","slug":"no-podemos-tener-distintas-categorias-de-artesanos-en-nuestra-region-gobernadora-macias-valora-aprobacion-de-recursos-para-centro-artesanal-de-coyhaique","status":"publish","type":"post","link":"https:\/\/radiorevelacionfm.cl\/?p=43171","title":{"rendered":"\u00abNo podemos tener distintas categor\u00edas de artesanos en nuestra regi\u00f3n\u00bb: Gobernadora Mac\u00edas valora aprobaci\u00f3n de recursos para Centro Artesanal de Coyhaique"},"content":{"rendered":"<div class=\"flex_column av_one_full  flex_column_div av-zero-column-padding first  avia-builder-el-0  el_before_av_one_full  avia-builder-el-first  \" style='border-radius:0px; '><div  class='avia-image-container  av-styling-    avia-builder-el-1  avia-builder-el-no-sibling  avia-align-center '  itemprop=\"image\" itemscope=\"itemscope\" itemtype=\"https:\/\/schema.org\/ImageObject\"  ><div class='avia-image-container-inner'><div class='avia-image-overlay-wrap'><img decoding=\"async\" class='wp-image-43172 avia-img-lazy-loading-not-43172 avia_image' src=\"https:\/\/radiorevelacionfm.cl\/wp-content\/uploads\/2024\/06\/WhatsApp-Image-2024-06-12-at-6.24.41-PM-1-1-1.jpeg\" alt='' title='WhatsApp Image 2024-06-12 at 6.24.41 PM (1) (1) (1)' height=\"600\" width=\"1067\"  itemprop=\"thumbnailUrl\" srcset=\"https:\/\/radiorevelacionfm.cl\/wp-content\/uploads\/2024\/06\/WhatsApp-Image-2024-06-12-at-6.24.41-PM-1-1-1.jpeg 1067w, https:\/\/radiorevelacionfm.cl\/wp-content\/uploads\/2024\/06\/WhatsApp-Image-2024-06-12-at-6.24.41-PM-1-1-1-300x169.jpeg 300w, https:\/\/radiorevelacionfm.cl\/wp-content\/uploads\/2024\/06\/WhatsApp-Image-2024-06-12-at-6.24.41-PM-1-1-1-1030x579.jpeg 1030w, https:\/\/radiorevelacionfm.cl\/wp-content\/uploads\/2024\/06\/WhatsApp-Image-2024-06-12-at-6.24.41-PM-1-1-1-768x432.jpeg 768w, https:\/\/radiorevelacionfm.cl\/wp-content\/uploads\/2024\/06\/WhatsApp-Image-2024-06-12-at-6.24.41-PM-1-1-1-705x396.jpeg 705w, https:\/\/radiorevelacionfm.cl\/wp-content\/uploads\/2024\/06\/WhatsApp-Image-2024-06-12-at-6.24.41-PM-1-1-1-450x253.jpeg 450w, https:\/\/radiorevelacionfm.cl\/wp-content\/uploads\/2024\/06\/WhatsApp-Image-2024-06-12-at-6.24.41-PM-1-1-1-600x337.jpeg 600w\" sizes=\"(max-width: 1067px) 100vw, 1067px\" \/><\/div><\/div><\/div><\/div><div class=\"flex_column av_one_full  flex_column_div av-zero-column-padding first  avia-builder-el-2  el_after_av_one_full  el_before_av_one_full  column-top-margin\" style='border-radius:0px; '><section class=\"av_textblock_section \"  itemscope=\"itemscope\" itemtype=\"https:\/\/schema.org\/BlogPosting\" itemprop=\"blogPost\" ><div class='avia_textblock  '   itemprop=\"text\" ><p style=\"text-align: center;\"><strong><span style=\"font-size: 18pt;\">\u00abNo podemos tener distintas categor\u00edas de artesanos en nuestra regi\u00f3n\u00bb: Gobernadora Mac\u00edas valora aprobaci\u00f3n de recursos para Centro Artesanal de Coyhaique<\/span><\/strong><\/p>\n<div id=\"gtx-trans\" style=\"position: absolute; left: -50px; top: 4.31534px;\">\n<div class=\"gtx-trans-icon\"><\/div>\n<\/div>\n<\/div><\/section><\/div><div class=\"flex_column av_one_full  flex_column_div av-zero-column-padding first  avia-builder-el-4  el_after_av_one_full  el_before_av_hr  column-top-margin\" style='border-radius:0px; '><section class=\"av_textblock_section \"  itemscope=\"itemscope\" itemtype=\"https:\/\/schema.org\/BlogPosting\" itemprop=\"blogPost\" ><div class='avia_textblock  '   itemprop=\"text\" ><p dir=\"ltr\" style=\"text-align: justify;\">Una infraestructura moderna, pero que al mismo tiempo se conecta y comunica con espacios tradicionales del centro de la ciudad. As\u00ed ser\u00e1 el edificio del nuevo Centro Artesanal de Coyhaique, cuyo financiamiento para la ejecuci\u00f3n fue aprobado por unanimidad este mi\u00e9rcoles en el Pleno del Consejo Regional.<\/p>\n<p dir=\"ltr\" style=\"text-align: justify;\">La Gobernadora Regional y presidenta del Consejo Andrea Mac\u00edas Palma fue testigo de la felicidad de las artesanas y artesanos que esperaban por a\u00f1os la tranquilidad de pasar a la etapa de ejecuci\u00f3n.<\/p>\n<p dir=\"ltr\" style=\"text-align: justify;\">La m\u00e1xima autoridad regional asegur\u00f3 que se trata de una iniciativa que ha pasado por todas las instancias t\u00e9cnicas y administrativas, en distintas administraciones que aportaron con su voluntad pol\u00edtica.<\/p>\n<p dir=\"ltr\" style=\"text-align: justify;\">\u00abNosotros tambi\u00e9n una vez que asumimos la administraci\u00f3n, el compromiso fue darle continuidad este proyecto porque entendemos que no podemos tener distintas categor\u00edas de artesanos en nuestra regi\u00f3n. Qu\u00e9 m\u00e1s quisi\u00e9ramos nosotros como Gobierno Regional que poder dotar de la mejor infraestructura a nuestra gente para poder desarrollar su actividad productiva\u00bb, asegur\u00f3 la Gobernadora Mac\u00edas.<\/p>\n<p dir=\"ltr\" style=\"text-align: justify;\">La presidenta de la AG Artepatagonia, Marissa Az\u00f3car, demostr\u00f3 la emoci\u00f3n de las y los artesanos que apoyaron y solicitaron este proyecto por a\u00f1os, recordando a quienes no alcanzaron a ver este proyecto salir a la luz.<\/p>\n<p dir=\"ltr\" style=\"text-align: justify;\">La dirigenta expres\u00f3 que \u00abtodos merecemos un lugar digno para trabajar, as\u00ed que hoy d\u00eda estoy absolutamente feliz por todos mis compa\u00f1eros. Recordaba a las que se fueron, que no alcanzaron, a Guillermina Rivera, a la\u00a0China\u00a0Redmilla, que hoy d\u00eda est\u00e1 su hija trabajando en la feria. Entonces igual eso como que te dice: ellas no alcanzaron a llegar \u00bfvamos a pasar lo mismo nosotros? \u00bftenemos que pasar lo mismo, no alcanzar a llegar para que tengamos un lugar digno? No era justo\u00bb.<\/p>\n<p dir=\"ltr\" style=\"text-align: justify;\">La consejera regional de la provincia de Coyhaique, Marisol Mart\u00ednez, integrante de la comisi\u00f3n de Desarrollo Social que analiz\u00f3 la propuesta tambi\u00e9n relev\u00f3 el trabajo que permiti\u00f3 llegar a la ejecuci\u00f3n y finalmente a la construcci\u00f3n de esta infraestructura.<\/p>\n<p dir=\"ltr\" style=\"text-align: justify;\">\u00abYa hab\u00eda una tremenda inversi\u00f3n en el dise\u00f1o por parte del Gobierno Regional, todo un trabajo del equipo de arquitectura, del equipo de profesionales del Gobierno Regional. Todo lo que significa el tener un RS (recomendaci\u00f3n satisfactoria), es tremendamente dif\u00edcil poder lograrlo y este proyecto contiene todas esas cosas, ten\u00eda etapa de participaci\u00f3n ciudadana y respond\u00eda a todas las necesidades de un proyecto que yo lo llamo ya un proyecto Centenario para Coyhaique y para la capital regional\u00bb, dijo la Consejera.<\/p>\n<p dir=\"ltr\" style=\"text-align: justify;\">Justamente, a prop\u00f3sito de la celebraci\u00f3n del centenario de la capital regional, el alcalde Carlos Gatica asegur\u00f3 que efectivamente, el proyecto es un \u00abbonito regalo para nuestra ciudad\u00bb.<\/p>\n<p dir=\"ltr\" style=\"text-align: justify;\">\u00abHoy d\u00eda tenemos una gran obra para nuestra ciudad, que es un hecho. Ahora a esperar que se hagan todos los procedimientos de licitaci\u00f3n y administrativos y a disfrutar lo que significa un regalo para nuestra ciudad ya que vamos a empezar con el camino corto a los 100 a\u00f1os de esta hermosa capital\u00bb, afirm\u00f3 el edil.<\/p>\n<p dir=\"ltr\" style=\"text-align: justify;\">Finalmente la directora de Arquitectura y Seremi (s) de Obras P\u00fablicas, Paola Az\u00f3car enfatiz\u00f3 que este edificio \u00abviene a darle mayor confort a las personas que hoy d\u00eda se dedican a este rubro, viene tambi\u00e9n a hermosear el centro urbano de Coyhaique. Se va a convertir en un \u00edcono dentro de la edificaciones de esta ciudad y permitir\u00e1 tambi\u00e9n poder darle un espacio a los turistas cierto que es uno de los puntos m\u00e1s visitados dentro de la ciudad\u00bb.<\/p>\n<p dir=\"ltr\" style=\"text-align: justify;\">El monto aprobado para la ejecuci\u00f3n de las obras civiles asciende a m\u00e1s de 10.677 millones de pesos y seg\u00fan consta en las distintas presentaciones que se dieron en la Comisi\u00f3n de Desarrollo Social se co-cre\u00f3 con distintos actores una estructura de funcionamiento para el futuro edificio.<\/p>\n<p dir=\"ltr\" style=\"text-align: justify;\">As\u00ed mismo consta la realizaci\u00f3n de varias jornadas de participaci\u00f3n ciudadana, el rol de la Municipalidad de Coyhaique como instituci\u00f3n responsable y el modelo de gesti\u00f3n que se aplicar\u00e1 una vez construido el edificio.<\/p>\n<\/div><\/section><\/div><div  style='height:50px' class='hr hr-invisible   avia-builder-el-6  el_after_av_one_full  el_before_av_social_share '><span class='hr-inner ' ><span class='hr-inner-style'><\/span><\/span><\/div><\/p>\n<div  class='av-social-sharing-box  avia-builder-el-7  el_after_av_hr  el_before_av_hr  '><div class='av-share-box'><h5 class='av-share-link-description av-no-toc '>Compartir esta noticia<\/h5><ul class='av-share-box-list noLightbox'><li class='av-share-link av-social-link-facebook' ><a target=\"_blank\" aria-label=\"Compartir en Facebook\" href='https:\/\/www.facebook.com\/sharer.php?u=https:\/\/radiorevelacionfm.cl\/?p=43171&#038;t=%C2%ABNo%20podemos%20tener%20distintas%20categor%C3%ADas%20de%20artesanos%20en%20nuestra%20regi%C3%B3n%C2%BB%3A%20Gobernadora%20Mac%C3%ADas%20valora%20aprobaci%C3%B3n%20de%20recursos%20para%20Centro%20Artesanal%20de%20Coyhaique' aria-hidden='false' data-av_icon='\ue8f3' data-av_iconfont='entypo-fontello' title='' data-avia-related-tooltip='Compartir en Facebook' rel=\"noopener\"><span class='avia_hidden_link_text'>Compartir en Facebook<\/span><\/a><\/li><li class='av-share-link av-social-link-twitter' ><a target=\"_blank\" aria-label=\"Compartir en Twitter\" href='https:\/\/twitter.com\/share?text=%C2%ABNo%20podemos%20tener%20distintas%20categor%C3%ADas%20de%20artesanos%20en%20nuestra%20regi%C3%B3n%C2%BB%3A%20Gobernadora%20Mac%C3%ADas%20valora%20aprobaci%C3%B3n%20de%20recursos%20para%20Centro%20Artesanal%20de%20Coyhaique&#038;url=https:\/\/radiorevelacionfm.cl\/?p=43171' aria-hidden='false' data-av_icon='\ue8f1' data-av_iconfont='entypo-fontello' title='' data-avia-related-tooltip='Compartir en Twitter' rel=\"noopener\"><span class='avia_hidden_link_text'>Compartir en Twitter<\/span><\/a><\/li><li class='av-share-link av-social-link-whatsapp' ><a target=\"_blank\" aria-label=\"Compartir en Whatsapp\" href='https:\/\/api.whatsapp.com\/send?text=https:\/\/radiorevelacionfm.cl\/?p=43171' aria-hidden='false' data-av_icon='\uf232' data-av_iconfont='entypo-fontello' title='' data-avia-related-tooltip='Compartir en Whatsapp' rel=\"noopener\"><span class='avia_hidden_link_text'>Compartir en Whatsapp<\/span><\/a><\/li><li class='av-share-link av-social-link-linkedin' ><a target=\"_blank\" aria-label=\"Compartir en LinkedIn\" href='https:\/\/linkedin.com\/shareArticle?mini=true&#038;title=%C2%ABNo%20podemos%20tener%20distintas%20categor%C3%ADas%20de%20artesanos%20en%20nuestra%20regi%C3%B3n%C2%BB%3A%20Gobernadora%20Mac%C3%ADas%20valora%20aprobaci%C3%B3n%20de%20recursos%20para%20Centro%20Artesanal%20de%20Coyhaique&#038;url=https:\/\/radiorevelacionfm.cl\/?p=43171' aria-hidden='false' data-av_icon='\ue8fc' data-av_iconfont='entypo-fontello' title='' data-avia-related-tooltip='Compartir en LinkedIn' rel=\"noopener\"><span class='avia_hidden_link_text'>Compartir en LinkedIn<\/span><\/a><\/li><li class='av-share-link av-social-link-mail' ><a  aria-label=\"Compartir por correo\" href='mailto:?subject=%C2%ABNo%20podemos%20tener%20distintas%20categor%C3%ADas%20de%20artesanos%20en%20nuestra%20regi%C3%B3n%C2%BB%3A%20Gobernadora%20Mac%C3%ADas%20valora%20aprobaci%C3%B3n%20de%20recursos%20para%20Centro%20Artesanal%20de%20Coyhaique&#038;body=https:\/\/radiorevelacionfm.cl\/?p=43171' aria-hidden='false' data-av_icon='\ue805' data-av_iconfont='entypo-fontello' title='' data-avia-related-tooltip='Compartir por correo'><span class='avia_hidden_link_text'>Compartir por correo<\/span><\/a><\/li><\/ul><\/div><\/div>\n<div  style='height:50px' class='hr hr-invisible   avia-builder-el-8  el_after_av_social_share  el_before_av_comments_list '><span class='hr-inner ' ><span class='hr-inner-style'><\/span><\/span><\/div>\n<div  class='av-buildercomment  av-blog-meta-html-info-disabled av-blog-meta-tag-disabled  '><\/div>\n","protected":false},"excerpt":{"rendered":"","protected":false},"author":1,"featured_media":43172,"comment_status":"open","ping_status":"open","sticky":false,"template":"","format":"standard","meta":{"footnotes":""},"categories":[38],"tags":[],"class_list":["post-43171","post","type-post","status-publish","format-standard","has-post-thumbnail","hentry","category-regional"],"jetpack_featured_media_url":"https:\/\/radiorevelacionfm.cl\/wp-content\/uploads\/2024\/06\/WhatsApp-Image-2024-06-12-at-6.24.41-PM-1-1-1.jpeg","_links":{"self":[{"href":"https:\/\/radiorevelacionfm.cl\/index.php?rest_route=\/wp\/v2\/posts\/43171","targetHints":{"allow":["GET"]}}],"collection":[{"href":"https:\/\/radiorevelacionfm.cl\/index.php?rest_route=\/wp\/v2\/posts"}],"about":[{"href":"https:\/\/radiorevelacionfm.cl\/index.php?rest_route=\/wp\/v2\/types\/post"}],"author":[{"embeddable":true,"href":"https:\/\/radiorevelacionfm.cl\/index.php?rest_route=\/wp\/v2\/users\/1"}],"replies":[{"embeddable":true,"href":"https:\/\/radiorevelacionfm.cl\/index.php?rest_route=%2Fwp%2Fv2%2Fcomments&post=43171"}],"version-history":[{"count":1,"href":"https:\/\/radiorevelacionfm.cl\/index.php?rest_route=\/wp\/v2\/posts\/43171\/revisions"}],"predecessor-version":[{"id":43173,"href":"https:\/\/radiorevelacionfm.cl\/index.php?rest_route=\/wp\/v2\/posts\/43171\/revisions\/43173"}],"wp:featuredmedia":[{"embeddable":true,"href":"https:\/\/radiorevelacionfm.cl\/index.php?rest_route=\/wp\/v2\/media\/43172"}],"wp:attachment":[{"href":"https:\/\/radiorevelacionfm.cl\/index.php?rest_route=%2Fwp%2Fv2%2Fmedia&parent=43171"}],"wp:term":[{"taxonomy":"category","embeddable":true,"href":"https:\/\/radiorevelacionfm.cl\/index.php?rest_route=%2Fwp%2Fv2%2Fcategories&post=43171"},{"taxonomy":"post_tag","embeddable":true,"href":"https:\/\/radiorevelacionfm.cl\/index.php?rest_route=%2Fwp%2Fv2%2Ftags&post=43171"}],"curies":[{"name":"wp","href":"https:\/\/api.w.org\/{rel}","templated":true}]}}