{"id":43168,"date":"2024-06-12T22:34:00","date_gmt":"2024-06-13T01:34:00","guid":{"rendered":"https:\/\/radiorevelacionfm.cl\/?p=43168"},"modified":"2024-06-12T22:34:00","modified_gmt":"2024-06-13T01:34:00","slug":"carabineros-aysen-rinde-homenaje-a-sus-martires","status":"publish","type":"post","link":"https:\/\/radiorevelacionfm.cl\/?p=43168","title":{"rendered":"Carabineros Ays\u00e9n rinde homenaje a sus m\u00e1rtires"},"content":{"rendered":"<div class=\"flex_column av_one_full  flex_column_div av-zero-column-padding first  avia-builder-el-0  el_before_av_one_full  avia-builder-el-first  \" style='border-radius:0px; '><div  class='avia-image-container  av-styling-    avia-builder-el-1  avia-builder-el-no-sibling  avia-align-center '  itemprop=\"image\" itemscope=\"itemscope\" itemtype=\"https:\/\/schema.org\/ImageObject\"  ><div class='avia-image-container-inner'><div class='avia-image-overlay-wrap'><img decoding=\"async\" class='wp-image-43169 avia-img-lazy-loading-not-43169 avia_image' src=\"https:\/\/radiorevelacionfm.cl\/wp-content\/uploads\/2024\/06\/654e785d-e9ae-4bf6-8967-f9700c7f2599-1_optimized.jpg\" alt='' title='654e785d-e9ae-4bf6-8967-f9700c7f2599-(1)_optimized' height=\"600\" width=\"800\"  itemprop=\"thumbnailUrl\" srcset=\"https:\/\/radiorevelacionfm.cl\/wp-content\/uploads\/2024\/06\/654e785d-e9ae-4bf6-8967-f9700c7f2599-1_optimized.jpg 800w, https:\/\/radiorevelacionfm.cl\/wp-content\/uploads\/2024\/06\/654e785d-e9ae-4bf6-8967-f9700c7f2599-1_optimized-300x225.jpg 300w, https:\/\/radiorevelacionfm.cl\/wp-content\/uploads\/2024\/06\/654e785d-e9ae-4bf6-8967-f9700c7f2599-1_optimized-768x576.jpg 768w, https:\/\/radiorevelacionfm.cl\/wp-content\/uploads\/2024\/06\/654e785d-e9ae-4bf6-8967-f9700c7f2599-1_optimized-705x529.jpg 705w, https:\/\/radiorevelacionfm.cl\/wp-content\/uploads\/2024\/06\/654e785d-e9ae-4bf6-8967-f9700c7f2599-1_optimized-450x338.jpg 450w, https:\/\/radiorevelacionfm.cl\/wp-content\/uploads\/2024\/06\/654e785d-e9ae-4bf6-8967-f9700c7f2599-1_optimized-600x450.jpg 600w\" sizes=\"(max-width: 800px) 100vw, 800px\" \/><\/div><\/div><\/div><\/div><div class=\"flex_column av_one_full  flex_column_div av-zero-column-padding first  avia-builder-el-2  el_after_av_one_full  el_before_av_one_full  column-top-margin\" style='border-radius:0px; '><section class=\"av_textblock_section \"  itemscope=\"itemscope\" itemtype=\"https:\/\/schema.org\/BlogPosting\" itemprop=\"blogPost\" ><div class='avia_textblock  '   itemprop=\"text\" ><p style=\"text-align: center;\"><span style=\"font-size: 18pt;\"><b><span lang=\"ES-MX\">Carabineros Ays\u00e9n rinde homenaje a sus m\u00e1rtires<\/span><\/b><\/span><\/p>\n<div id=\"gtx-trans\" style=\"position: absolute; left: -50px; top: 4.31534px;\">\n<div class=\"gtx-trans-icon\"><\/div>\n<\/div>\n<\/div><\/section><\/div><div class=\"flex_column av_one_full  flex_column_div av-zero-column-padding first  avia-builder-el-4  el_after_av_one_full  el_before_av_hr  column-top-margin\" style='border-radius:0px; '><section class=\"av_textblock_section \"  itemscope=\"itemscope\" itemtype=\"https:\/\/schema.org\/BlogPosting\" itemprop=\"blogPost\" ><div class='avia_textblock  '   itemprop=\"text\" ><div>\n<p class=\"v1MsoNormal\" style=\"text-align: justify;\"><span lang=\"ES-MX\">Con el izamiento del pabell\u00f3n nacional y el emblema institucional a media asta en todos los cuarteles, Carabineros conmemor\u00f3 este 12 de junio el D\u00eda del M\u00e1rtir institucional y homenaje\u00f3 a todos aquellos hombres y mujeres carabineros, quienes a lo largo de 97 a\u00f1os de historia han rendido su vida en defensa del orden y la patria.<\/span><\/p>\n<p class=\"v1MsoNormal\" style=\"text-align: justify;\"><span lang=\"ES-MX\">La jornada comenz\u00f3 con un toque de silencio ante una formaci\u00f3n en el frontis de los cuarteles institucionales a lo largo y ancho de la regi\u00f3n de Ays\u00e9n.<\/span><\/p>\n<p class=\"v1MsoNormal\" style=\"text-align: justify;\"><span lang=\"ES-MX\">El a\u00f1o 2022, el <\/span><span lang=\"ES-MX\">General Director, Ricardo Y\u00e1\u00f1ez Reveco instaur\u00f3 el 12 de junio como el D\u00eda del M\u00e1rtir Institucional, como una forma de efectuar un justo reconocimiento y homenaje a aquellos h\u00e9roes de verde uniforme.<\/span><\/p>\n<p class=\"v1MsoNormal\" style=\"text-align: justify;\"><span lang=\"ES-MX\">Hace 97 a\u00f1os el entonces<\/span>\u00a0Vicesargento 1\u00b0 Guillermo Aguilera Pastene de dotaci\u00f3n del 3er Escuadr\u00f3n del Regimiento de Carabineros N\u00b0 4 de jurisdicci\u00f3n de la 11\u00b0 Comisar\u00eda de la Antigua Polic\u00eda Fiscal capitalina, quien el 12 de junio de 1929 mientras se dispon\u00eda a infraccionar a un regente de un local clandestino de alcoholes, fue asesinado por este, convirti\u00e9ndose en el primer m\u00e1rtir institucional, transformando este d\u00eda, en una jornada de conmemoraci\u00f3n para todos los carabineros.<\/p>\n<p class=\"v1MsoNormal\" style=\"text-align: justify;\">\u00abConmemoraci\u00f3n en funci\u00f3n de ese juramento de servicio que brindamos al momento de transformarnos en carabineros, nuestra vocaci\u00f3n de servicio transformarla en un hecho real con este juramento y que la fecha tiene ya 1.254 m\u00e1rtires, de los cuales los tres \u00faltimos lamentablemente en Ca\u00f1ete -el d\u00eda de nuestro aniversario institucional N\u00b0 97, dieron fe de ese compromiso\u00bb, expres\u00f3 el Jefe de Zona Ays\u00e9n, General Patricio Santos Poblete.<\/p>\n<p class=\"v1MsoNormal\" style=\"text-align: justify;\">En memoria de todos ellos, Carabineros renueva su compromiso con Chile y con cada uno de sus habitantes, para continuar trabajando con entrega y compromiso, estando con la comunidad, cuando nos necesite.<\/p>\n<p class=\"v1MsoNormal\" style=\"text-align: justify;\">\u00abSiempre viven los que por la patria mueren\u00bb<\/p>\n<\/div>\n<div style=\"text-align: justify;\"><\/div>\n<\/div><\/section><\/div><div  style='height:50px' class='hr hr-invisible   avia-builder-el-6  el_after_av_one_full  el_before_av_social_share '><span class='hr-inner ' ><span class='hr-inner-style'><\/span><\/span><\/div><\/p>\n<div  class='av-social-sharing-box  avia-builder-el-7  el_after_av_hr  el_before_av_hr  '><div class='av-share-box'><h5 class='av-share-link-description av-no-toc '>Compartir esta noticia<\/h5><ul class='av-share-box-list noLightbox'><li class='av-share-link av-social-link-facebook' ><a target=\"_blank\" aria-label=\"Compartir en Facebook\" href='https:\/\/www.facebook.com\/sharer.php?u=https:\/\/radiorevelacionfm.cl\/?p=43168&#038;t=Carabineros%20Ays%C3%A9n%20rinde%20homenaje%20a%20sus%20m%C3%A1rtires' aria-hidden='false' data-av_icon='\ue8f3' data-av_iconfont='entypo-fontello' title='' data-avia-related-tooltip='Compartir en Facebook' rel=\"noopener\"><span class='avia_hidden_link_text'>Compartir en Facebook<\/span><\/a><\/li><li class='av-share-link av-social-link-twitter' ><a target=\"_blank\" aria-label=\"Compartir en Twitter\" href='https:\/\/twitter.com\/share?text=Carabineros%20Ays%C3%A9n%20rinde%20homenaje%20a%20sus%20m%C3%A1rtires&#038;url=https:\/\/radiorevelacionfm.cl\/?p=43168' aria-hidden='false' data-av_icon='\ue8f1' data-av_iconfont='entypo-fontello' title='' data-avia-related-tooltip='Compartir en Twitter' rel=\"noopener\"><span class='avia_hidden_link_text'>Compartir en Twitter<\/span><\/a><\/li><li class='av-share-link av-social-link-whatsapp' ><a target=\"_blank\" aria-label=\"Compartir en Whatsapp\" href='https:\/\/api.whatsapp.com\/send?text=https:\/\/radiorevelacionfm.cl\/?p=43168' aria-hidden='false' data-av_icon='\uf232' data-av_iconfont='entypo-fontello' title='' data-avia-related-tooltip='Compartir en Whatsapp' rel=\"noopener\"><span class='avia_hidden_link_text'>Compartir en Whatsapp<\/span><\/a><\/li><li class='av-share-link av-social-link-linkedin' ><a target=\"_blank\" aria-label=\"Compartir en LinkedIn\" href='https:\/\/linkedin.com\/shareArticle?mini=true&#038;title=Carabineros%20Ays%C3%A9n%20rinde%20homenaje%20a%20sus%20m%C3%A1rtires&#038;url=https:\/\/radiorevelacionfm.cl\/?p=43168' aria-hidden='false' data-av_icon='\ue8fc' data-av_iconfont='entypo-fontello' title='' data-avia-related-tooltip='Compartir en LinkedIn' rel=\"noopener\"><span class='avia_hidden_link_text'>Compartir en LinkedIn<\/span><\/a><\/li><li class='av-share-link av-social-link-mail' ><a  aria-label=\"Compartir por correo\" href='mailto:?subject=Carabineros%20Ays%C3%A9n%20rinde%20homenaje%20a%20sus%20m%C3%A1rtires&#038;body=https:\/\/radiorevelacionfm.cl\/?p=43168' aria-hidden='false' data-av_icon='\ue805' data-av_iconfont='entypo-fontello' title='' data-avia-related-tooltip='Compartir por correo'><span class='avia_hidden_link_text'>Compartir por correo<\/span><\/a><\/li><\/ul><\/div><\/div>\n<div  style='height:50px' class='hr hr-invisible   avia-builder-el-8  el_after_av_social_share  el_before_av_comments_list '><span class='hr-inner ' ><span class='hr-inner-style'><\/span><\/span><\/div>\n<div  class='av-buildercomment  av-blog-meta-html-info-disabled av-blog-meta-tag-disabled  '><\/div>\n","protected":false},"excerpt":{"rendered":"","protected":false},"author":1,"featured_media":43169,"comment_status":"open","ping_status":"open","sticky":false,"template":"","format":"standard","meta":{"footnotes":""},"categories":[36],"tags":[],"class_list":["post-43168","post","type-post","status-publish","format-standard","has-post-thumbnail","hentry","category-policial"],"jetpack_featured_media_url":"https:\/\/radiorevelacionfm.cl\/wp-content\/uploads\/2024\/06\/654e785d-e9ae-4bf6-8967-f9700c7f2599-1_optimized.jpg","_links":{"self":[{"href":"https:\/\/radiorevelacionfm.cl\/index.php?rest_route=\/wp\/v2\/posts\/43168","targetHints":{"allow":["GET"]}}],"collection":[{"href":"https:\/\/radiorevelacionfm.cl\/index.php?rest_route=\/wp\/v2\/posts"}],"about":[{"href":"https:\/\/radiorevelacionfm.cl\/index.php?rest_route=\/wp\/v2\/types\/post"}],"author":[{"embeddable":true,"href":"https:\/\/radiorevelacionfm.cl\/index.php?rest_route=\/wp\/v2\/users\/1"}],"replies":[{"embeddable":true,"href":"https:\/\/radiorevelacionfm.cl\/index.php?rest_route=%2Fwp%2Fv2%2Fcomments&post=43168"}],"version-history":[{"count":1,"href":"https:\/\/radiorevelacionfm.cl\/index.php?rest_route=\/wp\/v2\/posts\/43168\/revisions"}],"predecessor-version":[{"id":43170,"href":"https:\/\/radiorevelacionfm.cl\/index.php?rest_route=\/wp\/v2\/posts\/43168\/revisions\/43170"}],"wp:featuredmedia":[{"embeddable":true,"href":"https:\/\/radiorevelacionfm.cl\/index.php?rest_route=\/wp\/v2\/media\/43169"}],"wp:attachment":[{"href":"https:\/\/radiorevelacionfm.cl\/index.php?rest_route=%2Fwp%2Fv2%2Fmedia&parent=43168"}],"wp:term":[{"taxonomy":"category","embeddable":true,"href":"https:\/\/radiorevelacionfm.cl\/index.php?rest_route=%2Fwp%2Fv2%2Fcategories&post=43168"},{"taxonomy":"post_tag","embeddable":true,"href":"https:\/\/radiorevelacionfm.cl\/index.php?rest_route=%2Fwp%2Fv2%2Ftags&post=43168"}],"curies":[{"name":"wp","href":"https:\/\/api.w.org\/{rel}","templated":true}]}}