{"id":43165,"date":"2024-06-12T18:56:56","date_gmt":"2024-06-12T21:56:56","guid":{"rendered":"https:\/\/radiorevelacionfm.cl\/?p=43165"},"modified":"2024-06-12T18:56:56","modified_gmt":"2024-06-12T21:56:56","slug":"fiscalia-formaliza-a-imputado-por-7-delitos-de-hurto-y-robo-en-aysen-y-coyhaique","status":"publish","type":"post","link":"https:\/\/radiorevelacionfm.cl\/?p=43165","title":{"rendered":"Fiscal\u00eda formaliza a imputado por 7 delitos de hurto y robo en Ays\u00e9n y Coyhaique"},"content":{"rendered":"<div class=\"flex_column av_one_full  flex_column_div av-zero-column-padding first  avia-builder-el-0  el_before_av_one_full  avia-builder-el-first  \" style='border-radius:0px; '><div  class='avia-image-container  av-styling-    avia-builder-el-1  avia-builder-el-no-sibling  avia-align-center '  itemprop=\"image\" itemscope=\"itemscope\" itemtype=\"https:\/\/schema.org\/ImageObject\"  ><div class='avia-image-container-inner'><div class='avia-image-overlay-wrap'><img decoding=\"async\" class='wp-image-43166 avia-img-lazy-loading-not-43166 avia_image' src=\"https:\/\/radiorevelacionfm.cl\/wp-content\/uploads\/2024\/06\/Pedro_Poblete_2014-1-1.jpg\" alt='' title='Pedro_Poblete_2014 (1) (1)' height=\"600\" width=\"900\"  itemprop=\"thumbnailUrl\" srcset=\"https:\/\/radiorevelacionfm.cl\/wp-content\/uploads\/2024\/06\/Pedro_Poblete_2014-1-1.jpg 900w, https:\/\/radiorevelacionfm.cl\/wp-content\/uploads\/2024\/06\/Pedro_Poblete_2014-1-1-300x200.jpg 300w, https:\/\/radiorevelacionfm.cl\/wp-content\/uploads\/2024\/06\/Pedro_Poblete_2014-1-1-768x512.jpg 768w, https:\/\/radiorevelacionfm.cl\/wp-content\/uploads\/2024\/06\/Pedro_Poblete_2014-1-1-705x470.jpg 705w, https:\/\/radiorevelacionfm.cl\/wp-content\/uploads\/2024\/06\/Pedro_Poblete_2014-1-1-450x300.jpg 450w, https:\/\/radiorevelacionfm.cl\/wp-content\/uploads\/2024\/06\/Pedro_Poblete_2014-1-1-600x400.jpg 600w\" sizes=\"(max-width: 900px) 100vw, 900px\" \/><\/div><\/div><\/div><\/div><div class=\"flex_column av_one_full  flex_column_div av-zero-column-padding first  avia-builder-el-2  el_after_av_one_full  el_before_av_one_full  column-top-margin\" style='border-radius:0px; '><section class=\"av_textblock_section \"  itemscope=\"itemscope\" itemtype=\"https:\/\/schema.org\/BlogPosting\" itemprop=\"blogPost\" ><div class='avia_textblock  '   itemprop=\"text\" ><p style=\"text-align: center;\"><strong><span style=\"font-size: 18pt;\">Fiscal\u00eda formaliza a imputado por 7 delitos de hurto y robo en Ays\u00e9n y Coyhaique<\/span><\/strong><\/p>\n<div id=\"gtx-trans\" style=\"position: absolute; left: -50px; top: 4.31534px;\">\n<div class=\"gtx-trans-icon\"><\/div>\n<\/div>\n<\/div><\/section><\/div><div class=\"flex_column av_one_full  flex_column_div av-zero-column-padding first  avia-builder-el-4  el_after_av_one_full  el_before_av_hr  column-top-margin\" style='border-radius:0px; '><section class=\"av_textblock_section \"  itemscope=\"itemscope\" itemtype=\"https:\/\/schema.org\/BlogPosting\" itemprop=\"blogPost\" ><div class='avia_textblock  '   itemprop=\"text\" ><p style=\"font-weight: 400; text-align: justify;\"><em>Diligencias investigativas fueron realizadas por la PDI y Carabineros. Plazo de investigaci\u00f3n es de 60 d\u00edas.<\/em><\/p>\n<p style=\"font-weight: 400; text-align: justify;\">El Ministerio P\u00fablico formaliz\u00f3 a un imputado de 27 a\u00f1os por 5 delitos de robo y 2 de hurto, ocurridos entre los meses de agosto del a\u00f1o pasado y junio de este a\u00f1o en Puerto Ays\u00e9n y en Coyhaique.<\/p>\n<p style=\"font-weight: 400; text-align: justify;\">Seg\u00fan explic\u00f3 el fiscal jefe de Ays\u00e9n, Pedro Poblete, \u201cla Fiscal\u00eda Local de Ays\u00e9n formaliz\u00f3 investigaci\u00f3n respecto a un imputado como autor de m\u00faltiples delitos contra la propiedad. Estos hechos quedan en conocimiento el d\u00eda viernes, a prop\u00f3sito de una denuncia por receptaci\u00f3n de unos neum\u00e1ticos sustra\u00eddos desde una automotora ubicada en el sector c\u00e9ntrico de la ciudad\u201d.<\/p>\n<p style=\"font-weight: 400; text-align: justify;\">El fiscal Poblete agreg\u00f3 que \u201ccon estos antecedentes se pudo establecer la identidad del detenido, quien registraba otras investigaciones pendientes tanto de la Fiscal\u00eda Local de Ays\u00e9n como de la Fiscal\u00eda de Focos Investigativos, Sacfi, de nuestra Fiscal\u00eda Regional, estableci\u00e9ndose a lo menos su participaci\u00f3n en otros cinco delitos tanto de robo en el lugar no habitado como de hurto simple que afectaron a empresas de la zona, tales como pesquera Fr\u00edo Sur, comerciantes particulares de Puerto Ays\u00e9n y tambi\u00e9n la empresa Covepa en Coyhaique\u201d.<\/p>\n<p style=\"font-weight: 400; text-align: justify;\">Con estos antecedentes, a\u00f1adi\u00f3 el fiscal del Ministerio P\u00fablico, \u201cse formaliz\u00f3 finalmente por dos delitos de hurto simple y cinco de robo en lugar no habitado, solicitando por parte de la Fiscal\u00eda la prisi\u00f3n preventiva del imputado, la cual fue decretada por el Tribunal de Garant\u00eda de esta ciudad, fijando un plazo de investigaci\u00f3n de 60 d\u00edas para tales efectos\u201d.<\/p>\n<p style=\"font-weight: 400; text-align: justify;\">Las diligencias investigativas de este caso fueron efectuadas tanto con Carabineros de la Segunda Comisar\u00eda de Puerto Ays\u00e9n como por la Brigada Investigadora de Robos Coyhaique y la Brigada de Investigaci\u00f3n Criminal Puerto Ays\u00e9n, ambas de la PDI.<\/p>\n<\/div><\/section><\/div><div  style='height:50px' class='hr hr-invisible   avia-builder-el-6  el_after_av_one_full  el_before_av_social_share '><span class='hr-inner ' ><span class='hr-inner-style'><\/span><\/span><\/div><\/p>\n<div  class='av-social-sharing-box  avia-builder-el-7  el_after_av_hr  el_before_av_hr  '><div class='av-share-box'><h5 class='av-share-link-description av-no-toc '>Compartir esta noticia<\/h5><ul class='av-share-box-list noLightbox'><li class='av-share-link av-social-link-facebook' ><a target=\"_blank\" aria-label=\"Compartir en Facebook\" href='https:\/\/www.facebook.com\/sharer.php?u=https:\/\/radiorevelacionfm.cl\/?p=43165&#038;t=Fiscal%C3%ADa%20formaliza%20a%20imputado%20por%207%20delitos%20de%20hurto%20y%20robo%20en%20Ays%C3%A9n%20y%20Coyhaique' aria-hidden='false' data-av_icon='\ue8f3' data-av_iconfont='entypo-fontello' title='' data-avia-related-tooltip='Compartir en Facebook' rel=\"noopener\"><span class='avia_hidden_link_text'>Compartir en Facebook<\/span><\/a><\/li><li class='av-share-link av-social-link-twitter' ><a target=\"_blank\" aria-label=\"Compartir en Twitter\" href='https:\/\/twitter.com\/share?text=Fiscal%C3%ADa%20formaliza%20a%20imputado%20por%207%20delitos%20de%20hurto%20y%20robo%20en%20Ays%C3%A9n%20y%20Coyhaique&#038;url=https:\/\/radiorevelacionfm.cl\/?p=43165' aria-hidden='false' data-av_icon='\ue8f1' data-av_iconfont='entypo-fontello' title='' data-avia-related-tooltip='Compartir en Twitter' rel=\"noopener\"><span class='avia_hidden_link_text'>Compartir en Twitter<\/span><\/a><\/li><li class='av-share-link av-social-link-whatsapp' ><a target=\"_blank\" aria-label=\"Compartir en Whatsapp\" href='https:\/\/api.whatsapp.com\/send?text=https:\/\/radiorevelacionfm.cl\/?p=43165' aria-hidden='false' data-av_icon='\uf232' data-av_iconfont='entypo-fontello' title='' data-avia-related-tooltip='Compartir en Whatsapp' rel=\"noopener\"><span class='avia_hidden_link_text'>Compartir en Whatsapp<\/span><\/a><\/li><li class='av-share-link av-social-link-linkedin' ><a target=\"_blank\" aria-label=\"Compartir en LinkedIn\" href='https:\/\/linkedin.com\/shareArticle?mini=true&#038;title=Fiscal%C3%ADa%20formaliza%20a%20imputado%20por%207%20delitos%20de%20hurto%20y%20robo%20en%20Ays%C3%A9n%20y%20Coyhaique&#038;url=https:\/\/radiorevelacionfm.cl\/?p=43165' aria-hidden='false' data-av_icon='\ue8fc' data-av_iconfont='entypo-fontello' title='' data-avia-related-tooltip='Compartir en LinkedIn' rel=\"noopener\"><span class='avia_hidden_link_text'>Compartir en LinkedIn<\/span><\/a><\/li><li class='av-share-link av-social-link-mail' ><a  aria-label=\"Compartir por correo\" href='mailto:?subject=Fiscal%C3%ADa%20formaliza%20a%20imputado%20por%207%20delitos%20de%20hurto%20y%20robo%20en%20Ays%C3%A9n%20y%20Coyhaique&#038;body=https:\/\/radiorevelacionfm.cl\/?p=43165' aria-hidden='false' data-av_icon='\ue805' data-av_iconfont='entypo-fontello' title='' data-avia-related-tooltip='Compartir por correo'><span class='avia_hidden_link_text'>Compartir por correo<\/span><\/a><\/li><\/ul><\/div><\/div>\n<div  style='height:50px' class='hr hr-invisible   avia-builder-el-8  el_after_av_social_share  el_before_av_comments_list '><span class='hr-inner ' ><span class='hr-inner-style'><\/span><\/span><\/div>\n<div  class='av-buildercomment  av-blog-meta-html-info-disabled av-blog-meta-tag-disabled  '><\/div>\n","protected":false},"excerpt":{"rendered":"","protected":false},"author":1,"featured_media":43166,"comment_status":"open","ping_status":"open","sticky":false,"template":"","format":"standard","meta":{"footnotes":""},"categories":[55],"tags":[],"class_list":["post-43165","post","type-post","status-publish","format-standard","has-post-thumbnail","hentry","category-justicia"],"jetpack_featured_media_url":"https:\/\/radiorevelacionfm.cl\/wp-content\/uploads\/2024\/06\/Pedro_Poblete_2014-1-1.jpg","_links":{"self":[{"href":"https:\/\/radiorevelacionfm.cl\/index.php?rest_route=\/wp\/v2\/posts\/43165","targetHints":{"allow":["GET"]}}],"collection":[{"href":"https:\/\/radiorevelacionfm.cl\/index.php?rest_route=\/wp\/v2\/posts"}],"about":[{"href":"https:\/\/radiorevelacionfm.cl\/index.php?rest_route=\/wp\/v2\/types\/post"}],"author":[{"embeddable":true,"href":"https:\/\/radiorevelacionfm.cl\/index.php?rest_route=\/wp\/v2\/users\/1"}],"replies":[{"embeddable":true,"href":"https:\/\/radiorevelacionfm.cl\/index.php?rest_route=%2Fwp%2Fv2%2Fcomments&post=43165"}],"version-history":[{"count":1,"href":"https:\/\/radiorevelacionfm.cl\/index.php?rest_route=\/wp\/v2\/posts\/43165\/revisions"}],"predecessor-version":[{"id":43167,"href":"https:\/\/radiorevelacionfm.cl\/index.php?rest_route=\/wp\/v2\/posts\/43165\/revisions\/43167"}],"wp:featuredmedia":[{"embeddable":true,"href":"https:\/\/radiorevelacionfm.cl\/index.php?rest_route=\/wp\/v2\/media\/43166"}],"wp:attachment":[{"href":"https:\/\/radiorevelacionfm.cl\/index.php?rest_route=%2Fwp%2Fv2%2Fmedia&parent=43165"}],"wp:term":[{"taxonomy":"category","embeddable":true,"href":"https:\/\/radiorevelacionfm.cl\/index.php?rest_route=%2Fwp%2Fv2%2Fcategories&post=43165"},{"taxonomy":"post_tag","embeddable":true,"href":"https:\/\/radiorevelacionfm.cl\/index.php?rest_route=%2Fwp%2Fv2%2Ftags&post=43165"}],"curies":[{"name":"wp","href":"https:\/\/api.w.org\/{rel}","templated":true}]}}