{"id":43162,"date":"2024-06-12T21:39:26","date_gmt":"2024-06-13T00:39:26","guid":{"rendered":"https:\/\/radiorevelacionfm.cl\/?p=43162"},"modified":"2024-06-12T21:39:26","modified_gmt":"2024-06-13T00:39:26","slug":"jardin-infantil-las-araucarias-desarrolla-experiencia-educativa-con-abejas","status":"publish","type":"post","link":"https:\/\/radiorevelacionfm.cl\/?p=43162","title":{"rendered":"Jard\u00edn Infantil \u201cLas Araucarias\u201d desarrolla experiencia educativa con Abejas"},"content":{"rendered":"<div class=\"flex_column av_one_full  flex_column_div av-zero-column-padding first  avia-builder-el-0  el_before_av_one_full  avia-builder-el-first  \" style='border-radius:0px; '><div  class='avia-image-container  av-styling-    avia-builder-el-1  avia-builder-el-no-sibling  avia-align-center '  itemprop=\"image\" itemscope=\"itemscope\" itemtype=\"https:\/\/schema.org\/ImageObject\"  ><div class='avia-image-container-inner'><div class='avia-image-overlay-wrap'><img decoding=\"async\" class='wp-image-43163 avia-img-lazy-loading-not-43163 avia_image' src=\"https:\/\/radiorevelacionfm.cl\/wp-content\/uploads\/2024\/06\/IMG_7301-min-1-1.jpg\" alt='' title='IMG_7301-min (1) (1)' height=\"600\" width=\"902\"  itemprop=\"thumbnailUrl\" srcset=\"https:\/\/radiorevelacionfm.cl\/wp-content\/uploads\/2024\/06\/IMG_7301-min-1-1.jpg 902w, https:\/\/radiorevelacionfm.cl\/wp-content\/uploads\/2024\/06\/IMG_7301-min-1-1-300x200.jpg 300w, https:\/\/radiorevelacionfm.cl\/wp-content\/uploads\/2024\/06\/IMG_7301-min-1-1-768x511.jpg 768w, https:\/\/radiorevelacionfm.cl\/wp-content\/uploads\/2024\/06\/IMG_7301-min-1-1-705x469.jpg 705w, https:\/\/radiorevelacionfm.cl\/wp-content\/uploads\/2024\/06\/IMG_7301-min-1-1-450x299.jpg 450w, https:\/\/radiorevelacionfm.cl\/wp-content\/uploads\/2024\/06\/IMG_7301-min-1-1-600x399.jpg 600w\" sizes=\"(max-width: 902px) 100vw, 902px\" \/><\/div><\/div><\/div><\/div><div class=\"flex_column av_one_full  flex_column_div av-zero-column-padding first  avia-builder-el-2  el_after_av_one_full  el_before_av_one_full  column-top-margin\" style='border-radius:0px; '><section class=\"av_textblock_section \"  itemscope=\"itemscope\" itemtype=\"https:\/\/schema.org\/BlogPosting\" itemprop=\"blogPost\" ><div class='avia_textblock  '   itemprop=\"text\" ><p style=\"text-align: center;\"><strong><span style=\"font-size: 18pt;\">Jard\u00edn Infantil \u201cLas Araucarias\u201d desarrolla experiencia educativa con Abejas<\/span><\/strong><\/p>\n<div id=\"gtx-trans\" style=\"position: absolute; left: -50px; top: 4.31534px;\">\n<div class=\"gtx-trans-icon\"><\/div>\n<\/div>\n<\/div><\/section><\/div><div class=\"flex_column av_one_full  flex_column_div av-zero-column-padding first  avia-builder-el-4  el_after_av_one_full  el_before_av_hr  column-top-margin\" style='border-radius:0px; '><section class=\"av_textblock_section \"  itemscope=\"itemscope\" itemtype=\"https:\/\/schema.org\/BlogPosting\" itemprop=\"blogPost\" ><div class='avia_textblock  '   itemprop=\"text\" ><p style=\"text-align: justify;\"><em>Esta actividad se enmarca dentro del trabajo sistem\u00e1tico que el establecimiento viene desarrollando en esta manera, buscando aumentar su nivel de Certificaci\u00f3n Ambiental como Establecimiento Educacional.<\/em><\/p>\n<p style=\"text-align: justify;\">El equipo educativo del jard\u00edn infantil y sala cuna \u201cLas Araucarias\u201d de Coyhaique realiz\u00f3 una experiencia educativa con el grupo de Forjadores Ambientales del establecimiento denominados \u201cAucaritos\u201d en la que se reforz\u00f3 el importante rol que tienen las abejas para el Planeta.<\/p>\n<p style=\"text-align: justify;\">Katerine Gallardo, presidenta del comit\u00e9 de medioambiente del jard\u00edn infantil destaca que \u201cse desarroll\u00f3 una experiencia educativa muy bonita e innovadora para los asistentes. Los ni\u00f1os (as) se fueron encantados y las familias maravilladas con la experiencia ya que este tipo de instancias (de traer abejas) sucede muy pocas veces. Esta actividad va dentro de las acciones que estamos desarrollando para poder alcanzar nuestra certificaci\u00f3n ambiental de excelencia\u201d.<\/p>\n<p style=\"text-align: justify;\">Cabe destacar que<strong>\u00a0<\/strong>el equipo educativo del establecimiento desde hace varios a\u00f1os viene desarrollando un trabajo met\u00f3dico en materia de cuidado, educaci\u00f3n y protecci\u00f3n del medioambiente con el grupo de Forjadores Ambientales, asumiendo, de manera individual como colectiva, la responsabilidad de motivar a los integrantes de la comunidad educativa en la incorporaci\u00f3n de pr\u00e1cticas responsables con el medio ambiente.<\/p>\n<p style=\"text-align: justify;\">Katerine Gallardo explica que el jard\u00edn infantil \u201ctiene un sello art\u00edstico, pero tambi\u00e9n damos \u00e9nfasis a los temas medioambientales porque son temas para la vida, entonces tratamos de inculcar educaci\u00f3n ambiental desde la Primera Infancia\u201d. A la vez explica que \u201ceste grupo se form\u00f3 el 2018 y se han realizado diferentes experiencias educativas lo que nos tiene s\u00faper motivadas lo eso se ve reflejado en la cara de gratificaci\u00f3n de las familias, y eso no tiene precio\u201d.<\/p>\n<p style=\"text-align: justify;\">Cabe se\u00f1alar que esta experiencia cont\u00f3 con la participaci\u00f3n de ni\u00f1as y ni\u00f1os de los niveles sala cuna como de niveles medios, adem\u00e1s de algunas familias y parte del equipo educativo que forma parte de los Forjadores Ambientales, quienes prepararon una sala del jard\u00edn infantil para poder ver el trabajo que hay en las colmenas, la composici\u00f3n f\u00edsica de las abejas, la estructura social de una colmena, su rol en la naturaleza, la labor del apicultor e incluso probar la miel.<\/p>\n<p style=\"text-align: justify;\">Katherine Ruiz, una de las apoderadas que particip\u00f3 de esta actividad destac\u00f3 que \u201cel jard\u00edn infantil cumple un gran rol en esta materia. Le ense\u00f1an (a los ni\u00f1os) mucho respecto del medio ambiente, de la naturaleza, cuidado de los recursos. Este taller es muy novedoso y de mucho provecho porque ya vienen trabajando esta tem\u00e1tica y cierto conocimiento respecto de las abejas y ahora conocerlas, mirarlas y tratar de tocarlas es un gran aprendizaje\u201d.<\/p>\n<p style=\"text-align: justify;\">Dato no menor es que Fundaci\u00f3n Integra en alianza con el Servicio Agr\u00edcola Ganadero (SAG) hace un par de a\u00f1os publicaron el libro \u201cEl Dulce Zumbido, un paseo por el maravilloso mundo de las abejas\u201d, en el que se muestra el rol que tiene la abeja en nuestra sociedad, texto con el cual el equipo educativo del establecimiento ha ido trabajando esta tem\u00e1tica.<\/p>\n<p style=\"text-align: justify;\">Leticia Araya Norambuena, directora regional de Fundaci\u00f3n Integra tras el fin de esta actividad recalca \u201cel proceso que se desarrolla para llegar a este tipo de experiencias. No es que esto suceda en este momento, sino que hay un proceso previo que hace el equipo trabajando la tem\u00e1tica con los ni\u00f1os y ni\u00f1as, transform\u00e1ndolo en un momento significativo para todos los que estaban presentes\u201d.<\/p>\n<p style=\"text-align: justify;\">Fundaci\u00f3n Integra, con 33 a\u00f1os de experiencia y m\u00e1s de 1.200 salas cuna y jardines infantiles gratuitos en todo el pa\u00eds, trabaja para que ni\u00f1as y ni\u00f1os alcancen su desarrollo pleno, bienestar integral y aprendizajes significativos, a trav\u00e9s de su protagonismo en espacios educativos amorosos, inclusivos, diversos y de calidad.<\/p>\n<\/div><\/section><\/div><div  style='height:50px' class='hr hr-invisible   avia-builder-el-6  el_after_av_one_full  el_before_av_social_share '><span class='hr-inner ' ><span class='hr-inner-style'><\/span><\/span><\/div><\/p>\n<div  class='av-social-sharing-box  avia-builder-el-7  el_after_av_hr  el_before_av_hr  '><div class='av-share-box'><h5 class='av-share-link-description av-no-toc '>Compartir esta noticia<\/h5><ul class='av-share-box-list noLightbox'><li class='av-share-link av-social-link-facebook' ><a target=\"_blank\" aria-label=\"Compartir en Facebook\" href='https:\/\/www.facebook.com\/sharer.php?u=https:\/\/radiorevelacionfm.cl\/?p=43162&#038;t=Jard%C3%ADn%20Infantil%20%E2%80%9CLas%20Araucarias%E2%80%9D%20desarrolla%20experiencia%20educativa%20con%20Abejas' aria-hidden='false' data-av_icon='\ue8f3' data-av_iconfont='entypo-fontello' title='' data-avia-related-tooltip='Compartir en Facebook' rel=\"noopener\"><span class='avia_hidden_link_text'>Compartir en Facebook<\/span><\/a><\/li><li class='av-share-link av-social-link-twitter' ><a target=\"_blank\" aria-label=\"Compartir en Twitter\" href='https:\/\/twitter.com\/share?text=Jard%C3%ADn%20Infantil%20%E2%80%9CLas%20Araucarias%E2%80%9D%20desarrolla%20experiencia%20educativa%20con%20Abejas&#038;url=https:\/\/radiorevelacionfm.cl\/?p=43162' aria-hidden='false' data-av_icon='\ue8f1' data-av_iconfont='entypo-fontello' title='' data-avia-related-tooltip='Compartir en Twitter' rel=\"noopener\"><span class='avia_hidden_link_text'>Compartir en Twitter<\/span><\/a><\/li><li class='av-share-link av-social-link-whatsapp' ><a target=\"_blank\" aria-label=\"Compartir en Whatsapp\" href='https:\/\/api.whatsapp.com\/send?text=https:\/\/radiorevelacionfm.cl\/?p=43162' aria-hidden='false' data-av_icon='\uf232' data-av_iconfont='entypo-fontello' title='' data-avia-related-tooltip='Compartir en Whatsapp' rel=\"noopener\"><span class='avia_hidden_link_text'>Compartir en Whatsapp<\/span><\/a><\/li><li class='av-share-link av-social-link-linkedin' ><a target=\"_blank\" aria-label=\"Compartir en LinkedIn\" href='https:\/\/linkedin.com\/shareArticle?mini=true&#038;title=Jard%C3%ADn%20Infantil%20%E2%80%9CLas%20Araucarias%E2%80%9D%20desarrolla%20experiencia%20educativa%20con%20Abejas&#038;url=https:\/\/radiorevelacionfm.cl\/?p=43162' aria-hidden='false' data-av_icon='\ue8fc' data-av_iconfont='entypo-fontello' title='' data-avia-related-tooltip='Compartir en LinkedIn' rel=\"noopener\"><span class='avia_hidden_link_text'>Compartir en LinkedIn<\/span><\/a><\/li><li class='av-share-link av-social-link-mail' ><a  aria-label=\"Compartir por correo\" href='mailto:?subject=Jard%C3%ADn%20Infantil%20%E2%80%9CLas%20Araucarias%E2%80%9D%20desarrolla%20experiencia%20educativa%20con%20Abejas&#038;body=https:\/\/radiorevelacionfm.cl\/?p=43162' aria-hidden='false' data-av_icon='\ue805' data-av_iconfont='entypo-fontello' title='' data-avia-related-tooltip='Compartir por correo'><span class='avia_hidden_link_text'>Compartir por correo<\/span><\/a><\/li><\/ul><\/div><\/div>\n<div  style='height:50px' class='hr hr-invisible   avia-builder-el-8  el_after_av_social_share  el_before_av_comments_list '><span class='hr-inner ' ><span class='hr-inner-style'><\/span><\/span><\/div>\n<div  class='av-buildercomment  av-blog-meta-html-info-disabled av-blog-meta-tag-disabled  '><\/div>\n","protected":false},"excerpt":{"rendered":"","protected":false},"author":1,"featured_media":43163,"comment_status":"open","ping_status":"open","sticky":false,"template":"","format":"standard","meta":{"footnotes":""},"categories":[49],"tags":[],"class_list":["post-43162","post","type-post","status-publish","format-standard","has-post-thumbnail","hentry","category-educacion"],"jetpack_featured_media_url":"https:\/\/radiorevelacionfm.cl\/wp-content\/uploads\/2024\/06\/IMG_7301-min-1-1.jpg","_links":{"self":[{"href":"https:\/\/radiorevelacionfm.cl\/index.php?rest_route=\/wp\/v2\/posts\/43162","targetHints":{"allow":["GET"]}}],"collection":[{"href":"https:\/\/radiorevelacionfm.cl\/index.php?rest_route=\/wp\/v2\/posts"}],"about":[{"href":"https:\/\/radiorevelacionfm.cl\/index.php?rest_route=\/wp\/v2\/types\/post"}],"author":[{"embeddable":true,"href":"https:\/\/radiorevelacionfm.cl\/index.php?rest_route=\/wp\/v2\/users\/1"}],"replies":[{"embeddable":true,"href":"https:\/\/radiorevelacionfm.cl\/index.php?rest_route=%2Fwp%2Fv2%2Fcomments&post=43162"}],"version-history":[{"count":1,"href":"https:\/\/radiorevelacionfm.cl\/index.php?rest_route=\/wp\/v2\/posts\/43162\/revisions"}],"predecessor-version":[{"id":43164,"href":"https:\/\/radiorevelacionfm.cl\/index.php?rest_route=\/wp\/v2\/posts\/43162\/revisions\/43164"}],"wp:featuredmedia":[{"embeddable":true,"href":"https:\/\/radiorevelacionfm.cl\/index.php?rest_route=\/wp\/v2\/media\/43163"}],"wp:attachment":[{"href":"https:\/\/radiorevelacionfm.cl\/index.php?rest_route=%2Fwp%2Fv2%2Fmedia&parent=43162"}],"wp:term":[{"taxonomy":"category","embeddable":true,"href":"https:\/\/radiorevelacionfm.cl\/index.php?rest_route=%2Fwp%2Fv2%2Fcategories&post=43162"},{"taxonomy":"post_tag","embeddable":true,"href":"https:\/\/radiorevelacionfm.cl\/index.php?rest_route=%2Fwp%2Fv2%2Ftags&post=43162"}],"curies":[{"name":"wp","href":"https:\/\/api.w.org\/{rel}","templated":true}]}}