{"id":43153,"date":"2024-06-12T18:22:42","date_gmt":"2024-06-12T21:22:42","guid":{"rendered":"https:\/\/radiorevelacionfm.cl\/?p=43153"},"modified":"2024-06-12T18:22:42","modified_gmt":"2024-06-12T21:22:42","slug":"usuarios-entregan-positivo-balance-del-expreso-conecta-mayor-del-municipio-de-aysen","status":"publish","type":"post","link":"https:\/\/radiorevelacionfm.cl\/?p=43153","title":{"rendered":"Usuarios entregan positivo balance del \u201cExpreso Conecta Mayor\u201d del Municipio de Ays\u00e9n"},"content":{"rendered":"<div class=\"flex_column av_one_full  flex_column_div av-zero-column-padding first  avia-builder-el-0  el_before_av_one_full  avia-builder-el-first  \" style='border-radius:0px; '><div  class='avia-image-container  av-styling-    avia-builder-el-1  avia-builder-el-no-sibling  avia-align-center '  itemprop=\"image\" itemscope=\"itemscope\" itemtype=\"https:\/\/schema.org\/ImageObject\"  ><div class='avia-image-container-inner'><div class='avia-image-overlay-wrap'><img decoding=\"async\" class='wp-image-43154 avia-img-lazy-loading-not-43154 avia_image' src=\"https:\/\/radiorevelacionfm.cl\/wp-content\/uploads\/2024\/06\/CONECTA-MAYOR-4-1-1.jpg\" alt='' title='CONECTA MAYOR 4 (1) (1)' height=\"600\" width=\"1067\"  itemprop=\"thumbnailUrl\" srcset=\"https:\/\/radiorevelacionfm.cl\/wp-content\/uploads\/2024\/06\/CONECTA-MAYOR-4-1-1.jpg 1067w, https:\/\/radiorevelacionfm.cl\/wp-content\/uploads\/2024\/06\/CONECTA-MAYOR-4-1-1-300x169.jpg 300w, https:\/\/radiorevelacionfm.cl\/wp-content\/uploads\/2024\/06\/CONECTA-MAYOR-4-1-1-1030x579.jpg 1030w, https:\/\/radiorevelacionfm.cl\/wp-content\/uploads\/2024\/06\/CONECTA-MAYOR-4-1-1-768x432.jpg 768w, https:\/\/radiorevelacionfm.cl\/wp-content\/uploads\/2024\/06\/CONECTA-MAYOR-4-1-1-705x396.jpg 705w, https:\/\/radiorevelacionfm.cl\/wp-content\/uploads\/2024\/06\/CONECTA-MAYOR-4-1-1-450x253.jpg 450w, https:\/\/radiorevelacionfm.cl\/wp-content\/uploads\/2024\/06\/CONECTA-MAYOR-4-1-1-600x337.jpg 600w\" sizes=\"(max-width: 1067px) 100vw, 1067px\" \/><\/div><\/div><\/div><\/div><div class=\"flex_column av_one_full  flex_column_div av-zero-column-padding first  avia-builder-el-2  el_after_av_one_full  el_before_av_one_full  column-top-margin\" style='border-radius:0px; '><section class=\"av_textblock_section \"  itemscope=\"itemscope\" itemtype=\"https:\/\/schema.org\/BlogPosting\" itemprop=\"blogPost\" ><div class='avia_textblock  '   itemprop=\"text\" ><p style=\"text-align: center;\"><strong><span style=\"font-size: 18pt;\">Usuarios entregan positivo balance del \u201cExpreso Conecta Mayor\u201d del Municipio de Ays\u00e9n<\/span><\/strong><\/p>\n<div id=\"gtx-trans\" style=\"position: absolute; left: -50px; top: 4.31534px;\">\n<div class=\"gtx-trans-icon\"><\/div>\n<\/div>\n<\/div><\/section><\/div><div class=\"flex_column av_one_full  flex_column_div av-zero-column-padding first  avia-builder-el-4  el_after_av_one_full  el_before_av_hr  column-top-margin\" style='border-radius:0px; '><section class=\"av_textblock_section \"  itemscope=\"itemscope\" itemtype=\"https:\/\/schema.org\/BlogPosting\" itemprop=\"blogPost\" ><div class='avia_textblock  '   itemprop=\"text\" ><p style=\"text-align: justify;\"><em>Solo entre los meses de abril y mayo se han realizado 580 traslados, beneficio coordinado por la Oficina Municipal del Adulto Mayor.<\/em><\/p>\n<p style=\"text-align: justify;\">Durante los \u00faltimos d\u00edas, la coordinadora de la Oficina Municipal del Adulto Mayor Mirna Turra y su equipo, se encuentran en proceso de aplicaci\u00f3n de la encuesta de retroalimentaci\u00f3n de la prestaci\u00f3n de servicios en las rutas de recorridos del \u201cExpreso Conecta Mayor\u201d, donde la poblaci\u00f3n objetivo que demanda el servicio es quien eval\u00faa\u00a0y manifiesta sus necesidades en relaci\u00f3n al transporte para personas mayores enmarcada en la licitaci\u00f3n p\u00fablica.<\/p>\n<p style=\"text-align: justify;\">Los resultados han sido muy satisfactorios y la prestaci\u00f3n de servicios de la empresa es muy bien evaluada por las personas mayores y adem\u00e1s\u00a0destacan\u00a0las condiciones del transfer titular y el de reemplazo por la limpieza, comodidad, el trato cordial, afable, amigable de los conductores, la puntualidad, etc. lo que facilita a\u00fan\u00a0m\u00e1s el proceso de desarrollo del trabajo en ejecuci\u00f3n.<\/p>\n<p style=\"text-align: justify;\">\u201cEl conductor y la empresa han sido muy bien evaluados, con un nivel de desempe\u00f1o optimo, las personas valoran mucho la calidad de los veh\u00edculos, el aseo, las personas se sienten consideradas y respetadas. El Expreso Conecta Mayor les ha servido para realizar diversos tr\u00e1mites, los adultos mayores refieren que est\u00e1n muy conformes con el servicio de los conductores y del due\u00f1o de la empresa\u201d, se\u00f1al\u00f3 Mirna Turra.<\/p>\n<p style=\"text-align: justify;\">La coordinadora de la Oficina Municipal del Adulto Mayor de Ays\u00e9n, hizo un llamado a las personas mayores a utilizar este beneficio gratuito y donde les permite acercarse a los servicios p\u00fablicos, incluso de manera intercomunal. \u201cHacemos un llamado a todas las personas de 60 a\u00f1os y m\u00e1s, que requieran de la prestaci\u00f3n de servicio del transporte exclusivo para los adultos mayores, incluso pueden llevar un acompa\u00f1ante mayor de 18 a\u00f1os, para realizar diversos tr\u00e1mites, tanto a nivel comunal como intercomunal, eso va a depender de la necesidad de las personas mayores\u201d.<\/p>\n<p style=\"text-align: justify;\">Algunas de las personas que utilizan habitualmente el servicio del \u201cExpreso Conecta Mayor\u201d, pusieron en valor el importante apoyo que les brinda este medio de transporte facilitado por la Municipalidad de Ays\u00e9n.<\/p>\n<p style=\"text-align: justify;\">\u201cSirve de mucho porque nosotros somos adultos mayores, sirve de mucho este transporte. Yo vivo en Ribera Sur, entonces, cuando est\u00e1 lloviendo es bueno, porque a uno lo van a buscar a su casa, sobre todo cuando uno tiene que ir al hospital, a comprar al centro. Es muy \u00fatil, porque a veces los colectivos no nos pasan a buscar\u201d, mencionaba don Jos\u00e9. En tanto, la se\u00f1ora Mar\u00eda, resalt\u00f3 lo positivo de contar con este beneficio, \u201cpara m\u00ed el bus es muy bueno, estoy muy contenta y esto est\u00e1 muy bien\u201d.<\/p>\n<p style=\"text-align: justify;\">La ruta de recorrido del Expreso Conecta Mayor es, los d\u00edas lunes y jueves el traslado es a Coyhaique, los d\u00edas martes y viernes Puerto Ays\u00e9n y los mi\u00e9rcoles desde la localidad de Villa Ma\u00f1ihuales.<\/p>\n<\/div><\/section><\/div><div  style='height:50px' class='hr hr-invisible   avia-builder-el-6  el_after_av_one_full  el_before_av_social_share '><span class='hr-inner ' ><span class='hr-inner-style'><\/span><\/span><\/div><\/p>\n<div  class='av-social-sharing-box  avia-builder-el-7  el_after_av_hr  el_before_av_hr  '><div class='av-share-box'><h5 class='av-share-link-description av-no-toc '>Compartir esta noticia<\/h5><ul class='av-share-box-list noLightbox'><li class='av-share-link av-social-link-facebook' ><a target=\"_blank\" aria-label=\"Compartir en Facebook\" href='https:\/\/www.facebook.com\/sharer.php?u=https:\/\/radiorevelacionfm.cl\/?p=43153&#038;t=Usuarios%20entregan%20positivo%20balance%20del%20%E2%80%9CExpreso%20Conecta%20Mayor%E2%80%9D%20del%20Municipio%20de%20Ays%C3%A9n' aria-hidden='false' data-av_icon='\ue8f3' data-av_iconfont='entypo-fontello' title='' data-avia-related-tooltip='Compartir en Facebook' rel=\"noopener\"><span class='avia_hidden_link_text'>Compartir en Facebook<\/span><\/a><\/li><li class='av-share-link av-social-link-twitter' ><a target=\"_blank\" aria-label=\"Compartir en Twitter\" href='https:\/\/twitter.com\/share?text=Usuarios%20entregan%20positivo%20balance%20del%20%E2%80%9CExpreso%20Conecta%20Mayor%E2%80%9D%20del%20Municipio%20de%20Ays%C3%A9n&#038;url=https:\/\/radiorevelacionfm.cl\/?p=43153' aria-hidden='false' data-av_icon='\ue8f1' data-av_iconfont='entypo-fontello' title='' data-avia-related-tooltip='Compartir en Twitter' rel=\"noopener\"><span class='avia_hidden_link_text'>Compartir en Twitter<\/span><\/a><\/li><li class='av-share-link av-social-link-whatsapp' ><a target=\"_blank\" aria-label=\"Compartir en Whatsapp\" href='https:\/\/api.whatsapp.com\/send?text=https:\/\/radiorevelacionfm.cl\/?p=43153' aria-hidden='false' data-av_icon='\uf232' data-av_iconfont='entypo-fontello' title='' data-avia-related-tooltip='Compartir en Whatsapp' rel=\"noopener\"><span class='avia_hidden_link_text'>Compartir en Whatsapp<\/span><\/a><\/li><li class='av-share-link av-social-link-linkedin' ><a target=\"_blank\" aria-label=\"Compartir en LinkedIn\" href='https:\/\/linkedin.com\/shareArticle?mini=true&#038;title=Usuarios%20entregan%20positivo%20balance%20del%20%E2%80%9CExpreso%20Conecta%20Mayor%E2%80%9D%20del%20Municipio%20de%20Ays%C3%A9n&#038;url=https:\/\/radiorevelacionfm.cl\/?p=43153' aria-hidden='false' data-av_icon='\ue8fc' data-av_iconfont='entypo-fontello' title='' data-avia-related-tooltip='Compartir en LinkedIn' rel=\"noopener\"><span class='avia_hidden_link_text'>Compartir en LinkedIn<\/span><\/a><\/li><li class='av-share-link av-social-link-mail' ><a  aria-label=\"Compartir por correo\" href='mailto:?subject=Usuarios%20entregan%20positivo%20balance%20del%20%E2%80%9CExpreso%20Conecta%20Mayor%E2%80%9D%20del%20Municipio%20de%20Ays%C3%A9n&#038;body=https:\/\/radiorevelacionfm.cl\/?p=43153' aria-hidden='false' data-av_icon='\ue805' data-av_iconfont='entypo-fontello' title='' data-avia-related-tooltip='Compartir por correo'><span class='avia_hidden_link_text'>Compartir por correo<\/span><\/a><\/li><\/ul><\/div><\/div>\n<div  style='height:50px' class='hr hr-invisible   avia-builder-el-8  el_after_av_social_share  el_before_av_comments_list '><span class='hr-inner ' ><span class='hr-inner-style'><\/span><\/span><\/div>\n<div  class='av-buildercomment  av-blog-meta-html-info-disabled av-blog-meta-tag-disabled  '><\/div>\n","protected":false},"excerpt":{"rendered":"","protected":false},"author":1,"featured_media":43154,"comment_status":"open","ping_status":"open","sticky":false,"template":"","format":"standard","meta":{"footnotes":""},"categories":[38],"tags":[],"class_list":["post-43153","post","type-post","status-publish","format-standard","has-post-thumbnail","hentry","category-regional"],"jetpack_featured_media_url":"https:\/\/radiorevelacionfm.cl\/wp-content\/uploads\/2024\/06\/CONECTA-MAYOR-4-1-1.jpg","_links":{"self":[{"href":"https:\/\/radiorevelacionfm.cl\/index.php?rest_route=\/wp\/v2\/posts\/43153","targetHints":{"allow":["GET"]}}],"collection":[{"href":"https:\/\/radiorevelacionfm.cl\/index.php?rest_route=\/wp\/v2\/posts"}],"about":[{"href":"https:\/\/radiorevelacionfm.cl\/index.php?rest_route=\/wp\/v2\/types\/post"}],"author":[{"embeddable":true,"href":"https:\/\/radiorevelacionfm.cl\/index.php?rest_route=\/wp\/v2\/users\/1"}],"replies":[{"embeddable":true,"href":"https:\/\/radiorevelacionfm.cl\/index.php?rest_route=%2Fwp%2Fv2%2Fcomments&post=43153"}],"version-history":[{"count":1,"href":"https:\/\/radiorevelacionfm.cl\/index.php?rest_route=\/wp\/v2\/posts\/43153\/revisions"}],"predecessor-version":[{"id":43156,"href":"https:\/\/radiorevelacionfm.cl\/index.php?rest_route=\/wp\/v2\/posts\/43153\/revisions\/43156"}],"wp:featuredmedia":[{"embeddable":true,"href":"https:\/\/radiorevelacionfm.cl\/index.php?rest_route=\/wp\/v2\/media\/43154"}],"wp:attachment":[{"href":"https:\/\/radiorevelacionfm.cl\/index.php?rest_route=%2Fwp%2Fv2%2Fmedia&parent=43153"}],"wp:term":[{"taxonomy":"category","embeddable":true,"href":"https:\/\/radiorevelacionfm.cl\/index.php?rest_route=%2Fwp%2Fv2%2Fcategories&post=43153"},{"taxonomy":"post_tag","embeddable":true,"href":"https:\/\/radiorevelacionfm.cl\/index.php?rest_route=%2Fwp%2Fv2%2Ftags&post=43153"}],"curies":[{"name":"wp","href":"https:\/\/api.w.org\/{rel}","templated":true}]}}