{"id":43150,"date":"2024-06-13T11:05:12","date_gmt":"2024-06-13T14:05:12","guid":{"rendered":"https:\/\/radiorevelacionfm.cl\/?p=43150"},"modified":"2024-06-13T11:05:12","modified_gmt":"2024-06-13T14:05:12","slug":"trabajo-intersectorial-busca-detener-aceleracion-del-sobrepeso-y-obesidad-en-etapas-de-la-ninez-y-adolescencia-en-aysen","status":"publish","type":"post","link":"https:\/\/radiorevelacionfm.cl\/?p=43150","title":{"rendered":"Trabajo intersectorial busca detener aceleraci\u00f3n del sobrepeso y obesidad en etapas de la ni\u00f1ez y adolescencia en Ays\u00e9n"},"content":{"rendered":"<div class=\"flex_column av_one_full  flex_column_div av-zero-column-padding first  avia-builder-el-0  el_before_av_one_full  avia-builder-el-first  \" style='border-radius:0px; '><div  class='avia-image-container  av-styling-    avia-builder-el-1  avia-builder-el-no-sibling  avia-align-center '  itemprop=\"image\" itemscope=\"itemscope\" itemtype=\"https:\/\/schema.org\/ImageObject\"  ><div class='avia-image-container-inner'><div class='avia-image-overlay-wrap'><img decoding=\"async\" class='wp-image-43151 avia-img-lazy-loading-not-43151 avia_image' src=\"https:\/\/radiorevelacionfm.cl\/wp-content\/uploads\/2024\/06\/lanzamiento-estrategia-1-1.jpg\" alt='' title='lanzamiento estrategia (1) (1)' height=\"600\" width=\"800\"  itemprop=\"thumbnailUrl\" srcset=\"https:\/\/radiorevelacionfm.cl\/wp-content\/uploads\/2024\/06\/lanzamiento-estrategia-1-1.jpg 800w, https:\/\/radiorevelacionfm.cl\/wp-content\/uploads\/2024\/06\/lanzamiento-estrategia-1-1-300x225.jpg 300w, https:\/\/radiorevelacionfm.cl\/wp-content\/uploads\/2024\/06\/lanzamiento-estrategia-1-1-768x576.jpg 768w, https:\/\/radiorevelacionfm.cl\/wp-content\/uploads\/2024\/06\/lanzamiento-estrategia-1-1-705x529.jpg 705w, https:\/\/radiorevelacionfm.cl\/wp-content\/uploads\/2024\/06\/lanzamiento-estrategia-1-1-450x338.jpg 450w, https:\/\/radiorevelacionfm.cl\/wp-content\/uploads\/2024\/06\/lanzamiento-estrategia-1-1-600x450.jpg 600w\" sizes=\"(max-width: 800px) 100vw, 800px\" \/><\/div><\/div><\/div><\/div><div class=\"flex_column av_one_full  flex_column_div av-zero-column-padding first  avia-builder-el-2  el_after_av_one_full  el_before_av_one_full  column-top-margin\" style='border-radius:0px; '><section class=\"av_textblock_section \"  itemscope=\"itemscope\" itemtype=\"https:\/\/schema.org\/BlogPosting\" itemprop=\"blogPost\" ><div class='avia_textblock  '   itemprop=\"text\" ><p style=\"text-align: center;\"><span style=\"font-size: 18pt;\"><strong>Trabajo intersectorial busca detener aceleraci\u00f3n del sobrepeso y obesidad en etapas de la ni\u00f1ez y adolescencia en Ays\u00e9n<\/strong><\/span><\/p>\n<div id=\"gtx-trans\" style=\"position: absolute; left: -50px; top: 4.31534px;\">\n<div class=\"gtx-trans-icon\"><\/div>\n<\/div>\n<\/div><\/section><\/div><div class=\"flex_column av_one_full  flex_column_div av-zero-column-padding first  avia-builder-el-4  el_after_av_one_full  el_before_av_hr  column-top-margin\" style='border-radius:0px; '><section class=\"av_textblock_section \"  itemscope=\"itemscope\" itemtype=\"https:\/\/schema.org\/BlogPosting\" itemprop=\"blogPost\" ><div class='avia_textblock  '   itemprop=\"text\" ><p style=\"text-align: justify;\"><em>La estrategia para alcanzar este objetivo, liderada por la Seremi de Salud, planeta la ejecuci\u00f3n de acciones que permitan promover h\u00e1bitos y ambientes saludables desde los primeros a\u00f1os de vida de los ni\u00f1os y ni\u00f1as de la regi\u00f3n.<\/em><\/p>\n<p style=\"text-align: justify;\">Este lunes, con la participaci\u00f3n de diversas autoridades y servicios p\u00fablicos de la regi\u00f3n, se llev\u00f3 a cabo el lanzamiento de la \u201cEstrategia para Detener la Aceleraci\u00f3n del Sobrepeso y Obesidad en la Ni\u00f1ez y Adolescencia 2023- 2030 del Ministerio de Salud\u201d, medida que plantea 29 l\u00edneas de acci\u00f3n y un trabajo coordinado entre los Ministerios de Salud, Trabajo y Previsi\u00f3n Social, Mujer y Equidad de G\u00e9nero, Desarrollo Social y Familia, Deportes, Agricultura, Econom\u00eda y Educaci\u00f3n; adem\u00e1s de las direcciones regionales del Instituto del Deporte, Fundaci\u00f3n INTEGRA, JUNJI y JUNAEB.<\/p>\n<p style=\"text-align: justify;\">En base a datos obtenidos por la encuesta de salud, durante el per\u00edodo 2010 y 2020, uno de los principales problemas de salud p\u00fablica que afecta a los ni\u00f1os y ni\u00f1as menores de 6 a\u00f1os en la actualidad es el aumento sostenido del sobrepeso y obesidad, donde seg\u00fan informaci\u00f3n de los menores atendidos en el sistema p\u00fablico se produjo un aumento de 9,9% a 12,42% en los rangos de obesidad.<\/p>\n<p style=\"text-align: justify;\">Informaci\u00f3n que se asemeja al mapa nutricional entregado por la Junta Nacional de Auxilio Escolar y Becas (JUNAEB), donde la regi\u00f3n de Ays\u00e9n se encuentra entre una de las tres zonas del pa\u00eds con estudiantes evaluados con mal nutrici\u00f3n por exceso, con un 56,03%. Cifras que resultan importantes de comenzar a detener entre el trabajo coordinado de diversos organismos p\u00fablicos, tal como lo manifest\u00f3 el Director de la JUNAEB, Manuel Vivar.\u00a0 \u201cLas cifras del mapa nutricional 2023, nos arroja una situaci\u00f3n preocupante, somos unas de las tres regiones que presenta los mayores \u00edndices de sobrepeso y obesidad entre nuestros estudiantes, una realidad que nos llama a coordinarnos entre distintos servicios p\u00fablicos para abordar esta situaci\u00f3n, pero que adem\u00e1s requerir\u00e1 del apoyo y colaboraci\u00f3n de las familias para que entre todos logremos impulsar iniciativas y actividades que promuevan una vida saludable entre nuestros estudiantes\u201d.<\/p>\n<p style=\"text-align: justify;\">Por su parte, la Seremi de Salud Ays\u00e9n, destac\u00f3 los alcances de esta iniciativa.\u00a0 \u201cUno de los focos del Gobierno de nuestro Presidente Gabriel Boric, es la protecci\u00f3n de la infancia, y como Autoridad Sanitaria y equipos de salud p\u00fablica, estamos muy satisfechos de haber podido instalar en la mesa\u00a0 de equidad regional, la subcomisi\u00f3n que se encargar\u00e1 de trabajar respecto de un problema de salud p\u00fablica prioritaria, como lo es la obesidad y sobrepeso en la poblaci\u00f3n infantil y adolescente, y con el lanzamiento de esta estrategia ministerial que tiene el apoyo de ocho ministerios, esperamos abordar objetivamente estos problemas intersectorialmente para mejorar la calidad de vida de nuestras comunidades\u201d.<\/p>\n<p style=\"text-align: justify;\">Similar opini\u00f3n fue la que entreg\u00f3, el Seremi del Trabajo, Rodrigo D\u00edaz.\u00a0 \u201cComo dijo la Seremi de Salud, tenemos que articularnos y trabajar en com\u00fan, porque esto es una pol\u00edtica de estado, para que en nuestra regi\u00f3n de Ays\u00e9n todos colaboremos a disminuir los \u00edndices de obesidad\u201d.<\/p>\n<p style=\"text-align: justify;\">Dentro de las acciones a desarrollar en esta estrategia, se encuentra la de impulsar un Proyecto de Ley para estimular la actividad f\u00edsica y el deporte en los establecimientos educacionales, un hecho que fue destacado por la Seremi del Deporte, Mar\u00eda Eugenia Dur\u00e1n.\u00a0 \u201cDesde el Ministerio del Deporte estamos participando de esta estrategia, donde esperamos poder tomar decisiones a nivel regional, donde una de las medidas fundamentales es poder aumentar la cantidad de actividad f\u00edsica de nuestros estudiantes en los establecimientos educacionales, lo cual tambi\u00e9n fue anunciado en la cuenta p\u00fablica del Pdte. Boric, as\u00ed que en esa tarea estamos abocados en promover la actividad f\u00edsica como factor protector de enfermedades\u201d.<\/p>\n<p style=\"text-align: justify;\">Durante esta actividad, los secretarios ministeriales y directores de servicio que forman parte de esta estrategia procedieron a la firma de un documento, comprometiendo su gesti\u00f3n para desarrollar acciones que contribuyan a detener los \u00edndices de sobrepeso y obesidad en Ays\u00e9n.<\/p>\n<p style=\"text-align: justify;\">Para el logro del objetivo principal, se busca realizar cambios en diversas \u00e1reas, tales como:<\/p>\n<ul style=\"text-align: justify;\">\n<li>Fomentar a nivel p\u00fablico y privado un adecuado entorno alimentario temprano.<\/li>\n<li>Elaborar estrategias para incorporar una restricci\u00f3n de venta y publicidad de productos \u201cALTO EN\u201d alrededor de los establecimientos educacionales.<\/li>\n<li>Reformulaci\u00f3n de los Programas de Alimentaci\u00f3n.<\/li>\n<li>Propiciar la habilitaci\u00f3n de infraestructura p\u00fablica para la pr\u00e1ctica de actividad f\u00edsica y deporte.<\/li>\n<li>Impulsar Proyecto de Ley para estimular la actividad f\u00edsica y el deporte en los establecimientos educacionales.<\/li>\n<li>Fomentar las ferias libres, mercados locales, mercados campesinos y caletas para el acceso a alimentos saludables.<\/li>\n<li>Desarrollar nuevas estrategias para el seguimiento nutricional de las mujeres gestantes.<\/li>\n<\/ul>\n<p style=\"text-align: justify;\">M\u00e1s informaci\u00f3n en <a href=\"https:\/\/www.minsal.cl\/wp-content\/uploads\/2024\/03\/ESTRATEGIA-NACIONAL-PARA-DETENER-LA-ACELERACION-DEL-SOBREPESO-Y-OBESIDAD-EN-NNA-2023-2030_.pdf\">https:\/\/www.minsal.cl\/wp-content\/uploads\/2024\/03\/ESTRATEGIA-NACIONAL-PARA-DETENER-LA-ACELERACION-DEL-SOBREPESO-Y-OBESIDAD-EN-NNA-2023-2030_.pdf<\/a><\/p>\n<\/div><\/section><\/div><div  style='height:50px' class='hr hr-invisible   avia-builder-el-6  el_after_av_one_full  el_before_av_social_share '><span class='hr-inner ' ><span class='hr-inner-style'><\/span><\/span><\/div><\/p>\n<div  class='av-social-sharing-box  avia-builder-el-7  el_after_av_hr  el_before_av_hr  '><div class='av-share-box'><h5 class='av-share-link-description av-no-toc '>Compartir esta noticia<\/h5><ul class='av-share-box-list noLightbox'><li class='av-share-link av-social-link-facebook' ><a target=\"_blank\" aria-label=\"Compartir en Facebook\" href='https:\/\/www.facebook.com\/sharer.php?u=https:\/\/radiorevelacionfm.cl\/?p=43150&#038;t=Trabajo%20intersectorial%20busca%20detener%20aceleraci%C3%B3n%20del%20sobrepeso%20y%20obesidad%20en%20etapas%20de%20la%20ni%C3%B1ez%20y%20adolescencia%20en%20Ays%C3%A9n' aria-hidden='false' data-av_icon='\ue8f3' data-av_iconfont='entypo-fontello' title='' data-avia-related-tooltip='Compartir en Facebook' rel=\"noopener\"><span class='avia_hidden_link_text'>Compartir en Facebook<\/span><\/a><\/li><li class='av-share-link av-social-link-twitter' ><a target=\"_blank\" aria-label=\"Compartir en Twitter\" href='https:\/\/twitter.com\/share?text=Trabajo%20intersectorial%20busca%20detener%20aceleraci%C3%B3n%20del%20sobrepeso%20y%20obesidad%20en%20etapas%20de%20la%20ni%C3%B1ez%20y%20adolescencia%20en%20Ays%C3%A9n&#038;url=https:\/\/radiorevelacionfm.cl\/?p=43150' aria-hidden='false' data-av_icon='\ue8f1' data-av_iconfont='entypo-fontello' title='' data-avia-related-tooltip='Compartir en Twitter' rel=\"noopener\"><span class='avia_hidden_link_text'>Compartir en Twitter<\/span><\/a><\/li><li class='av-share-link av-social-link-whatsapp' ><a target=\"_blank\" aria-label=\"Compartir en Whatsapp\" href='https:\/\/api.whatsapp.com\/send?text=https:\/\/radiorevelacionfm.cl\/?p=43150' aria-hidden='false' data-av_icon='\uf232' data-av_iconfont='entypo-fontello' title='' data-avia-related-tooltip='Compartir en Whatsapp' rel=\"noopener\"><span class='avia_hidden_link_text'>Compartir en Whatsapp<\/span><\/a><\/li><li class='av-share-link av-social-link-linkedin' ><a target=\"_blank\" aria-label=\"Compartir en LinkedIn\" href='https:\/\/linkedin.com\/shareArticle?mini=true&#038;title=Trabajo%20intersectorial%20busca%20detener%20aceleraci%C3%B3n%20del%20sobrepeso%20y%20obesidad%20en%20etapas%20de%20la%20ni%C3%B1ez%20y%20adolescencia%20en%20Ays%C3%A9n&#038;url=https:\/\/radiorevelacionfm.cl\/?p=43150' aria-hidden='false' data-av_icon='\ue8fc' data-av_iconfont='entypo-fontello' title='' data-avia-related-tooltip='Compartir en LinkedIn' rel=\"noopener\"><span class='avia_hidden_link_text'>Compartir en LinkedIn<\/span><\/a><\/li><li class='av-share-link av-social-link-mail' ><a  aria-label=\"Compartir por correo\" href='mailto:?subject=Trabajo%20intersectorial%20busca%20detener%20aceleraci%C3%B3n%20del%20sobrepeso%20y%20obesidad%20en%20etapas%20de%20la%20ni%C3%B1ez%20y%20adolescencia%20en%20Ays%C3%A9n&#038;body=https:\/\/radiorevelacionfm.cl\/?p=43150' aria-hidden='false' data-av_icon='\ue805' data-av_iconfont='entypo-fontello' title='' data-avia-related-tooltip='Compartir por correo'><span class='avia_hidden_link_text'>Compartir por correo<\/span><\/a><\/li><\/ul><\/div><\/div>\n<div  style='height:50px' class='hr hr-invisible   avia-builder-el-8  el_after_av_social_share  el_before_av_comments_list '><span class='hr-inner ' ><span class='hr-inner-style'><\/span><\/span><\/div>\n<div  class='av-buildercomment  av-blog-meta-html-info-disabled av-blog-meta-tag-disabled  '><\/div>\n","protected":false},"excerpt":{"rendered":"","protected":false},"author":1,"featured_media":43151,"comment_status":"open","ping_status":"open","sticky":false,"template":"","format":"standard","meta":{"footnotes":""},"categories":[46],"tags":[],"class_list":["post-43150","post","type-post","status-publish","format-standard","has-post-thumbnail","hentry","category-salud"],"jetpack_featured_media_url":"https:\/\/radiorevelacionfm.cl\/wp-content\/uploads\/2024\/06\/lanzamiento-estrategia-1-1.jpg","_links":{"self":[{"href":"https:\/\/radiorevelacionfm.cl\/index.php?rest_route=\/wp\/v2\/posts\/43150","targetHints":{"allow":["GET"]}}],"collection":[{"href":"https:\/\/radiorevelacionfm.cl\/index.php?rest_route=\/wp\/v2\/posts"}],"about":[{"href":"https:\/\/radiorevelacionfm.cl\/index.php?rest_route=\/wp\/v2\/types\/post"}],"author":[{"embeddable":true,"href":"https:\/\/radiorevelacionfm.cl\/index.php?rest_route=\/wp\/v2\/users\/1"}],"replies":[{"embeddable":true,"href":"https:\/\/radiorevelacionfm.cl\/index.php?rest_route=%2Fwp%2Fv2%2Fcomments&post=43150"}],"version-history":[{"count":1,"href":"https:\/\/radiorevelacionfm.cl\/index.php?rest_route=\/wp\/v2\/posts\/43150\/revisions"}],"predecessor-version":[{"id":43152,"href":"https:\/\/radiorevelacionfm.cl\/index.php?rest_route=\/wp\/v2\/posts\/43150\/revisions\/43152"}],"wp:featuredmedia":[{"embeddable":true,"href":"https:\/\/radiorevelacionfm.cl\/index.php?rest_route=\/wp\/v2\/media\/43151"}],"wp:attachment":[{"href":"https:\/\/radiorevelacionfm.cl\/index.php?rest_route=%2Fwp%2Fv2%2Fmedia&parent=43150"}],"wp:term":[{"taxonomy":"category","embeddable":true,"href":"https:\/\/radiorevelacionfm.cl\/index.php?rest_route=%2Fwp%2Fv2%2Fcategories&post=43150"},{"taxonomy":"post_tag","embeddable":true,"href":"https:\/\/radiorevelacionfm.cl\/index.php?rest_route=%2Fwp%2Fv2%2Ftags&post=43150"}],"curies":[{"name":"wp","href":"https:\/\/api.w.org\/{rel}","templated":true}]}}