{"id":43141,"date":"2024-06-12T16:33:21","date_gmt":"2024-06-12T19:33:21","guid":{"rendered":"https:\/\/radiorevelacionfm.cl\/?p=43141"},"modified":"2024-06-12T16:33:21","modified_gmt":"2024-06-12T19:33:21","slug":"vecinos-de-la-junta-acusan-mal-funcionamiento-de-cesfam-y-piden-servicio-de-urgencias-las-24-horas","status":"publish","type":"post","link":"https:\/\/radiorevelacionfm.cl\/?p=43141","title":{"rendered":"Vecinos de La Junta acusan mal funcionamiento de Cesfam y piden servicio de Urgencias las 24 horas"},"content":{"rendered":"<div class=\"flex_column av_one_full  flex_column_div av-zero-column-padding first  avia-builder-el-0  el_before_av_one_full  avia-builder-el-first  \" style='border-radius:0px; '><div  class='avia-image-container  av-styling-    avia-builder-el-1  avia-builder-el-no-sibling  avia-align-center '  itemprop=\"image\" itemscope=\"itemscope\" itemtype=\"https:\/\/schema.org\/ImageObject\"  ><div class='avia-image-container-inner'><div class='avia-image-overlay-wrap'><img decoding=\"async\" class='wp-image-43142 avia-img-lazy-loading-not-43142 avia_image' src=\"https:\/\/radiorevelacionfm.cl\/wp-content\/uploads\/2024\/06\/calisto-foto-la-junta-1_optimized.jpeg\" alt='' title='calisto-foto-la-junta-(1)_optimized' height=\"600\" width=\"1067\"  itemprop=\"thumbnailUrl\" srcset=\"https:\/\/radiorevelacionfm.cl\/wp-content\/uploads\/2024\/06\/calisto-foto-la-junta-1_optimized.jpeg 1067w, https:\/\/radiorevelacionfm.cl\/wp-content\/uploads\/2024\/06\/calisto-foto-la-junta-1_optimized-300x169.jpeg 300w, https:\/\/radiorevelacionfm.cl\/wp-content\/uploads\/2024\/06\/calisto-foto-la-junta-1_optimized-1030x579.jpeg 1030w, https:\/\/radiorevelacionfm.cl\/wp-content\/uploads\/2024\/06\/calisto-foto-la-junta-1_optimized-768x432.jpeg 768w, https:\/\/radiorevelacionfm.cl\/wp-content\/uploads\/2024\/06\/calisto-foto-la-junta-1_optimized-705x396.jpeg 705w, https:\/\/radiorevelacionfm.cl\/wp-content\/uploads\/2024\/06\/calisto-foto-la-junta-1_optimized-450x253.jpeg 450w, https:\/\/radiorevelacionfm.cl\/wp-content\/uploads\/2024\/06\/calisto-foto-la-junta-1_optimized-600x337.jpeg 600w\" sizes=\"(max-width: 1067px) 100vw, 1067px\" \/><\/div><\/div><\/div><\/div><div class=\"flex_column av_one_full  flex_column_div av-zero-column-padding first  avia-builder-el-2  el_after_av_one_full  el_before_av_one_full  column-top-margin\" style='border-radius:0px; '><section class=\"av_textblock_section \"  itemscope=\"itemscope\" itemtype=\"https:\/\/schema.org\/BlogPosting\" itemprop=\"blogPost\" ><div class='avia_textblock  '   itemprop=\"text\" ><p style=\"text-align: center;\"><strong><span style=\"font-size: 18pt;\">Vecinos de La Junta acusan mal funcionamiento de Cesfam y piden servicio de Urgencias las 24 horas<\/span><\/strong><\/p>\n<div id=\"gtx-trans\" style=\"position: absolute; left: -50px; top: 4.31534px;\">\n<div class=\"gtx-trans-icon\"><\/div>\n<\/div>\n<\/div><\/section><\/div><div class=\"flex_column av_one_full  flex_column_div av-zero-column-padding first  avia-builder-el-4  el_after_av_one_full  el_before_av_hr  column-top-margin\" style='border-radius:0px; '><section class=\"av_textblock_section \"  itemscope=\"itemscope\" itemtype=\"https:\/\/schema.org\/BlogPosting\" itemprop=\"blogPost\" ><div class='avia_textblock  '   itemprop=\"text\" ><p style=\"font-weight: 400; text-align: justify;\">El diputado Miguel \u00c1ngel Calisto se traslad\u00f3 hasta la localidad de La Junta para participar en una reuni\u00f3n de la comunidad con el Director del Servicio de Salud Ays\u00e9n, Juan Pablo Bravo, instancia donde plantearon distintos temas relacionados al Cesfam, como la necesidad de contar con un servicio de urgencias que funcione las 24 horas.<\/p>\n<p style=\"font-weight: 400; text-align: justify;\">Seg\u00fan el diputado Calisto, \u201chay un cuestionamiento respecto al mal funcionamiento del Cesfam. Esta es una infraestructura relativamente nueva que la comunidad luch\u00f3 muchos a\u00f1os para tener, pero que lamentablemente hoy en d\u00eda no est\u00e1 respondiendo a los requerimientos de la ciudadan\u00eda, principalmente porque no tiene urgencias para poder atender a los pacientes las 24 horas\u201d.<\/p>\n<p style=\"font-weight: 400; text-align: justify;\">\u201cNosotros esperamos es que se pueda intervenir y garantizar la tenci\u00f3n. Esto fue lo que le planteamos al Director del Servicio de Salud en la reuni\u00f3n que sostuvimos. No es posible que un Cesfam con m\u00e1s de 40 funcionarios, con una infraestructura moderna, termine funcionando como una posta\u201d, se\u00f1al\u00f3.<\/p>\n<p style=\"font-weight: 400; text-align: justify;\">El legislador agreg\u00f3 que \u201cel director se comprometi\u00f3 tambi\u00e9n a reponer la ambulancia durante el segundo semestre y a buscar un mecanismo para permitir que haya urgencia las 24 horas del d\u00eda, porque es fundamental que se solucione a la brevedad. Del mismo modo, se pudo ver la situaci\u00f3n interna del Cesfam, hay un mal ambiente seg\u00fan lo se\u00f1alado por la comunidad, lo que termina afectando la calidad del servicio\u201d.<\/p>\n<p style=\"font-weight: 400; text-align: justify;\">Seg\u00fan Keomara Rubio, presidenta de la Junta de Vecinos, \u201cla comunidad qued\u00f3 conforme con la reuni\u00f3n luego de los acuerdos que se tomaron. Esperamos que se cumplan, porque la localidad de La Junta siempre ha sido muy postergada en los temas de salud\u201d.<\/p>\n<p style=\"font-weight: 400; text-align: justify;\">\u201cAgradezco la presencia del diputado Calisto y me gustar\u00eda que todo lo que qued\u00f3 en acta se cumpla. Hemos tenido muchas reuniones y no se ha concretado nada. Estamos en 2024 y no nos merecemos esta calidad de vida\u201d, se\u00f1al\u00f3.<\/p>\n<p style=\"font-weight: 400; text-align: justify;\">Por su parte, Luis P\u00e9rez, vecino de la localidad, indic\u00f3 que \u201cha sido una reuni\u00f3n muy productiva. Nos quedamos con una respuesta bastante concreta por parte del Director del Servicio de Salud. Planteamos todos los temas que aqu\u00ed se conversaron, vimos con buenos ojos que est\u00e1 la intenci\u00f3n de poder solucionarlos al corto plazo\u201d.<\/p>\n<p style=\"font-weight: 400; text-align: justify;\">Finalmente, el vecino indic\u00f3 que \u201cme gust\u00f3 tambi\u00e9n la intervenci\u00f3n del diputado Calisto, quien fue muy claro y espec\u00edfico en se\u00f1alar que \u00e9l quer\u00eda irse de ac\u00e1 con compromisos claros para no tener que volver y estar aun con los mismos temas que conversamos sin una soluci\u00f3n concreta\u201d.<\/p>\n<\/div><\/section><\/div><div  style='height:50px' class='hr hr-invisible   avia-builder-el-6  el_after_av_one_full  el_before_av_social_share '><span class='hr-inner ' ><span class='hr-inner-style'><\/span><\/span><\/div><\/p>\n<div  class='av-social-sharing-box  avia-builder-el-7  el_after_av_hr  el_before_av_hr  '><div class='av-share-box'><h5 class='av-share-link-description av-no-toc '>Compartir esta noticia<\/h5><ul class='av-share-box-list noLightbox'><li class='av-share-link av-social-link-facebook' ><a target=\"_blank\" aria-label=\"Compartir en Facebook\" href='https:\/\/www.facebook.com\/sharer.php?u=https:\/\/radiorevelacionfm.cl\/?p=43141&#038;t=Vecinos%20de%20La%20Junta%20acusan%20mal%20funcionamiento%20de%20Cesfam%20y%20piden%20servicio%20de%20Urgencias%20las%2024%20horas' aria-hidden='false' data-av_icon='\ue8f3' data-av_iconfont='entypo-fontello' title='' data-avia-related-tooltip='Compartir en Facebook' rel=\"noopener\"><span class='avia_hidden_link_text'>Compartir en Facebook<\/span><\/a><\/li><li class='av-share-link av-social-link-twitter' ><a target=\"_blank\" aria-label=\"Compartir en Twitter\" href='https:\/\/twitter.com\/share?text=Vecinos%20de%20La%20Junta%20acusan%20mal%20funcionamiento%20de%20Cesfam%20y%20piden%20servicio%20de%20Urgencias%20las%2024%20horas&#038;url=https:\/\/radiorevelacionfm.cl\/?p=43141' aria-hidden='false' data-av_icon='\ue8f1' data-av_iconfont='entypo-fontello' title='' data-avia-related-tooltip='Compartir en Twitter' rel=\"noopener\"><span class='avia_hidden_link_text'>Compartir en Twitter<\/span><\/a><\/li><li class='av-share-link av-social-link-whatsapp' ><a target=\"_blank\" aria-label=\"Compartir en Whatsapp\" href='https:\/\/api.whatsapp.com\/send?text=https:\/\/radiorevelacionfm.cl\/?p=43141' aria-hidden='false' data-av_icon='\uf232' data-av_iconfont='entypo-fontello' title='' data-avia-related-tooltip='Compartir en Whatsapp' rel=\"noopener\"><span class='avia_hidden_link_text'>Compartir en Whatsapp<\/span><\/a><\/li><li class='av-share-link av-social-link-linkedin' ><a target=\"_blank\" aria-label=\"Compartir en LinkedIn\" href='https:\/\/linkedin.com\/shareArticle?mini=true&#038;title=Vecinos%20de%20La%20Junta%20acusan%20mal%20funcionamiento%20de%20Cesfam%20y%20piden%20servicio%20de%20Urgencias%20las%2024%20horas&#038;url=https:\/\/radiorevelacionfm.cl\/?p=43141' aria-hidden='false' data-av_icon='\ue8fc' data-av_iconfont='entypo-fontello' title='' data-avia-related-tooltip='Compartir en LinkedIn' rel=\"noopener\"><span class='avia_hidden_link_text'>Compartir en LinkedIn<\/span><\/a><\/li><li class='av-share-link av-social-link-mail' ><a  aria-label=\"Compartir por correo\" href='mailto:?subject=Vecinos%20de%20La%20Junta%20acusan%20mal%20funcionamiento%20de%20Cesfam%20y%20piden%20servicio%20de%20Urgencias%20las%2024%20horas&#038;body=https:\/\/radiorevelacionfm.cl\/?p=43141' aria-hidden='false' data-av_icon='\ue805' data-av_iconfont='entypo-fontello' title='' data-avia-related-tooltip='Compartir por correo'><span class='avia_hidden_link_text'>Compartir por correo<\/span><\/a><\/li><\/ul><\/div><\/div>\n<div  style='height:50px' class='hr hr-invisible   avia-builder-el-8  el_after_av_social_share  el_before_av_comments_list '><span class='hr-inner ' ><span class='hr-inner-style'><\/span><\/span><\/div>\n<div  class='av-buildercomment  av-blog-meta-html-info-disabled av-blog-meta-tag-disabled  '><\/div>\n","protected":false},"excerpt":{"rendered":"","protected":false},"author":1,"featured_media":43142,"comment_status":"open","ping_status":"open","sticky":false,"template":"","format":"standard","meta":{"footnotes":""},"categories":[38],"tags":[],"class_list":["post-43141","post","type-post","status-publish","format-standard","has-post-thumbnail","hentry","category-regional"],"jetpack_featured_media_url":"https:\/\/radiorevelacionfm.cl\/wp-content\/uploads\/2024\/06\/calisto-foto-la-junta-1_optimized.jpeg","_links":{"self":[{"href":"https:\/\/radiorevelacionfm.cl\/index.php?rest_route=\/wp\/v2\/posts\/43141","targetHints":{"allow":["GET"]}}],"collection":[{"href":"https:\/\/radiorevelacionfm.cl\/index.php?rest_route=\/wp\/v2\/posts"}],"about":[{"href":"https:\/\/radiorevelacionfm.cl\/index.php?rest_route=\/wp\/v2\/types\/post"}],"author":[{"embeddable":true,"href":"https:\/\/radiorevelacionfm.cl\/index.php?rest_route=\/wp\/v2\/users\/1"}],"replies":[{"embeddable":true,"href":"https:\/\/radiorevelacionfm.cl\/index.php?rest_route=%2Fwp%2Fv2%2Fcomments&post=43141"}],"version-history":[{"count":1,"href":"https:\/\/radiorevelacionfm.cl\/index.php?rest_route=\/wp\/v2\/posts\/43141\/revisions"}],"predecessor-version":[{"id":43143,"href":"https:\/\/radiorevelacionfm.cl\/index.php?rest_route=\/wp\/v2\/posts\/43141\/revisions\/43143"}],"wp:featuredmedia":[{"embeddable":true,"href":"https:\/\/radiorevelacionfm.cl\/index.php?rest_route=\/wp\/v2\/media\/43142"}],"wp:attachment":[{"href":"https:\/\/radiorevelacionfm.cl\/index.php?rest_route=%2Fwp%2Fv2%2Fmedia&parent=43141"}],"wp:term":[{"taxonomy":"category","embeddable":true,"href":"https:\/\/radiorevelacionfm.cl\/index.php?rest_route=%2Fwp%2Fv2%2Fcategories&post=43141"},{"taxonomy":"post_tag","embeddable":true,"href":"https:\/\/radiorevelacionfm.cl\/index.php?rest_route=%2Fwp%2Fv2%2Ftags&post=43141"}],"curies":[{"name":"wp","href":"https:\/\/api.w.org\/{rel}","templated":true}]}}