{"id":4314,"date":"2021-05-19T19:05:49","date_gmt":"2021-05-19T22:05:49","guid":{"rendered":"https:\/\/radiorevelacionfm.cl\/?p=4314"},"modified":"2021-05-19T19:28:15","modified_gmt":"2021-05-19T22:28:15","slug":"avanzan-obras-de-instalacion-electrica-soterrada-para-las-22-viviendas-de-villa-ohiggins","status":"publish","type":"post","link":"https:\/\/radiorevelacionfm.cl\/?p=4314","title":{"rendered":"Avanzan obras de instalaci\u00f3n el\u00e9ctrica soterrada para 22 viviendas de Villa O\u2019Higgins"},"content":{"rendered":"<div class=\"flex_column av_one_full  flex_column_div av-zero-column-padding first  avia-builder-el-0  el_before_av_one_full  avia-builder-el-first  \" style='border-radius:0px; '><div  class='avia-image-container  av-styling-    avia-builder-el-1  avia-builder-el-no-sibling  avia-align-center '  itemprop=\"image\" itemscope=\"itemscope\" itemtype=\"https:\/\/schema.org\/ImageObject\"  ><div class='avia-image-container-inner'><div class='avia-image-overlay-wrap'><img decoding=\"async\" class='wp-image-4315 avia-img-lazy-loading-not-4315 avia_image' src=\"https:\/\/radiorevelacionfm.cl\/wp-content\/uploads\/2021\/05\/obras-instalacion-red-electrica-casas-Villa-OHiggins-1-1.jpeg\" alt='' title='obras instalaci\u00f3n red electrica casas Villa OHiggins (1) (1)' height=\"600\" width=\"800\"  itemprop=\"thumbnailUrl\" srcset=\"https:\/\/radiorevelacionfm.cl\/wp-content\/uploads\/2021\/05\/obras-instalacion-red-electrica-casas-Villa-OHiggins-1-1.jpeg 800w, https:\/\/radiorevelacionfm.cl\/wp-content\/uploads\/2021\/05\/obras-instalacion-red-electrica-casas-Villa-OHiggins-1-1-300x225.jpeg 300w, https:\/\/radiorevelacionfm.cl\/wp-content\/uploads\/2021\/05\/obras-instalacion-red-electrica-casas-Villa-OHiggins-1-1-768x576.jpeg 768w, https:\/\/radiorevelacionfm.cl\/wp-content\/uploads\/2021\/05\/obras-instalacion-red-electrica-casas-Villa-OHiggins-1-1-705x529.jpeg 705w, https:\/\/radiorevelacionfm.cl\/wp-content\/uploads\/2021\/05\/obras-instalacion-red-electrica-casas-Villa-OHiggins-1-1-600x450.jpeg 600w\" sizes=\"(max-width: 800px) 100vw, 800px\" \/><\/div><\/div><\/div><\/div>\n<div class=\"flex_column av_one_full  flex_column_div av-zero-column-padding first  avia-builder-el-2  el_after_av_one_full  el_before_av_one_full  column-top-margin\" style='border-radius:0px; '><section class=\"av_textblock_section \"  itemscope=\"itemscope\" itemtype=\"https:\/\/schema.org\/BlogPosting\" itemprop=\"blogPost\" ><div class='avia_textblock  '   itemprop=\"text\" ><p style=\"text-align: center;\"><strong><span style=\"font-size: 18pt;\">Avanzan obras de instalaci\u00f3n el\u00e9ctrica soterrada para 22 viviendas de Villa O\u2019Higgins<\/span><\/strong><\/p>\n<div id=\"gtx-trans\" style=\"position: absolute; left: -50px; top: 4.31534px;\">\n<div class=\"gtx-trans-icon\"><\/div>\n<\/div>\n<\/div><\/section><\/div><div class=\"flex_column av_one_full  flex_column_div av-zero-column-padding first  avia-builder-el-4  el_after_av_one_full  el_before_av_hr  column-top-margin\" style='border-radius:0px; '><section class=\"av_textblock_section \"  itemscope=\"itemscope\" itemtype=\"https:\/\/schema.org\/BlogPosting\" itemprop=\"blogPost\" ><div class='avia_textblock  '   itemprop=\"text\" ><p style=\"text-align: justify;\">Desde este fin de semana y a toda m\u00e1quina est\u00e1 trabajando la empresa el\u00e9ctrica regional para instalar el cableado subterr\u00e1neo que en las pr\u00f3ximas semanas permitir\u00e1 dotar de energ\u00eda el\u00e9ctrica a las 22 viviendas del comit\u00e9 Lago Ciervo de Villa O\u2019Higgins, cuyos integrantes esperan con ansias esta \u00faltima etapa de ejecuci\u00f3n del proyecto para recibir definitivamente las so\u00f1adas llaves de su casa propia.<\/p>\n<p style=\"text-align: justify;\">Cabe mencionar que se trata de un innovador proyecto a nivel nacional, el cual inici\u00f3 su construcci\u00f3n el a\u00f1o pasado con subsidios del Programa de Habitabilidad Rural del Ministerio de Vivienda y Urbanismo, donde las soluciones, adem\u00e1s de la casa, incluyen una bodega y la canalizaci\u00f3n\u00a0 y suministro de energ\u00eda el\u00e9ctrica a trav\u00e9s de cableado soterrado, experiencia piloto a nivel nacional que implic\u00f3 m\u00e1s de cien millones de pesos adicionales al presupuesto inicial de la obra.<\/p>\n<p style=\"text-align: justify;\">El Seremi de Vivienda, Diego Silva, destac\u00f3 el avance en la instalaci\u00f3n de la red el\u00e9ctrica y la calidad de este proyecto \u00fanico en la regi\u00f3n y en el pa\u00eds. \u201cSe trata de viviendas amplias, de gran calidad y un llamativo dise\u00f1o que est\u00e1n pr\u00e1cticamente terminadas, pero faltaba la instalaci\u00f3n del cableado subterr\u00e1neo, donde en el contexto de la actual pandemia no fue sencillo para la empresa conseguir los materiales, lo que signific\u00f3 un retraso que nadie quer\u00eda en el t\u00e9rmino de la entrega del proyecto. Lo bueno es que despu\u00e9s de muchos esfuerzos este fin de semana lleg\u00f3 el cami\u00f3n con los materiales a Villa O\u2019Higgins y la empresa el\u00e9ctrica regional empez\u00f3 de inmediato con la instalaci\u00f3n, para dejar todas las casas conectadas en esta hermosa poblaci\u00f3n que no tendr\u00e1 cables a la vista, una condici\u00f3n muy positiva, acorde con la calidad de vida que los vecinos se merecen y las orientaciones ambientales y tur\u00edsticas que ha priorizado la misma localidad y la comuna\u201d, precis\u00f3.<\/p>\n<p style=\"text-align: justify;\">Agreg\u00f3 la autoridad que, tal como ha dicho el Ministro Felipe Ward, lo que debe primar siempre en estas obras es entregar a las familias las condiciones de seguridad, calidad y comodidad que todos se merecen, en especial en esta zona que en algunos meses del a\u00f1o presenta caracter\u00edsticas geogr\u00e1ficas y clim\u00e1ticas complejas, pero a la vez grandes potencialidades y proyecciones. \u201cDebemos garantizar la entrega de viviendas seguras y c\u00f3modas, que permitan a cada familia su desarrollo presente y futuro, que puedan vivir tranquilos, mejorar su calidad de vida y ser parte activa del crecimiento ordenado de su comunidad, y eso es lo que estamos haciendo ahora, as\u00ed que pedimos a los dirigentes, vecinos y vecinas un poco m\u00e1s de paciencia, para que en las pr\u00f3ximas semanas podamos ver el proyecto finalizado como corresponde, para que puedan habitarlo, darle vida y disfrutarlo como siempre so\u00f1aron. Nosotros vamos a garantizar que todo est\u00e9 en orden y que se haga en los menores tiempos que sea posible\u201d, asegur\u00f3 el Seremi.<\/p>\n<p style=\"text-align: justify;\">Las 22 viviendas para las familias del comit\u00e9 Lago Ciervo son ejecutadas por la empresa de Marianela Lav\u00edn Acu\u00f1a e implican una inversi\u00f3n que bordea los mil 400 millones de pesos, o sea m\u00e1s de 60 millones de pesos para cada soluci\u00f3n individual, lo que permiti\u00f3 construir 13 viviendas de 60 metros cuadrados de superficie y 9 viviendas de 47, 5 metros cuadrados, estas \u00faltimas con un dormitorio proyectado de 12, 9 m2 para construir en una segunda etapa. Todas las casas tienen bodega de 21, 3 m2 y la instalaci\u00f3n el\u00e9ctrica soterrada, \u00a0que se espera est\u00e9 terminada durante la segunda semana de junio.<\/p>\n<\/div><\/section><\/div><\/p>\n<div  style='height:50px' class='hr hr-invisible   avia-builder-el-6  el_after_av_one_full  el_before_av_social_share '><span class='hr-inner ' ><span class='hr-inner-style'><\/span><\/span><\/div>\n<div  class='av-social-sharing-box  avia-builder-el-7  el_after_av_hr  el_before_av_hr  '><div class='av-share-box'><h5 class='av-share-link-description av-no-toc '>Compartir esta noticia<\/h5><ul class='av-share-box-list noLightbox'><li class='av-share-link av-social-link-facebook' ><a target=\"_blank\" aria-label=\"Compartir en Facebook\" href='https:\/\/www.facebook.com\/sharer.php?u=https:\/\/radiorevelacionfm.cl\/?p=4314&#038;t=Avanzan%20obras%20de%20instalaci%C3%B3n%20el%C3%A9ctrica%20soterrada%20para%2022%20viviendas%20de%20Villa%20O%E2%80%99Higgins' aria-hidden='false' data-av_icon='\ue8f3' data-av_iconfont='entypo-fontello' title='' data-avia-related-tooltip='Compartir en Facebook' rel=\"noopener\"><span class='avia_hidden_link_text'>Compartir en Facebook<\/span><\/a><\/li><li class='av-share-link av-social-link-twitter' ><a target=\"_blank\" aria-label=\"Compartir en Twitter\" href='https:\/\/twitter.com\/share?text=Avanzan%20obras%20de%20instalaci%C3%B3n%20el%C3%A9ctrica%20soterrada%20para%2022%20viviendas%20de%20Villa%20O%E2%80%99Higgins&#038;url=https:\/\/radiorevelacionfm.cl\/?p=4314' aria-hidden='false' data-av_icon='\ue8f1' data-av_iconfont='entypo-fontello' title='' data-avia-related-tooltip='Compartir en Twitter' rel=\"noopener\"><span class='avia_hidden_link_text'>Compartir en Twitter<\/span><\/a><\/li><li class='av-share-link av-social-link-whatsapp' ><a target=\"_blank\" aria-label=\"Compartir en Whatsapp\" href='https:\/\/api.whatsapp.com\/send?text=https:\/\/radiorevelacionfm.cl\/?p=4314' aria-hidden='false' data-av_icon='\uf232' data-av_iconfont='entypo-fontello' title='' data-avia-related-tooltip='Compartir en Whatsapp' rel=\"noopener\"><span class='avia_hidden_link_text'>Compartir en Whatsapp<\/span><\/a><\/li><li class='av-share-link av-social-link-linkedin' ><a target=\"_blank\" aria-label=\"Compartir en LinkedIn\" href='https:\/\/linkedin.com\/shareArticle?mini=true&#038;title=Avanzan%20obras%20de%20instalaci%C3%B3n%20el%C3%A9ctrica%20soterrada%20para%2022%20viviendas%20de%20Villa%20O%E2%80%99Higgins&#038;url=https:\/\/radiorevelacionfm.cl\/?p=4314' aria-hidden='false' data-av_icon='\ue8fc' data-av_iconfont='entypo-fontello' title='' data-avia-related-tooltip='Compartir en LinkedIn' rel=\"noopener\"><span class='avia_hidden_link_text'>Compartir en LinkedIn<\/span><\/a><\/li><li class='av-share-link av-social-link-mail' ><a  aria-label=\"Compartir por correo\" href='mailto:?subject=Avanzan%20obras%20de%20instalaci%C3%B3n%20el%C3%A9ctrica%20soterrada%20para%2022%20viviendas%20de%20Villa%20O%E2%80%99Higgins&#038;body=https:\/\/radiorevelacionfm.cl\/?p=4314' aria-hidden='false' data-av_icon='\ue805' data-av_iconfont='entypo-fontello' title='' data-avia-related-tooltip='Compartir por correo'><span class='avia_hidden_link_text'>Compartir por correo<\/span><\/a><\/li><\/ul><\/div><\/div>\n<div  style='height:50px' class='hr hr-invisible   avia-builder-el-8  el_after_av_social_share  el_before_av_comments_list '><span class='hr-inner ' ><span class='hr-inner-style'><\/span><\/span><\/div>\n<div  class='av-buildercomment  av-blog-meta-html-info-disabled av-blog-meta-tag-disabled  '><\/div>\n","protected":false},"excerpt":{"rendered":"","protected":false},"author":1,"featured_media":4315,"comment_status":"open","ping_status":"open","sticky":false,"template":"","format":"standard","meta":{"footnotes":""},"categories":[57],"tags":[],"class_list":["post-4314","post","type-post","status-publish","format-standard","has-post-thumbnail","hentry","category-vivienda"],"jetpack_featured_media_url":"https:\/\/radiorevelacionfm.cl\/wp-content\/uploads\/2021\/05\/obras-instalacion-red-electrica-casas-Villa-OHiggins-1-1.jpeg","_links":{"self":[{"href":"https:\/\/radiorevelacionfm.cl\/index.php?rest_route=\/wp\/v2\/posts\/4314","targetHints":{"allow":["GET"]}}],"collection":[{"href":"https:\/\/radiorevelacionfm.cl\/index.php?rest_route=\/wp\/v2\/posts"}],"about":[{"href":"https:\/\/radiorevelacionfm.cl\/index.php?rest_route=\/wp\/v2\/types\/post"}],"author":[{"embeddable":true,"href":"https:\/\/radiorevelacionfm.cl\/index.php?rest_route=\/wp\/v2\/users\/1"}],"replies":[{"embeddable":true,"href":"https:\/\/radiorevelacionfm.cl\/index.php?rest_route=%2Fwp%2Fv2%2Fcomments&post=4314"}],"version-history":[{"count":3,"href":"https:\/\/radiorevelacionfm.cl\/index.php?rest_route=\/wp\/v2\/posts\/4314\/revisions"}],"predecessor-version":[{"id":4318,"href":"https:\/\/radiorevelacionfm.cl\/index.php?rest_route=\/wp\/v2\/posts\/4314\/revisions\/4318"}],"wp:featuredmedia":[{"embeddable":true,"href":"https:\/\/radiorevelacionfm.cl\/index.php?rest_route=\/wp\/v2\/media\/4315"}],"wp:attachment":[{"href":"https:\/\/radiorevelacionfm.cl\/index.php?rest_route=%2Fwp%2Fv2%2Fmedia&parent=4314"}],"wp:term":[{"taxonomy":"category","embeddable":true,"href":"https:\/\/radiorevelacionfm.cl\/index.php?rest_route=%2Fwp%2Fv2%2Fcategories&post=4314"},{"taxonomy":"post_tag","embeddable":true,"href":"https:\/\/radiorevelacionfm.cl\/index.php?rest_route=%2Fwp%2Fv2%2Ftags&post=4314"}],"curies":[{"name":"wp","href":"https:\/\/api.w.org\/{rel}","templated":true}]}}