{"id":43138,"date":"2024-06-13T12:35:24","date_gmt":"2024-06-13T15:35:24","guid":{"rendered":"https:\/\/radiorevelacionfm.cl\/?p=43138"},"modified":"2024-06-13T12:35:24","modified_gmt":"2024-06-13T15:35:24","slug":"fondo-del-patrimonio-cultural-abre-convocatoria-2024-con-nuevas-categorias-y-mas-de-2-mil-millones-a-entregar","status":"publish","type":"post","link":"https:\/\/radiorevelacionfm.cl\/?p=43138","title":{"rendered":"Fondo del Patrimonio Cultural abre convocatoria 2024 con nuevas categor\u00edas y m\u00e1s de $ 2 mil millones a entregar"},"content":{"rendered":"<div class=\"flex_column av_one_full  flex_column_div av-zero-column-padding first  avia-builder-el-0  el_before_av_one_full  avia-builder-el-first  \" style='border-radius:0px; '><div  class='avia-image-container  av-styling-    avia-builder-el-1  avia-builder-el-no-sibling  avia-align-center '  itemprop=\"image\" itemscope=\"itemscope\" itemtype=\"https:\/\/schema.org\/ImageObject\"  ><div class='avia-image-container-inner'><div class='avia-image-overlay-wrap'><img decoding=\"async\" class='wp-image-43139 avia-img-lazy-loading-not-43139 avia_image' src=\"https:\/\/radiorevelacionfm.cl\/wp-content\/uploads\/2024\/06\/carpinteria-de-ribera-1-1.jpeg\" alt='' title='carpinter\u00eda de ribera (1) (1)' height=\"600\" width=\"901\"  itemprop=\"thumbnailUrl\" srcset=\"https:\/\/radiorevelacionfm.cl\/wp-content\/uploads\/2024\/06\/carpinteria-de-ribera-1-1.jpeg 901w, https:\/\/radiorevelacionfm.cl\/wp-content\/uploads\/2024\/06\/carpinteria-de-ribera-1-1-300x200.jpeg 300w, https:\/\/radiorevelacionfm.cl\/wp-content\/uploads\/2024\/06\/carpinteria-de-ribera-1-1-768x511.jpeg 768w, https:\/\/radiorevelacionfm.cl\/wp-content\/uploads\/2024\/06\/carpinteria-de-ribera-1-1-705x469.jpeg 705w, https:\/\/radiorevelacionfm.cl\/wp-content\/uploads\/2024\/06\/carpinteria-de-ribera-1-1-450x300.jpeg 450w, https:\/\/radiorevelacionfm.cl\/wp-content\/uploads\/2024\/06\/carpinteria-de-ribera-1-1-600x400.jpeg 600w\" sizes=\"(max-width: 901px) 100vw, 901px\" \/><\/div><\/div><\/div><\/div><div class=\"flex_column av_one_full  flex_column_div av-zero-column-padding first  avia-builder-el-2  el_after_av_one_full  el_before_av_one_full  column-top-margin\" style='border-radius:0px; '><section class=\"av_textblock_section \"  itemscope=\"itemscope\" itemtype=\"https:\/\/schema.org\/BlogPosting\" itemprop=\"blogPost\" ><div class='avia_textblock  '   itemprop=\"text\" ><p style=\"text-align: center;\"><span style=\"font-size: 18pt;\"><b><span lang=\"ES-CL\">Fondo del Patrimonio Cultural abre convocatoria 2024 con nuevas categor\u00edas y m\u00e1s de $ 2 mil millones a entregar<\/span><\/b><\/span><\/p>\n<div id=\"gtx-trans\" style=\"position: absolute; left: -50px; top: 4.31534px;\">\n<div class=\"gtx-trans-icon\"><\/div>\n<\/div>\n<\/div><\/section><\/div><div class=\"flex_column av_one_full  flex_column_div av-zero-column-padding first  avia-builder-el-4  el_after_av_one_full  el_before_av_hr  column-top-margin\" style='border-radius:0px; '><section class=\"av_textblock_section \"  itemscope=\"itemscope\" itemtype=\"https:\/\/schema.org\/BlogPosting\" itemprop=\"blogPost\" ><div class='avia_textblock  '   itemprop=\"text\" ><p style=\"font-weight: 400; text-align: justify;\"><em>La sexta versi\u00f3n de este fondo -que financia proyectos que propicien el desarrollo del patrimonio cultural de Chile- cuenta con nuevas modalidades de postulaci\u00f3n y plazos diferenciados y m\u00e1s acotados para los concursos nacional y regional. Bases y detalles de postulaci\u00f3n en\u00a0<a href=\"http:\/\/www.fondos.gob.cl\/\" data-saferedirecturl=\"https:\/\/www.google.com\/url?q=http:\/\/www.fondos.gob.cl&amp;source=gmail&amp;ust=1718295983633000&amp;usg=AOvVaw0pvnzCHvoYXAR_qYRL7soS\">www.fondos.gob.cl<\/a><\/em><\/p>\n<p style=\"font-weight: 400; text-align: justify;\">El Ministerio de las Culturas, las Artes y el Patrimonio abri\u00f3 la convocatoria 2024 del Fondo del Patrimonio Cultural, que para esta versi\u00f3n increment\u00f3 su presupuesto y contempla repartir un estimado de $2.009 millones entre quienes presenten proyectos de desarrollo del patrimonio.<\/p>\n<p style=\"font-weight: 400; text-align: justify;\">Con el objetivo de incentivar el desarrollo de actividades patrimoniales en todos los territorios, esta convocatoria financiar\u00e1 propuestas cuyos montos m\u00e1ximos var\u00eden entre $7.000.000 y $85.000.000 en seis categor\u00edas distintas.<\/p>\n<p style=\"font-weight: 400; text-align: justify;\">La directora del Servicio Nacional del Patrimonio Cultural (Serpat), N\u00e9lida Pozo Kudo, afirm\u00f3 que \u201cdado el aumento de las postulaciones durante las \u00faltimas convocatorias, para este 2024 se incorporaron nuevas categor\u00edas con el fin de acoger de mejor manera el inter\u00e9s y la participaci\u00f3n registrados anteriormente. De este modo, el objetivo es ampliar y atender las diversas visiones del patrimonio, como pudimos comprobar en la anterior convocatoria donde se financiaron 101 proyectos de todas las regiones, una muestra de la heterogeneidad territorial y la diversidad de \u00e1mbitos de acci\u00f3n sobre el patrimonio cultural\u00a0presente en nuestro pa\u00eds\u201d.<\/p>\n<p style=\"font-weight: 400; text-align: justify;\">Administrado por la Subdirecci\u00f3n de Fomento y Gesti\u00f3n Patrimonial del Serpat, el Fondo del Patrimonio Cultural cuenta con un Concurso Nacional y un Concurso Regional que atienden las distintas categor\u00edas de postulaci\u00f3n.<\/p>\n<p style=\"font-weight: 400; text-align: justify;\">Para apoyar la preservaci\u00f3n de inmuebles con protecci\u00f3n oficial, el\u00a0<strong>Concurso Nacional<\/strong>\u00a0abordar\u00e1 la l\u00ednea de financiamiento Intervenci\u00f3n y salvaguardia del patrimonio cultural, en la modalidad Intervenci\u00f3n de inmuebles, en las siguientes categor\u00edas:<\/p>\n<ul style=\"text-align: justify;\">\n<li style=\"font-weight: 400;\">Intervenci\u00f3n en inmuebles con protecci\u00f3n oficial.<\/li>\n<li style=\"font-weight: 400;\">Intervenci\u00f3n en inmuebles asociados a patrimonio cultural mueble o inherentes a un elemento del patrimonio cultural inmaterial.<\/li>\n<\/ul>\n<p style=\"font-weight: 400; text-align: justify;\">Recientemente incorporada, esta \u00faltima categor\u00eda permitir\u00e1 la postulaci\u00f3n de museos inscritos al Registro de Museos de Chile, Tesoros Humanos Vivos o a un elemento del patrimonio cultural inmaterial.<\/p>\n<p style=\"font-weight: 400; text-align: justify;\">Por su parte, el\u00a0<strong>Concurso Regional<\/strong>\u00a0promueve la presentaci\u00f3n de acciones en dos l\u00edneas:<\/p>\n<ul style=\"text-align: justify;\">\n<li style=\"font-weight: 400;\">Estudios del patrimonio cultural.<\/li>\n<li style=\"font-weight: 400;\">\u00a0Promoci\u00f3n del patrimonio cultural.<\/li>\n<\/ul>\n<p style=\"font-weight: 400; text-align: justify;\">La l\u00ednea de Estudios del patrimonio cultural atiende la modalidad Investigaci\u00f3n, a trav\u00e9s de la categor\u00eda Investigaci\u00f3n, registro y levantamiento de patrimonio cultural; la l\u00ednea de Promoci\u00f3n del patrimonio cultural con su modalidad Formaci\u00f3n, contempla las submodalidades Material did\u00e1ctico sobre patrimonio cultural para la educaci\u00f3n formal y no formal, y tambi\u00e9n la reci\u00e9n creada submodalidad Organizaci\u00f3n y producci\u00f3n de encuentros referidos al patrimonio cultural, con la idea de impulsar la realizaci\u00f3n de seminarios, congresos, charlas o cursos sobre patrimonio cultural.<\/p>\n<p style=\"font-weight: 400; text-align: justify;\">Asimismo, la l\u00ednea de Promoci\u00f3n del patrimonio cultural se complementa con la modalidad Difusi\u00f3n, que por segundo a\u00f1o y dada la alta demanda anterior, considera la categor\u00eda Edici\u00f3n, reedici\u00f3n, publicaci\u00f3n y\/o distribuci\u00f3n de material impreso o digital referido al patrimonio cultural.<\/p>\n<p style=\"font-weight: 400; text-align: justify;\"><strong>\u00a0<\/strong><strong>Plazos diferenciados de postulaci\u00f3n<\/strong><\/p>\n<p style=\"font-weight: 400; text-align: justify;\">Con la idea de ejecutar el proceso de evaluaci\u00f3n y selecci\u00f3n de propuestas durante el a\u00f1o en curso, los plazos de la convocatoria ser\u00e1n m\u00e1s acotados y habr\u00e1 periodos diferenciados de postulaci\u00f3n: del 12 de junio al\u00a0<strong>26 de julio<\/strong>\u00a0(Concurso Regional) y del 12 de junio al\u00a0<strong>26 de agosto<\/strong>\u00a0(Concurso Nacional).<\/p>\n<p style=\"font-weight: 400; text-align: justify;\">La invitaci\u00f3n es que personas naturales, jur\u00eddicas, comunidades ind\u00edgenas, municipalidades, universidades p\u00fablicas y organizaciones de Memoria y Derechos Humanos presenten sus proyectos.<\/p>\n<p style=\"font-weight: 400; text-align: justify;\"><strong>\u00bfC\u00f3mo participar?<\/strong><\/p>\n<p style=\"font-weight: 400; text-align: justify;\">Existen dos formatos para postular a la convocatoria 2024 del Fondo del Patrimonio Cultural: en l\u00ednea y en formato papel.<\/p>\n<p style=\"font-weight: 400; text-align: justify;\">Para quienes opten por postular en l\u00ednea, se debe completar un formulario en el sitio web\u00a0<a href=\"http:\/\/www.fondos.gob.cl\/\" data-saferedirecturl=\"https:\/\/www.google.com\/url?q=http:\/\/www.fondos.gob.cl&amp;source=gmail&amp;ust=1718295983633000&amp;usg=AOvVaw0pvnzCHvoYXAR_qYRL7soS\">www.fondos.gob.cl<\/a>, previa obtenci\u00f3n de la Clave \u00danica. El plazo para postular en l\u00ednea es hasta las 23:59 del \u00faltimo d\u00eda establecido para cada uno de los concursos.<\/p>\n<p style=\"font-weight: 400; text-align: justify;\">En el caso del env\u00edo de antecedentes en formato papel, es necesario emitir una carta certificada o entregarlos de manera presencial en la oficina de partes del Serpat, ubicada en la calle Hu\u00e9rfanos N\u00b0 1550, 2\u00ba piso, Santiago, hasta las 17:00 horas del \u00faltimo d\u00eda h\u00e1bil de postulaci\u00f3n.<\/p>\n<p style=\"font-weight: 400; text-align: justify;\">Los criterios de evaluaci\u00f3n contemplados medir\u00e1n la participaci\u00f3n de la comunidad, pertinencia, equipo de trabajo y coherencia en la formulaci\u00f3n del proyecto y en el presupuesto.<\/p>\n<p style=\"font-weight: 400; text-align: justify;\"><strong>\u00bfQu\u00e9 hacer en caso de consultas?<\/strong><\/p>\n<p style=\"font-weight: 400; text-align: justify;\">En caso de consultas contactarse al correo:\u00a0<a href=\"mailto:fondodelpatrimonio@patrimoniocultural.gob.cl\">fondodelpatrimonio@patrimoniocultural.gob.cl<\/a>.\u00a0Dudas sobre el Concurso Regional hasta el 4 de julio y sobre el Concurso Nacional hasta el de 11 julio.<\/p>\n<\/div><\/section><\/div><div  style='height:50px' class='hr hr-invisible   avia-builder-el-6  el_after_av_one_full  el_before_av_social_share '><span class='hr-inner ' ><span class='hr-inner-style'><\/span><\/span><\/div><\/p>\n<div  class='av-social-sharing-box  avia-builder-el-7  el_after_av_hr  el_before_av_hr  '><div class='av-share-box'><h5 class='av-share-link-description av-no-toc '>Compartir esta noticia<\/h5><ul class='av-share-box-list noLightbox'><li class='av-share-link av-social-link-facebook' ><a target=\"_blank\" aria-label=\"Compartir en Facebook\" href='https:\/\/www.facebook.com\/sharer.php?u=https:\/\/radiorevelacionfm.cl\/?p=43138&#038;t=Fondo%20del%20Patrimonio%20Cultural%20abre%20convocatoria%202024%20con%20nuevas%20categor%C3%ADas%20y%20m%C3%A1s%20de%20%24%202%20mil%20millones%20a%20entregar' aria-hidden='false' data-av_icon='\ue8f3' data-av_iconfont='entypo-fontello' title='' data-avia-related-tooltip='Compartir en Facebook' rel=\"noopener\"><span class='avia_hidden_link_text'>Compartir en Facebook<\/span><\/a><\/li><li class='av-share-link av-social-link-twitter' ><a target=\"_blank\" aria-label=\"Compartir en Twitter\" href='https:\/\/twitter.com\/share?text=Fondo%20del%20Patrimonio%20Cultural%20abre%20convocatoria%202024%20con%20nuevas%20categor%C3%ADas%20y%20m%C3%A1s%20de%20%24%202%20mil%20millones%20a%20entregar&#038;url=https:\/\/radiorevelacionfm.cl\/?p=43138' aria-hidden='false' data-av_icon='\ue8f1' data-av_iconfont='entypo-fontello' title='' data-avia-related-tooltip='Compartir en Twitter' rel=\"noopener\"><span class='avia_hidden_link_text'>Compartir en Twitter<\/span><\/a><\/li><li class='av-share-link av-social-link-whatsapp' ><a target=\"_blank\" aria-label=\"Compartir en Whatsapp\" href='https:\/\/api.whatsapp.com\/send?text=https:\/\/radiorevelacionfm.cl\/?p=43138' aria-hidden='false' data-av_icon='\uf232' data-av_iconfont='entypo-fontello' title='' data-avia-related-tooltip='Compartir en Whatsapp' rel=\"noopener\"><span class='avia_hidden_link_text'>Compartir en Whatsapp<\/span><\/a><\/li><li class='av-share-link av-social-link-linkedin' ><a target=\"_blank\" aria-label=\"Compartir en LinkedIn\" href='https:\/\/linkedin.com\/shareArticle?mini=true&#038;title=Fondo%20del%20Patrimonio%20Cultural%20abre%20convocatoria%202024%20con%20nuevas%20categor%C3%ADas%20y%20m%C3%A1s%20de%20%24%202%20mil%20millones%20a%20entregar&#038;url=https:\/\/radiorevelacionfm.cl\/?p=43138' aria-hidden='false' data-av_icon='\ue8fc' data-av_iconfont='entypo-fontello' title='' data-avia-related-tooltip='Compartir en LinkedIn' rel=\"noopener\"><span class='avia_hidden_link_text'>Compartir en LinkedIn<\/span><\/a><\/li><li class='av-share-link av-social-link-mail' ><a  aria-label=\"Compartir por correo\" href='mailto:?subject=Fondo%20del%20Patrimonio%20Cultural%20abre%20convocatoria%202024%20con%20nuevas%20categor%C3%ADas%20y%20m%C3%A1s%20de%20%24%202%20mil%20millones%20a%20entregar&#038;body=https:\/\/radiorevelacionfm.cl\/?p=43138' aria-hidden='false' data-av_icon='\ue805' data-av_iconfont='entypo-fontello' title='' data-avia-related-tooltip='Compartir por correo'><span class='avia_hidden_link_text'>Compartir por correo<\/span><\/a><\/li><\/ul><\/div><\/div>\n<div  style='height:50px' class='hr hr-invisible   avia-builder-el-8  el_after_av_social_share  el_before_av_comments_list '><span class='hr-inner ' ><span class='hr-inner-style'><\/span><\/span><\/div>\n<div  class='av-buildercomment  av-blog-meta-html-info-disabled av-blog-meta-tag-disabled  '><\/div>\n","protected":false},"excerpt":{"rendered":"","protected":false},"author":1,"featured_media":43139,"comment_status":"open","ping_status":"open","sticky":false,"template":"","format":"standard","meta":{"footnotes":""},"categories":[52],"tags":[],"class_list":["post-43138","post","type-post","status-publish","format-standard","has-post-thumbnail","hentry","category-cultura"],"jetpack_featured_media_url":"https:\/\/radiorevelacionfm.cl\/wp-content\/uploads\/2024\/06\/carpinteria-de-ribera-1-1.jpeg","_links":{"self":[{"href":"https:\/\/radiorevelacionfm.cl\/index.php?rest_route=\/wp\/v2\/posts\/43138","targetHints":{"allow":["GET"]}}],"collection":[{"href":"https:\/\/radiorevelacionfm.cl\/index.php?rest_route=\/wp\/v2\/posts"}],"about":[{"href":"https:\/\/radiorevelacionfm.cl\/index.php?rest_route=\/wp\/v2\/types\/post"}],"author":[{"embeddable":true,"href":"https:\/\/radiorevelacionfm.cl\/index.php?rest_route=\/wp\/v2\/users\/1"}],"replies":[{"embeddable":true,"href":"https:\/\/radiorevelacionfm.cl\/index.php?rest_route=%2Fwp%2Fv2%2Fcomments&post=43138"}],"version-history":[{"count":1,"href":"https:\/\/radiorevelacionfm.cl\/index.php?rest_route=\/wp\/v2\/posts\/43138\/revisions"}],"predecessor-version":[{"id":43140,"href":"https:\/\/radiorevelacionfm.cl\/index.php?rest_route=\/wp\/v2\/posts\/43138\/revisions\/43140"}],"wp:featuredmedia":[{"embeddable":true,"href":"https:\/\/radiorevelacionfm.cl\/index.php?rest_route=\/wp\/v2\/media\/43139"}],"wp:attachment":[{"href":"https:\/\/radiorevelacionfm.cl\/index.php?rest_route=%2Fwp%2Fv2%2Fmedia&parent=43138"}],"wp:term":[{"taxonomy":"category","embeddable":true,"href":"https:\/\/radiorevelacionfm.cl\/index.php?rest_route=%2Fwp%2Fv2%2Fcategories&post=43138"},{"taxonomy":"post_tag","embeddable":true,"href":"https:\/\/radiorevelacionfm.cl\/index.php?rest_route=%2Fwp%2Fv2%2Ftags&post=43138"}],"curies":[{"name":"wp","href":"https:\/\/api.w.org\/{rel}","templated":true}]}}