{"id":43134,"date":"2024-06-12T22:16:25","date_gmt":"2024-06-13T01:16:25","guid":{"rendered":"https:\/\/radiorevelacionfm.cl\/?p=43134"},"modified":"2024-06-12T22:16:25","modified_gmt":"2024-06-13T01:16:25","slug":"directora-de-escuela-rural-rio-blanco-es-parte-de-la-delegacion-cientifica-que-acompana-al-presidente-por-europa","status":"publish","type":"post","link":"https:\/\/radiorevelacionfm.cl\/?p=43134","title":{"rendered":"Directora de Escuela Rural R\u00edo Blanco es parte de la delegaci\u00f3n cient\u00edfica que acompa\u00f1a al Presidente por Europa"},"content":{"rendered":"<div class=\"flex_column av_one_full  flex_column_div av-zero-column-padding first  avia-builder-el-0  el_before_av_one_full  avia-builder-el-first  \" style='border-radius:0px; '><div  class='avia-image-container  av-styling-    avia-builder-el-1  avia-builder-el-no-sibling  avia-align-center '  itemprop=\"image\" itemscope=\"itemscope\" itemtype=\"https:\/\/schema.org\/ImageObject\"  ><div class='avia-image-container-inner'><div class='avia-image-overlay-wrap'><img decoding=\"async\" class='wp-image-43135 avia-img-lazy-loading-not-43135 avia_image' src=\"https:\/\/radiorevelacionfm.cl\/wp-content\/uploads\/2024\/06\/profesora-paula-miranda-1_optimized.jpg\" alt='' title='profesora-paula-miranda-(1)_optimized' height=\"760\" width=\"806\"  itemprop=\"thumbnailUrl\" srcset=\"https:\/\/radiorevelacionfm.cl\/wp-content\/uploads\/2024\/06\/profesora-paula-miranda-1_optimized.jpg 806w, https:\/\/radiorevelacionfm.cl\/wp-content\/uploads\/2024\/06\/profesora-paula-miranda-1_optimized-300x283.jpg 300w, https:\/\/radiorevelacionfm.cl\/wp-content\/uploads\/2024\/06\/profesora-paula-miranda-1_optimized-768x724.jpg 768w, https:\/\/radiorevelacionfm.cl\/wp-content\/uploads\/2024\/06\/profesora-paula-miranda-1_optimized-705x665.jpg 705w, https:\/\/radiorevelacionfm.cl\/wp-content\/uploads\/2024\/06\/profesora-paula-miranda-1_optimized-450x424.jpg 450w, https:\/\/radiorevelacionfm.cl\/wp-content\/uploads\/2024\/06\/profesora-paula-miranda-1_optimized-600x566.jpg 600w\" sizes=\"(max-width: 806px) 100vw, 806px\" \/><\/div><\/div><\/div><\/div><div class=\"flex_column av_one_full  flex_column_div av-zero-column-padding first  avia-builder-el-2  el_after_av_one_full  el_before_av_one_full  column-top-margin\" style='border-radius:0px; '><section class=\"av_textblock_section \"  itemscope=\"itemscope\" itemtype=\"https:\/\/schema.org\/BlogPosting\" itemprop=\"blogPost\" ><div class='avia_textblock  '   itemprop=\"text\" ><p style=\"text-align: center;\"><strong><span style=\"font-size: 18pt;\">Directora de Escuela Rural R\u00edo Blanco es parte de la delegaci\u00f3n cient\u00edfica que acompa\u00f1a al Presidente por Europa<\/span><\/strong><\/p>\n<div id=\"gtx-trans\" style=\"position: absolute; left: -50px; top: 4.31534px;\">\n<div class=\"gtx-trans-icon\"><\/div>\n<\/div>\n<\/div><\/section><\/div><div class=\"flex_column av_one_full  flex_column_div av-zero-column-padding first  avia-builder-el-4  el_after_av_one_full  el_before_av_hr  column-top-margin\" style='border-radius:0px; '><section class=\"av_textblock_section \"  itemscope=\"itemscope\" itemtype=\"https:\/\/schema.org\/BlogPosting\" itemprop=\"blogPost\" ><div class='avia_textblock  '   itemprop=\"text\" ><p dir=\"ltr\" style=\"text-align: justify;\">Paula Miranda es profesora de Castellano de Ense\u00f1anza Media. Dentro de su curr\u00edculo destacan el haber trabajado durante 18 a\u00f1os en el liceo Galvarino Riveros C\u00e1rdenas de Castro y ser nominada al Global Teacher Price en 2022.<\/p>\n<p dir=\"ltr\" style=\"text-align: justify;\">El domingo 9 de junio el Presidente Gabriel Boric inici\u00f3 su Gira Presidencial por Alemania, Suecia, Suiza y Francia. Entre su grupo de invitados se encuentra una delegaci\u00f3n integrada por representantes del mundo de la investigaci\u00f3n, astronom\u00eda, divulgaci\u00f3n cient\u00edfica, innovaci\u00f3n, del emprendimiento cu\u00e1ntico, adem\u00e1s de dos profesores que usan la ciencia para fomentar el pensamiento cr\u00edtico en sus estudiantes, entre ellos Paula Miranda, quienes fueron nominados por el Ministerio de Ciencia, Tecnolog\u00eda, Conocimiento e Innovaci\u00f3n.<\/p>\n<p dir=\"ltr\" style=\"text-align: justify;\">Sobre la participaci\u00f3n de la directora de El Blanco, la ministra Ais\u00e9n Etcheverry indic\u00f3 que \u00aben abril de 2023, en mi primer viaje a regiones como ministra, me toc\u00f3 visitar una escuela rural llamada R\u00edo Blanco y la visi\u00f3n de su directora me marc\u00f3. Vi ni\u00f1os imprimiendo en 3D, programando peque\u00f1os juguetes, ejercitando su capacidad de an\u00e1lisis y su pensamiento cr\u00edtico gracias a esta profesora que hab\u00eda tenido la determinaci\u00f3n de dirigir su escuela con un enfoque de habilidades para el futuro. Esa vivencia me marc\u00f3 y cuando Presidencia nos pidi\u00f3 proponer un grupo variado y representativo de distintos perfiles del mundo de los conocimientos, pensamos en Paula Miranda, su directora\u00bb.<\/p>\n<p dir=\"ltr\" style=\"text-align: justify;\">Paula Miranda agradeci\u00f3 al Presidente Boric por valorar los aprendizajes del siglo XXI en ciencia, tecnolog\u00eda e innovaci\u00f3n que ella ha desarrollado en la Patagonia. \u00abEs un hito que una profesora con 25 a\u00f1os de servicio sea invitada a una gira internacional. Represento a muchos docentes que hacemos cosas al interior de las aulas y que nos sentimos, muchas veces, sin mayor valoraci\u00f3n social. Es un tremendo est\u00edmulo de parte de nuestra autoridad m\u00e1xima hacia el profesorado en general\u00bb.<\/p>\n<p dir=\"ltr\" style=\"text-align: justify;\">Por su parte la seremi de Ciencia, Ver\u00f3nica Vallejos, se mostr\u00f3 emocionada por la gran experiencia que vivir\u00e1 la docente en esta gira, y coment\u00f3 que \u00abeste es un reconocimiento a su esfuerzo y trayecto -as\u00ed como al equipo que lidera- por incentivar a los ni\u00f1os y ni\u00f1as a utilizar al m\u00e1ximo sus capacidades y encontrar soluciones a problemas a trav\u00e9s de la ciencia y la tecnolog\u00eda, \u00e1reas que son motivadas en la escuela en todos los niveles. Estoy segura que la profesora Paula va a regresar con nuevos conocimientos y energ\u00edas con los que va a estimular a los y las estudiantes de la escuela a seguir so\u00f1ando y aportando en las \u00e1reas STEM\u00bb.<\/p>\n<p dir=\"ltr\" style=\"text-align: justify;\">La Gira Presidencial tiene 5 ejes tem\u00e1ticos: Fortalecimiento de la Democracia y de los Derechos Humanos, Transici\u00f3n Energ\u00e9tica, Inversiones, Sustentabilidad y Liderazgo Cient\u00edfico. Entre otras actividades relacionadas con este \u00faltimo tema, el viaje contempla la participaci\u00f3n de la comitiva en el Innovation Summit Chile-Alemania, visitas al Centro de Investigaci\u00f3n Helmholtz y al European Southern Observatory (ESO), con el fin de fortalecer los lazos entre Chile y Alemania en materia de investigaci\u00f3n e innovaci\u00f3n astron\u00f3mica, y un encuentro con la Plataforma de Cooperaci\u00f3n Acad\u00e9mica Chile Suecia (ACCESS).<\/p>\n<\/div><\/section><\/div><div  style='height:50px' class='hr hr-invisible   avia-builder-el-6  el_after_av_one_full  el_before_av_social_share '><span class='hr-inner ' ><span class='hr-inner-style'><\/span><\/span><\/div><\/p>\n<div  class='av-social-sharing-box  avia-builder-el-7  el_after_av_hr  el_before_av_hr  '><div class='av-share-box'><h5 class='av-share-link-description av-no-toc '>Compartir esta noticia<\/h5><ul class='av-share-box-list noLightbox'><li class='av-share-link av-social-link-facebook' ><a target=\"_blank\" aria-label=\"Compartir en Facebook\" href='https:\/\/www.facebook.com\/sharer.php?u=https:\/\/radiorevelacionfm.cl\/?p=43134&#038;t=Directora%20de%20Escuela%20Rural%20R%C3%ADo%20Blanco%20es%20parte%20de%20la%20delegaci%C3%B3n%20cient%C3%ADfica%20que%20acompa%C3%B1a%20al%20Presidente%20por%20Europa' aria-hidden='false' data-av_icon='\ue8f3' data-av_iconfont='entypo-fontello' title='' data-avia-related-tooltip='Compartir en Facebook' rel=\"noopener\"><span class='avia_hidden_link_text'>Compartir en Facebook<\/span><\/a><\/li><li class='av-share-link av-social-link-twitter' ><a target=\"_blank\" aria-label=\"Compartir en Twitter\" href='https:\/\/twitter.com\/share?text=Directora%20de%20Escuela%20Rural%20R%C3%ADo%20Blanco%20es%20parte%20de%20la%20delegaci%C3%B3n%20cient%C3%ADfica%20que%20acompa%C3%B1a%20al%20Presidente%20por%20Europa&#038;url=https:\/\/radiorevelacionfm.cl\/?p=43134' aria-hidden='false' data-av_icon='\ue8f1' data-av_iconfont='entypo-fontello' title='' data-avia-related-tooltip='Compartir en Twitter' rel=\"noopener\"><span class='avia_hidden_link_text'>Compartir en Twitter<\/span><\/a><\/li><li class='av-share-link av-social-link-whatsapp' ><a target=\"_blank\" aria-label=\"Compartir en Whatsapp\" href='https:\/\/api.whatsapp.com\/send?text=https:\/\/radiorevelacionfm.cl\/?p=43134' aria-hidden='false' data-av_icon='\uf232' data-av_iconfont='entypo-fontello' title='' data-avia-related-tooltip='Compartir en Whatsapp' rel=\"noopener\"><span class='avia_hidden_link_text'>Compartir en Whatsapp<\/span><\/a><\/li><li class='av-share-link av-social-link-linkedin' ><a target=\"_blank\" aria-label=\"Compartir en LinkedIn\" href='https:\/\/linkedin.com\/shareArticle?mini=true&#038;title=Directora%20de%20Escuela%20Rural%20R%C3%ADo%20Blanco%20es%20parte%20de%20la%20delegaci%C3%B3n%20cient%C3%ADfica%20que%20acompa%C3%B1a%20al%20Presidente%20por%20Europa&#038;url=https:\/\/radiorevelacionfm.cl\/?p=43134' aria-hidden='false' data-av_icon='\ue8fc' data-av_iconfont='entypo-fontello' title='' data-avia-related-tooltip='Compartir en LinkedIn' rel=\"noopener\"><span class='avia_hidden_link_text'>Compartir en LinkedIn<\/span><\/a><\/li><li class='av-share-link av-social-link-mail' ><a  aria-label=\"Compartir por correo\" href='mailto:?subject=Directora%20de%20Escuela%20Rural%20R%C3%ADo%20Blanco%20es%20parte%20de%20la%20delegaci%C3%B3n%20cient%C3%ADfica%20que%20acompa%C3%B1a%20al%20Presidente%20por%20Europa&#038;body=https:\/\/radiorevelacionfm.cl\/?p=43134' aria-hidden='false' data-av_icon='\ue805' data-av_iconfont='entypo-fontello' title='' data-avia-related-tooltip='Compartir por correo'><span class='avia_hidden_link_text'>Compartir por correo<\/span><\/a><\/li><\/ul><\/div><\/div>\n<div  style='height:50px' class='hr hr-invisible   avia-builder-el-8  el_after_av_social_share  el_before_av_comments_list '><span class='hr-inner ' ><span class='hr-inner-style'><\/span><\/span><\/div>\n<div  class='av-buildercomment  av-blog-meta-html-info-disabled av-blog-meta-tag-disabled  '><\/div>\n","protected":false},"excerpt":{"rendered":"","protected":false},"author":1,"featured_media":43135,"comment_status":"open","ping_status":"open","sticky":false,"template":"","format":"standard","meta":{"footnotes":""},"categories":[53],"tags":[],"class_list":["post-43134","post","type-post","status-publish","format-standard","has-post-thumbnail","hentry","category-ciencia"],"jetpack_featured_media_url":"https:\/\/radiorevelacionfm.cl\/wp-content\/uploads\/2024\/06\/profesora-paula-miranda-1_optimized.jpg","_links":{"self":[{"href":"https:\/\/radiorevelacionfm.cl\/index.php?rest_route=\/wp\/v2\/posts\/43134","targetHints":{"allow":["GET"]}}],"collection":[{"href":"https:\/\/radiorevelacionfm.cl\/index.php?rest_route=\/wp\/v2\/posts"}],"about":[{"href":"https:\/\/radiorevelacionfm.cl\/index.php?rest_route=\/wp\/v2\/types\/post"}],"author":[{"embeddable":true,"href":"https:\/\/radiorevelacionfm.cl\/index.php?rest_route=\/wp\/v2\/users\/1"}],"replies":[{"embeddable":true,"href":"https:\/\/radiorevelacionfm.cl\/index.php?rest_route=%2Fwp%2Fv2%2Fcomments&post=43134"}],"version-history":[{"count":1,"href":"https:\/\/radiorevelacionfm.cl\/index.php?rest_route=\/wp\/v2\/posts\/43134\/revisions"}],"predecessor-version":[{"id":43136,"href":"https:\/\/radiorevelacionfm.cl\/index.php?rest_route=\/wp\/v2\/posts\/43134\/revisions\/43136"}],"wp:featuredmedia":[{"embeddable":true,"href":"https:\/\/radiorevelacionfm.cl\/index.php?rest_route=\/wp\/v2\/media\/43135"}],"wp:attachment":[{"href":"https:\/\/radiorevelacionfm.cl\/index.php?rest_route=%2Fwp%2Fv2%2Fmedia&parent=43134"}],"wp:term":[{"taxonomy":"category","embeddable":true,"href":"https:\/\/radiorevelacionfm.cl\/index.php?rest_route=%2Fwp%2Fv2%2Fcategories&post=43134"},{"taxonomy":"post_tag","embeddable":true,"href":"https:\/\/radiorevelacionfm.cl\/index.php?rest_route=%2Fwp%2Fv2%2Ftags&post=43134"}],"curies":[{"name":"wp","href":"https:\/\/api.w.org\/{rel}","templated":true}]}}