{"id":43131,"date":"2024-06-12T19:45:05","date_gmt":"2024-06-12T22:45:05","guid":{"rendered":"https:\/\/radiorevelacionfm.cl\/?p=43131"},"modified":"2024-06-12T19:45:05","modified_gmt":"2024-06-12T22:45:05","slug":"con-participacion-de-entidades-publicas-y-privadas-se-reunio-el-comite-directivo-aysen-del-sistema-de-inteligencia-turistica-de-patagonia","status":"publish","type":"post","link":"https:\/\/radiorevelacionfm.cl\/?p=43131","title":{"rendered":"Con participaci\u00f3n de entidades p\u00fablicas y privadas se reuni\u00f3 el comit\u00e9 directivo Ays\u00e9n del sistema de inteligencia tur\u00edstica de Patagonia"},"content":{"rendered":"<div class=\"flex_column av_one_full  flex_column_div av-zero-column-padding first  avia-builder-el-0  el_before_av_one_full  avia-builder-el-first  \" style='border-radius:0px; '><div  class='avia-image-container  av-styling-    avia-builder-el-1  avia-builder-el-no-sibling  avia-align-center '  itemprop=\"image\" itemscope=\"itemscope\" itemtype=\"https:\/\/schema.org\/ImageObject\"  ><div class='avia-image-container-inner'><div class='avia-image-overlay-wrap'><img decoding=\"async\" class='wp-image-43132 avia-img-lazy-loading-not-43132 avia_image' src=\"https:\/\/radiorevelacionfm.cl\/wp-content\/uploads\/2024\/06\/sesion-consejo-turismo3-1_optimized.jpeg\" alt='' title='sesion-consejo-turismo3-(1)_optimized' height=\"600\" width=\"800\"  itemprop=\"thumbnailUrl\" srcset=\"https:\/\/radiorevelacionfm.cl\/wp-content\/uploads\/2024\/06\/sesion-consejo-turismo3-1_optimized.jpeg 800w, https:\/\/radiorevelacionfm.cl\/wp-content\/uploads\/2024\/06\/sesion-consejo-turismo3-1_optimized-300x225.jpeg 300w, https:\/\/radiorevelacionfm.cl\/wp-content\/uploads\/2024\/06\/sesion-consejo-turismo3-1_optimized-768x576.jpeg 768w, https:\/\/radiorevelacionfm.cl\/wp-content\/uploads\/2024\/06\/sesion-consejo-turismo3-1_optimized-705x529.jpeg 705w, https:\/\/radiorevelacionfm.cl\/wp-content\/uploads\/2024\/06\/sesion-consejo-turismo3-1_optimized-450x338.jpeg 450w, https:\/\/radiorevelacionfm.cl\/wp-content\/uploads\/2024\/06\/sesion-consejo-turismo3-1_optimized-600x450.jpeg 600w\" sizes=\"(max-width: 800px) 100vw, 800px\" \/><\/div><\/div><\/div><\/div><div class=\"flex_column av_one_full  flex_column_div av-zero-column-padding first  avia-builder-el-2  el_after_av_one_full  el_before_av_one_full  column-top-margin\" style='border-radius:0px; '><section class=\"av_textblock_section \"  itemscope=\"itemscope\" itemtype=\"https:\/\/schema.org\/BlogPosting\" itemprop=\"blogPost\" ><div class='avia_textblock  '   itemprop=\"text\" ><p style=\"text-align: center;\"><strong><span style=\"font-size: 18pt;\">Con participaci\u00f3n de entidades p\u00fablicas y privadas se reuni\u00f3 el comit\u00e9 directivo Ays\u00e9n del sistema de inteligencia tur\u00edstica de Patagonia<\/span><\/strong><\/p>\n<div id=\"gtx-trans\" style=\"position: absolute; left: -50px; top: 4.31534px;\">\n<div class=\"gtx-trans-icon\"><\/div>\n<\/div>\n<\/div><\/section><\/div><div class=\"flex_column av_one_full  flex_column_div av-zero-column-padding first  avia-builder-el-4  el_after_av_one_full  el_before_av_hr  column-top-margin\" style='border-radius:0px; '><section class=\"av_textblock_section \"  itemscope=\"itemscope\" itemtype=\"https:\/\/schema.org\/BlogPosting\" itemprop=\"blogPost\" ><div class='avia_textblock  '   itemprop=\"text\" ><p style=\"text-align: justify;\"><em>Esta iniciativa es financiado por la Agencia Nacional de Investigaci\u00f3n y Desarrollo y ejecutado por la Universidad Austral de Chile en las regiones de Ays\u00e9n y Magallanes.<\/em><\/p>\n<p style=\"text-align: justify;\">Una intensa jornada de trabajo realizaron los integrantes del Comit\u00e9\u0301 Directivo Ays\u00e9n del proyecto \u201cSistema de inteligencia para la gesti\u00f3n del turismo sustentable\u201d, en su sesi\u00f3n de oto\u00f1o 2024, donde se presentaron los avances del sistema y las futuras actividades.<\/p>\n<p style=\"text-align: justify;\">El director del proyecto, Dr. Pablo Szmulewicz, indic\u00f3 que esta sesi\u00f3n permiti\u00f3 lograr importantes avances en la creaci\u00f3n de un Observatorio Tur\u00edstico de la Patagonia y se recogieron inquietudes, observaciones y sugerencias para continuar el desarrllo de la iniciativa. <em>\u201cEn esta ocasi\u00f3n la reuni\u00f3n ha sido muy productiva porque hemos empezado a pensar c\u00f3mo estructurar una propuesta que le d\u00e9 continuidad y sustentabilidad al observatorio. En eso hemos encontrado una buena acogida de parte del Servicio Nacional de Turismo y de otras instancias que forman parte de este comit\u00e9, como las Municipalidades, la Corporaci\u00f3n Nacional Forestal y tambi\u00e9n estamos buscando m\u00e1s aliados entre el sector privado y otras instituciones del Estado\u201d.<\/em> El Director del Observatorio indic\u00f3 que <em>\u201cvamos a dedicarnos los pr\u00f3ximos meses a elaborar un proyecto para darle continuidad al observatorio y buscar las alianzas necesarias para que un conjunto de instituciones, proponga este proyecto a quien corresponda, ya sea el Gobierno Regional, la Corporaci\u00f3n de Fomento a la Producci\u00f3n o se cree una Corporaci\u00f3n Regional de Desarrollo Tur\u00edstico, no s\u00f3lo para esta tem\u00e1tica, sino tambi\u00e9n para otros fines\u201d.<\/em><\/p>\n<p style=\"text-align: justify;\">Para Francisco Alderete,\u00a0 ejecutivo de turismo de la Direcci\u00f3n Regional de Corfo, es muy importante tener estas sesiones del Consejo Directivo donde se puedan coordinar las acciones de cada instituci\u00f3n que lo integran, <em>\u201cse puedan intercambiar experiencias y avanzar hacia la consolidaci\u00f3n de un proyecto que tenga sentido para todas las instituciones que est\u00e1n participando. Los desaf\u00edos que tenemos son, por un lado la gobernanza de los datos, la generaci\u00f3n de informaci\u00f3n y por otro, que los usuarios puedan valorar estos datos para sus procesos de gesti\u00f3n\u201d.<\/em><\/p>\n<p style=\"text-align: justify;\">Por su parte y en representaci\u00f3n de SERNATUR regional,\u00a0 para Edmundo V\u00e1zquez, ejecutivo de gesti\u00f3n e innovaci\u00f3n tecnol\u00f3g\u00edca de la entidad, es relevante mantener este tipo de encuentros, ya que la generaci\u00f3n de datos es necesaria para tomar decisiones y <em>\u201cen ese escenario es importante reunir a las personas que est\u00e1n intentando estructurar y darle un energ\u00eda a esta l\u00f3gica de levantar los datos que nos permita empezar a entender el fen\u00f3meno el turismo en la regi\u00f3n y as\u00ed saber qu\u00e9 decisiones tomar en pol\u00edticas p\u00fablicas, en gestion local y desde el trabajo del sector provado, Hoy, m\u00e1s de 28 comunas de Ays\u00e9n y Magallanes est\u00e1n levantando datos de temporada en sus oficinas de informaci\u00f3n tur\u00edstica y \u00a0m\u00e1s de alguna de ellas ya est\u00e1 tomando decisiones con esa informaci\u00f3n, lo que es fundamental para el trabajo en los territorios\u201d.<\/em><\/p>\n<p style=\"text-align: justify;\">Finalmente Trace Gale, investigadora senior del Centro de Investigaci\u00f3n en Ecosistemas de la Patagonia, CIEP,\u00a0 indic\u00f3 que desde el punto de vista\u00a0 de la academia y desde nuestros a\u00f1os de experiencia trabajando en la regi\u00f3n con turismo y con las \u00e1reas protegidas, hay una necesidad de integrar todos los proyectos que est\u00e1n trabajando en tem\u00e1ticas similares en distintas regiones, por lo que<em> \u201csi logramos concretar esta idea, podr\u00eda realmente cambiar el turismo regional y la sostenibilidad. Debemos lograr una integraci\u00f3n y un gobernanza compartida entre todos los que est\u00e1n trabajando para un major turismo, pero de manera dispersa\u201d.<\/em><\/p>\n<p style=\"text-align: justify;\">Este proyecto busca concentrar informaci\u00f3n estrat\u00e9gica e indicadores relevantes para el turismo sustentable en destinos cuyo foco son \u00e1reas protegidas y zonas aleda\u00f1as. Por lo que estas sesiones del Comit\u00e9 son relevantes para co-dise\u00f1ar el Sistema de Inteligencia Tur\u00edstica que permitir\u00e1 recopilar, sistematizar, analizar y comunicar la informaci\u00f3n disponible, en fuentes privadas y p\u00fablicas, relativa a la gesti\u00f3n del turismo.<\/p>\n<\/div><\/section><\/div><div  style='height:50px' class='hr hr-invisible   avia-builder-el-6  el_after_av_one_full  el_before_av_social_share '><span class='hr-inner ' ><span class='hr-inner-style'><\/span><\/span><\/div><\/p>\n<div  class='av-social-sharing-box  avia-builder-el-7  el_after_av_hr  el_before_av_hr  '><div class='av-share-box'><h5 class='av-share-link-description av-no-toc '>Compartir esta noticia<\/h5><ul class='av-share-box-list noLightbox'><li class='av-share-link av-social-link-facebook' ><a target=\"_blank\" aria-label=\"Compartir en Facebook\" href='https:\/\/www.facebook.com\/sharer.php?u=https:\/\/radiorevelacionfm.cl\/?p=43131&#038;t=Con%20participaci%C3%B3n%20de%20entidades%20p%C3%BAblicas%20y%20privadas%20se%20reuni%C3%B3%20el%20comit%C3%A9%20directivo%20Ays%C3%A9n%20del%20sistema%20de%20inteligencia%20tur%C3%ADstica%20de%20Patagonia' aria-hidden='false' data-av_icon='\ue8f3' data-av_iconfont='entypo-fontello' title='' data-avia-related-tooltip='Compartir en Facebook' rel=\"noopener\"><span class='avia_hidden_link_text'>Compartir en Facebook<\/span><\/a><\/li><li class='av-share-link av-social-link-twitter' ><a target=\"_blank\" aria-label=\"Compartir en Twitter\" href='https:\/\/twitter.com\/share?text=Con%20participaci%C3%B3n%20de%20entidades%20p%C3%BAblicas%20y%20privadas%20se%20reuni%C3%B3%20el%20comit%C3%A9%20directivo%20Ays%C3%A9n%20del%20sistema%20de%20inteligencia%20tur%C3%ADstica%20de%20Patagonia&#038;url=https:\/\/radiorevelacionfm.cl\/?p=43131' aria-hidden='false' data-av_icon='\ue8f1' data-av_iconfont='entypo-fontello' title='' data-avia-related-tooltip='Compartir en Twitter' rel=\"noopener\"><span class='avia_hidden_link_text'>Compartir en Twitter<\/span><\/a><\/li><li class='av-share-link av-social-link-whatsapp' ><a target=\"_blank\" aria-label=\"Compartir en Whatsapp\" href='https:\/\/api.whatsapp.com\/send?text=https:\/\/radiorevelacionfm.cl\/?p=43131' aria-hidden='false' data-av_icon='\uf232' data-av_iconfont='entypo-fontello' title='' data-avia-related-tooltip='Compartir en Whatsapp' rel=\"noopener\"><span class='avia_hidden_link_text'>Compartir en Whatsapp<\/span><\/a><\/li><li class='av-share-link av-social-link-linkedin' ><a target=\"_blank\" aria-label=\"Compartir en LinkedIn\" href='https:\/\/linkedin.com\/shareArticle?mini=true&#038;title=Con%20participaci%C3%B3n%20de%20entidades%20p%C3%BAblicas%20y%20privadas%20se%20reuni%C3%B3%20el%20comit%C3%A9%20directivo%20Ays%C3%A9n%20del%20sistema%20de%20inteligencia%20tur%C3%ADstica%20de%20Patagonia&#038;url=https:\/\/radiorevelacionfm.cl\/?p=43131' aria-hidden='false' data-av_icon='\ue8fc' data-av_iconfont='entypo-fontello' title='' data-avia-related-tooltip='Compartir en LinkedIn' rel=\"noopener\"><span class='avia_hidden_link_text'>Compartir en LinkedIn<\/span><\/a><\/li><li class='av-share-link av-social-link-mail' ><a  aria-label=\"Compartir por correo\" href='mailto:?subject=Con%20participaci%C3%B3n%20de%20entidades%20p%C3%BAblicas%20y%20privadas%20se%20reuni%C3%B3%20el%20comit%C3%A9%20directivo%20Ays%C3%A9n%20del%20sistema%20de%20inteligencia%20tur%C3%ADstica%20de%20Patagonia&#038;body=https:\/\/radiorevelacionfm.cl\/?p=43131' aria-hidden='false' data-av_icon='\ue805' data-av_iconfont='entypo-fontello' title='' data-avia-related-tooltip='Compartir por correo'><span class='avia_hidden_link_text'>Compartir por correo<\/span><\/a><\/li><\/ul><\/div><\/div>\n<div  style='height:50px' class='hr hr-invisible   avia-builder-el-8  el_after_av_social_share  el_before_av_comments_list '><span class='hr-inner ' ><span class='hr-inner-style'><\/span><\/span><\/div>\n<div  class='av-buildercomment  av-blog-meta-html-info-disabled av-blog-meta-tag-disabled  '><\/div>\n","protected":false},"excerpt":{"rendered":"","protected":false},"author":1,"featured_media":43132,"comment_status":"open","ping_status":"open","sticky":false,"template":"","format":"standard","meta":{"footnotes":""},"categories":[38],"tags":[],"class_list":["post-43131","post","type-post","status-publish","format-standard","has-post-thumbnail","hentry","category-regional"],"jetpack_featured_media_url":"https:\/\/radiorevelacionfm.cl\/wp-content\/uploads\/2024\/06\/sesion-consejo-turismo3-1_optimized.jpeg","_links":{"self":[{"href":"https:\/\/radiorevelacionfm.cl\/index.php?rest_route=\/wp\/v2\/posts\/43131","targetHints":{"allow":["GET"]}}],"collection":[{"href":"https:\/\/radiorevelacionfm.cl\/index.php?rest_route=\/wp\/v2\/posts"}],"about":[{"href":"https:\/\/radiorevelacionfm.cl\/index.php?rest_route=\/wp\/v2\/types\/post"}],"author":[{"embeddable":true,"href":"https:\/\/radiorevelacionfm.cl\/index.php?rest_route=\/wp\/v2\/users\/1"}],"replies":[{"embeddable":true,"href":"https:\/\/radiorevelacionfm.cl\/index.php?rest_route=%2Fwp%2Fv2%2Fcomments&post=43131"}],"version-history":[{"count":1,"href":"https:\/\/radiorevelacionfm.cl\/index.php?rest_route=\/wp\/v2\/posts\/43131\/revisions"}],"predecessor-version":[{"id":43133,"href":"https:\/\/radiorevelacionfm.cl\/index.php?rest_route=\/wp\/v2\/posts\/43131\/revisions\/43133"}],"wp:featuredmedia":[{"embeddable":true,"href":"https:\/\/radiorevelacionfm.cl\/index.php?rest_route=\/wp\/v2\/media\/43132"}],"wp:attachment":[{"href":"https:\/\/radiorevelacionfm.cl\/index.php?rest_route=%2Fwp%2Fv2%2Fmedia&parent=43131"}],"wp:term":[{"taxonomy":"category","embeddable":true,"href":"https:\/\/radiorevelacionfm.cl\/index.php?rest_route=%2Fwp%2Fv2%2Fcategories&post=43131"},{"taxonomy":"post_tag","embeddable":true,"href":"https:\/\/radiorevelacionfm.cl\/index.php?rest_route=%2Fwp%2Fv2%2Ftags&post=43131"}],"curies":[{"name":"wp","href":"https:\/\/api.w.org\/{rel}","templated":true}]}}