{"id":43128,"date":"2024-06-12T16:14:09","date_gmt":"2024-06-12T19:14:09","guid":{"rendered":"https:\/\/radiorevelacionfm.cl\/?p=43128"},"modified":"2024-06-12T16:14:09","modified_gmt":"2024-06-12T19:14:09","slug":"equipo-directivo-de-obras-publicas-manifiesta-su-irrestricta-conviccion-con-aplicacion-de-protocolo-mals","status":"publish","type":"post","link":"https:\/\/radiorevelacionfm.cl\/?p=43128","title":{"rendered":"Equipo directivo de Obras P\u00fablicas manifiesta su irrestricta convicci\u00f3n con aplicaci\u00f3n de protocolo MALS"},"content":{"rendered":"<div class=\"flex_column av_one_full  flex_column_div av-zero-column-padding first  avia-builder-el-0  el_before_av_one_full  avia-builder-el-first  \" style='border-radius:0px; '><div  class='avia-image-container  av-styling-    avia-builder-el-1  avia-builder-el-no-sibling  avia-align-center '  itemprop=\"image\" itemscope=\"itemscope\" itemtype=\"https:\/\/schema.org\/ImageObject\"  ><div class='avia-image-container-inner'><div class='avia-image-overlay-wrap'><img decoding=\"async\" class='wp-image-43129 avia-img-lazy-loading-not-43129 avia_image' src=\"https:\/\/radiorevelacionfm.cl\/wp-content\/uploads\/2024\/06\/fotografia-directores-mop-1_optimized.jpg\" alt='' title='fotograf\u00eda-directores-mop-(1)_optimized' height=\"600\" width=\"1300\"  itemprop=\"thumbnailUrl\" srcset=\"https:\/\/radiorevelacionfm.cl\/wp-content\/uploads\/2024\/06\/fotografia-directores-mop-1_optimized.jpg 1300w, https:\/\/radiorevelacionfm.cl\/wp-content\/uploads\/2024\/06\/fotografia-directores-mop-1_optimized-300x138.jpg 300w, https:\/\/radiorevelacionfm.cl\/wp-content\/uploads\/2024\/06\/fotografia-directores-mop-1_optimized-1030x475.jpg 1030w, https:\/\/radiorevelacionfm.cl\/wp-content\/uploads\/2024\/06\/fotografia-directores-mop-1_optimized-768x354.jpg 768w, https:\/\/radiorevelacionfm.cl\/wp-content\/uploads\/2024\/06\/fotografia-directores-mop-1_optimized-705x325.jpg 705w, https:\/\/radiorevelacionfm.cl\/wp-content\/uploads\/2024\/06\/fotografia-directores-mop-1_optimized-450x208.jpg 450w, https:\/\/radiorevelacionfm.cl\/wp-content\/uploads\/2024\/06\/fotografia-directores-mop-1_optimized-600x277.jpg 600w\" sizes=\"(max-width: 1300px) 100vw, 1300px\" \/><\/div><\/div><\/div><\/div><div class=\"flex_column av_one_full  flex_column_div av-zero-column-padding first  avia-builder-el-2  el_after_av_one_full  el_before_av_one_full  column-top-margin\" style='border-radius:0px; '><section class=\"av_textblock_section \"  itemscope=\"itemscope\" itemtype=\"https:\/\/schema.org\/BlogPosting\" itemprop=\"blogPost\" ><div class='avia_textblock  '   itemprop=\"text\" ><p style=\"text-align: center;\"><strong><span style=\"font-size: 18pt;\">Equipo directivo de Obras P\u00fablicas manifiesta su irrestricta convicci\u00f3n con aplicaci\u00f3n de protocolo MALS<\/span><\/strong><\/p>\n<div id=\"gtx-trans\" style=\"position: absolute; left: -50px; top: 4.31534px;\">\n<div class=\"gtx-trans-icon\"><\/div>\n<\/div>\n<\/div><\/section><\/div><div class=\"flex_column av_one_full  flex_column_div av-zero-column-padding first  avia-builder-el-4  el_after_av_one_full  el_before_av_hr  column-top-margin\" style='border-radius:0px; '><section class=\"av_textblock_section \"  itemscope=\"itemscope\" itemtype=\"https:\/\/schema.org\/BlogPosting\" itemprop=\"blogPost\" ><div class='avia_textblock  '   itemprop=\"text\" ><p style=\"text-align: justify;\">El Equipo Directivo Regional del Ministerio de Obras P\u00fablicas de la Regi\u00f3n de Ays\u00e9n desea expresar p\u00fablicamente su firme y categ\u00f3rica convicci\u00f3n respecto de que ning\u00fan acto que atente contra la integridad de otra persona en el \u00e1mbito laboral y\/o personal es avalado y permitido por nosotros.<\/p>\n<p style=\"text-align: justify;\">Es fundamental que cada una de las funcionarias y los funcionarios que componen el Ministerio se sientan valorados y protegidos, y es por ello que no toleraremos conductas que atenten contra la integridad y el bienestar de las personas.<\/p>\n<p style=\"text-align: justify;\">En este sentido, el Ministerio de Obras P\u00fablicas ha implementado y seguir\u00e1 fortaleciendo el protocolo MALS para prevenir, detectar y sancionar cualquier forma de maltrato, acoso laboral o sexual, difundiendo de manera continua los contenidos y procedimientos que existen frente a esta tem\u00e1tica.<\/p>\n<p style=\"text-align: justify;\">Finalmente, como equipo directivo mantenemos nuestra disposici\u00f3n a escuchar y abrir los espacios que sean necesarios para los funcionarios y funcionarias, y para reforzar conductas que apunten a mantener la integridad y el bienestar de todas las funcionarias y funcionarios del Ministerio de Obras P\u00fablicas, fomentando la instalaci\u00f3n de buenas pr\u00e1cticas y buen trato, para que nuestro ambiente de trabajo mejore cada d\u00eda y permita una adecuada convivencia en cada uno de nuestros equipos.<\/p>\n<\/div><\/section><\/div><div  style='height:50px' class='hr hr-invisible   avia-builder-el-6  el_after_av_one_full  el_before_av_social_share '><span class='hr-inner ' ><span class='hr-inner-style'><\/span><\/span><\/div><\/p>\n<div  class='av-social-sharing-box  avia-builder-el-7  el_after_av_hr  el_before_av_hr  '><div class='av-share-box'><h5 class='av-share-link-description av-no-toc '>Compartir esta noticia<\/h5><ul class='av-share-box-list noLightbox'><li class='av-share-link av-social-link-facebook' ><a target=\"_blank\" aria-label=\"Compartir en Facebook\" href='https:\/\/www.facebook.com\/sharer.php?u=https:\/\/radiorevelacionfm.cl\/?p=43128&#038;t=Equipo%20directivo%20de%20Obras%20P%C3%BAblicas%20manifiesta%20su%20irrestricta%20convicci%C3%B3n%20con%20aplicaci%C3%B3n%20de%20protocolo%20MALS' aria-hidden='false' data-av_icon='\ue8f3' data-av_iconfont='entypo-fontello' title='' data-avia-related-tooltip='Compartir en Facebook' rel=\"noopener\"><span class='avia_hidden_link_text'>Compartir en Facebook<\/span><\/a><\/li><li class='av-share-link av-social-link-twitter' ><a target=\"_blank\" aria-label=\"Compartir en Twitter\" href='https:\/\/twitter.com\/share?text=Equipo%20directivo%20de%20Obras%20P%C3%BAblicas%20manifiesta%20su%20irrestricta%20convicci%C3%B3n%20con%20aplicaci%C3%B3n%20de%20protocolo%20MALS&#038;url=https:\/\/radiorevelacionfm.cl\/?p=43128' aria-hidden='false' data-av_icon='\ue8f1' data-av_iconfont='entypo-fontello' title='' data-avia-related-tooltip='Compartir en Twitter' rel=\"noopener\"><span class='avia_hidden_link_text'>Compartir en Twitter<\/span><\/a><\/li><li class='av-share-link av-social-link-whatsapp' ><a target=\"_blank\" aria-label=\"Compartir en Whatsapp\" href='https:\/\/api.whatsapp.com\/send?text=https:\/\/radiorevelacionfm.cl\/?p=43128' aria-hidden='false' data-av_icon='\uf232' data-av_iconfont='entypo-fontello' title='' data-avia-related-tooltip='Compartir en Whatsapp' rel=\"noopener\"><span class='avia_hidden_link_text'>Compartir en Whatsapp<\/span><\/a><\/li><li class='av-share-link av-social-link-linkedin' ><a target=\"_blank\" aria-label=\"Compartir en LinkedIn\" href='https:\/\/linkedin.com\/shareArticle?mini=true&#038;title=Equipo%20directivo%20de%20Obras%20P%C3%BAblicas%20manifiesta%20su%20irrestricta%20convicci%C3%B3n%20con%20aplicaci%C3%B3n%20de%20protocolo%20MALS&#038;url=https:\/\/radiorevelacionfm.cl\/?p=43128' aria-hidden='false' data-av_icon='\ue8fc' data-av_iconfont='entypo-fontello' title='' data-avia-related-tooltip='Compartir en LinkedIn' rel=\"noopener\"><span class='avia_hidden_link_text'>Compartir en LinkedIn<\/span><\/a><\/li><li class='av-share-link av-social-link-mail' ><a  aria-label=\"Compartir por correo\" href='mailto:?subject=Equipo%20directivo%20de%20Obras%20P%C3%BAblicas%20manifiesta%20su%20irrestricta%20convicci%C3%B3n%20con%20aplicaci%C3%B3n%20de%20protocolo%20MALS&#038;body=https:\/\/radiorevelacionfm.cl\/?p=43128' aria-hidden='false' data-av_icon='\ue805' data-av_iconfont='entypo-fontello' title='' data-avia-related-tooltip='Compartir por correo'><span class='avia_hidden_link_text'>Compartir por correo<\/span><\/a><\/li><\/ul><\/div><\/div>\n<div  style='height:50px' class='hr hr-invisible   avia-builder-el-8  el_after_av_social_share  el_before_av_comments_list '><span class='hr-inner ' ><span class='hr-inner-style'><\/span><\/span><\/div>\n<div  class='av-buildercomment  av-blog-meta-html-info-disabled av-blog-meta-tag-disabled  '><\/div>\n","protected":false},"excerpt":{"rendered":"","protected":false},"author":1,"featured_media":43129,"comment_status":"open","ping_status":"open","sticky":false,"template":"","format":"standard","meta":{"footnotes":""},"categories":[38],"tags":[],"class_list":["post-43128","post","type-post","status-publish","format-standard","has-post-thumbnail","hentry","category-regional"],"jetpack_featured_media_url":"https:\/\/radiorevelacionfm.cl\/wp-content\/uploads\/2024\/06\/fotografia-directores-mop-1_optimized.jpg","_links":{"self":[{"href":"https:\/\/radiorevelacionfm.cl\/index.php?rest_route=\/wp\/v2\/posts\/43128","targetHints":{"allow":["GET"]}}],"collection":[{"href":"https:\/\/radiorevelacionfm.cl\/index.php?rest_route=\/wp\/v2\/posts"}],"about":[{"href":"https:\/\/radiorevelacionfm.cl\/index.php?rest_route=\/wp\/v2\/types\/post"}],"author":[{"embeddable":true,"href":"https:\/\/radiorevelacionfm.cl\/index.php?rest_route=\/wp\/v2\/users\/1"}],"replies":[{"embeddable":true,"href":"https:\/\/radiorevelacionfm.cl\/index.php?rest_route=%2Fwp%2Fv2%2Fcomments&post=43128"}],"version-history":[{"count":1,"href":"https:\/\/radiorevelacionfm.cl\/index.php?rest_route=\/wp\/v2\/posts\/43128\/revisions"}],"predecessor-version":[{"id":43130,"href":"https:\/\/radiorevelacionfm.cl\/index.php?rest_route=\/wp\/v2\/posts\/43128\/revisions\/43130"}],"wp:featuredmedia":[{"embeddable":true,"href":"https:\/\/radiorevelacionfm.cl\/index.php?rest_route=\/wp\/v2\/media\/43129"}],"wp:attachment":[{"href":"https:\/\/radiorevelacionfm.cl\/index.php?rest_route=%2Fwp%2Fv2%2Fmedia&parent=43128"}],"wp:term":[{"taxonomy":"category","embeddable":true,"href":"https:\/\/radiorevelacionfm.cl\/index.php?rest_route=%2Fwp%2Fv2%2Fcategories&post=43128"},{"taxonomy":"post_tag","embeddable":true,"href":"https:\/\/radiorevelacionfm.cl\/index.php?rest_route=%2Fwp%2Fv2%2Ftags&post=43128"}],"curies":[{"name":"wp","href":"https:\/\/api.w.org\/{rel}","templated":true}]}}