{"id":43125,"date":"2024-06-14T17:20:59","date_gmt":"2024-06-14T20:20:59","guid":{"rendered":"https:\/\/radiorevelacionfm.cl\/?p=43125"},"modified":"2024-06-14T17:20:59","modified_gmt":"2024-06-14T20:20:59","slug":"en-chile-ni-siquiera-tenemos-clara-la-definicion-senadora-ordenes-valoro-el-proyecto-de-ley-sobre-enfermedades-poco-frecuentes","status":"publish","type":"post","link":"https:\/\/radiorevelacionfm.cl\/?p=43125","title":{"rendered":"\u201cEn Chile ni siquiera tenemos clara la definici\u00f3n\u201d: Senadora \u00d3rdenes valor\u00f3 el proyecto de ley sobre enfermedades poco frecuentes"},"content":{"rendered":"<div class=\"flex_column av_one_full  flex_column_div av-zero-column-padding first  avia-builder-el-0  el_before_av_one_full  avia-builder-el-first  \" style='border-radius:0px; '><div  class='avia-image-container  av-styling-    avia-builder-el-1  avia-builder-el-no-sibling  avia-align-center '  itemprop=\"image\" itemscope=\"itemscope\" itemtype=\"https:\/\/schema.org\/ImageObject\"  ><div class='avia-image-container-inner'><div class='avia-image-overlay-wrap'><img decoding=\"async\" class='wp-image-43126 avia-img-lazy-loading-not-43126 avia_image' src=\"https:\/\/radiorevelacionfm.cl\/wp-content\/uploads\/2024\/06\/FOTO-1-4-1-1.jpeg\" alt='' title='FOTO #1 (4) (1) (1)' height=\"600\" width=\"900\"  itemprop=\"thumbnailUrl\" srcset=\"https:\/\/radiorevelacionfm.cl\/wp-content\/uploads\/2024\/06\/FOTO-1-4-1-1.jpeg 900w, https:\/\/radiorevelacionfm.cl\/wp-content\/uploads\/2024\/06\/FOTO-1-4-1-1-300x200.jpeg 300w, https:\/\/radiorevelacionfm.cl\/wp-content\/uploads\/2024\/06\/FOTO-1-4-1-1-768x512.jpeg 768w, https:\/\/radiorevelacionfm.cl\/wp-content\/uploads\/2024\/06\/FOTO-1-4-1-1-705x470.jpeg 705w, https:\/\/radiorevelacionfm.cl\/wp-content\/uploads\/2024\/06\/FOTO-1-4-1-1-450x300.jpeg 450w, https:\/\/radiorevelacionfm.cl\/wp-content\/uploads\/2024\/06\/FOTO-1-4-1-1-600x400.jpeg 600w\" sizes=\"(max-width: 900px) 100vw, 900px\" \/><\/div><\/div><\/div><\/div><div class=\"flex_column av_one_full  flex_column_div av-zero-column-padding first  avia-builder-el-2  el_after_av_one_full  el_before_av_one_full  column-top-margin\" style='border-radius:0px; '><section class=\"av_textblock_section \"  itemscope=\"itemscope\" itemtype=\"https:\/\/schema.org\/BlogPosting\" itemprop=\"blogPost\" ><div class='avia_textblock  '   itemprop=\"text\" ><p style=\"text-align: center;\"><strong><span style=\"font-size: 18pt;\">\u201cEn Chile ni siquiera tenemos clara la definici\u00f3n\u201d: Senadora \u00d3rdenes valor\u00f3 el proyecto de ley sobre enfermedades poco frecuentes<\/span><\/strong><\/p>\n<div id=\"gtx-trans\" style=\"position: absolute; left: -50px; top: 4.31534px;\">\n<div class=\"gtx-trans-icon\"><\/div>\n<\/div>\n<\/div><\/section><\/div><div class=\"flex_column av_one_full  flex_column_div av-zero-column-padding first  avia-builder-el-4  el_after_av_one_full  el_before_av_hr  column-top-margin\" style='border-radius:0px; '><section class=\"av_textblock_section \"  itemscope=\"itemscope\" itemtype=\"https:\/\/schema.org\/BlogPosting\" itemprop=\"blogPost\" ><div class='avia_textblock  '   itemprop=\"text\" ><p style=\"text-align: justify;\">La senadora por la regi\u00f3n de Ays\u00e9n, Ximena \u00d3rdenes Neira, manifest\u00f3 su preocupaci\u00f3n ante la discusi\u00f3n que se abri\u00f3 en la Comisi\u00f3n de Salud del Senado sobre enfermedades poco frecuentes, dando cuenta que, si bien el proyecto ingresado resuelve controversias que han marcado el debate en ocasiones anteriores y recoge todas estas discusiones previas, nuevamente enfrentar\u00e1, m\u00e1s que al Ministerio de Salud, a la cartera de Hacienda, la cual ha puesto techo a la discusi\u00f3n en debates anteriores, al abordar el problema de los costos.<\/p>\n<p style=\"text-align: justify;\">\u201cCuando hablamos de enfermedades raras o poco frecuentes, como estas afectan a un n\u00famero reducido de personas y tienen baja frecuencia de aparici\u00f3n, yo dir\u00eda que no hay una corriente principal abordando el tema del costo para las familias y tambi\u00e9n para el sistema de salud\u201d, comenz\u00f3 su intervenci\u00f3n la representante de la XI regi\u00f3n. Sobre este punto, la parlamentaria coincidi\u00f3 con los dem\u00e1s senadores que ya hab\u00edan planteado este problema, indicando: \u201ccreo que parte de la conversaci\u00f3n tiene que ser sobre los costos\u201d<\/p>\n<p style=\"text-align: justify;\">Por otro lado, la senadora \u00d3rdenes destac\u00f3 el que se haya utilizado una \u00fanica definici\u00f3n sobre este tipo de enfermedades en el proyecto presentado, punto que hab\u00eda suscitado controversia en discusiones anteriores. \u201cPartimos de que ni siquiera en Chile tenemos clara la definici\u00f3n de enfermedades raras o poco frecuentes. Creo que es importante que se haya tomado la definici\u00f3n de la Uni\u00f3n Europea, entendiendo que son aquellas enfermedades con peligro de muerte o de invalidez cr\u00f3nica, que tienen una prevalencia menor a un caso por cada dos mil habitantes. Esto era parte del debate\u201d, se\u00f1al\u00f3 la parlamentaria, concluyendo que \u201cestamos en un pa\u00eds donde ni siquiera ten\u00edamos definido qu\u00e9 entend\u00edamos por enfermedades raras o poco frecuentes\u201d.<\/p>\n<p style=\"text-align: justify;\">\u201cSi bien, afectan a un 6 u 8% de la poblaci\u00f3n, son casos de alta connotaci\u00f3n p\u00fablica. Yo creo que la caminata de una mam\u00e1, que adem\u00e1s es de la regi\u00f3n de Ays\u00e9n, si bien la caminata la empieza en Chilo\u00e9, la verdad es que esta es un s\u00edmbolo de lo que tiene que enfrentar una familia cuando se ve afectada por una problem\u00e1tica de salud de esta naturaleza y en este sentido, creo que en paralelo tenemos que ver que es lo que pasa con la ley Ricarte Soto\u201d, retom\u00f3 la senadora por la regi\u00f3n de Ays\u00e9n, que se vio aludida con el caso de Tom\u00e1s Ross y la caminata que emprendi\u00f3 su mam\u00e1, desde Chilo\u00e9, hasta la moneda para visibilizar la situaci\u00f3n que enfrenta su familia, logrando recaudar m\u00e1s de tres mil quinientos millos de pesos.<\/p>\n<p style=\"text-align: justify;\">\u201cCoincido en que, m\u00e1s all\u00e1 del Ministerio de Salud, hay que tener una conversaci\u00f3n y una definici\u00f3n clara desde el Ministerio de Hacienda. \u00bfDe qu\u00e9 estamos hablando que se supone que no es posible de abordar? Y tambi\u00e9n, de cara a la ley de presupuestos, creo que este es un tema, porque hoy lo que hemos hecho es consagrar el d\u00eda nacional de la educaci\u00f3n y concientizaci\u00f3n de las enfermedades raras o poco frecuentes y a trav\u00e9s del decreto N\u00b025 exento, se cre\u00f3 la nueva Comisi\u00f3n T\u00e9cnico Asesora, que ahora va a ser parte de la ley. Tambi\u00e9n se trabaj\u00f3 en la propuesta de un Plan Nacional de Enfermedades Raras, comisi\u00f3n que estuvo conformada por la exsenadora Carolina Goic, donde la idea tambi\u00e9n era generar una institucionalidad\u201d, record\u00f3 la senadora e integrante de la Comisi\u00f3n de Salud del senado.<\/p>\n<p style=\"text-align: justify;\">\u201cCreo que el proyecto de ley de hoy recoge lo que se ha hecho anteriormente, pero seguimos con el gran d\u00e9ficit, que es el costo de los tratamientos y medicamentos y creo que eso tambi\u00e9n lo tenemos que abordar\u201d, concluy\u00f3 \u00d3rdenes.<\/p>\n<\/div><\/section><\/div><div  style='height:50px' class='hr hr-invisible   avia-builder-el-6  el_after_av_one_full  el_before_av_social_share '><span class='hr-inner ' ><span class='hr-inner-style'><\/span><\/span><\/div><\/p>\n<div  class='av-social-sharing-box  avia-builder-el-7  el_after_av_hr  el_before_av_hr  '><div class='av-share-box'><h5 class='av-share-link-description av-no-toc '>Compartir esta noticia<\/h5><ul class='av-share-box-list noLightbox'><li class='av-share-link av-social-link-facebook' ><a target=\"_blank\" aria-label=\"Compartir en Facebook\" href='https:\/\/www.facebook.com\/sharer.php?u=https:\/\/radiorevelacionfm.cl\/?p=43125&#038;t=%E2%80%9CEn%20Chile%20ni%20siquiera%20tenemos%20clara%20la%20definici%C3%B3n%E2%80%9D%3A%20Senadora%20%C3%93rdenes%20valor%C3%B3%20el%20proyecto%20de%20ley%20sobre%20enfermedades%20poco%20frecuentes' aria-hidden='false' data-av_icon='\ue8f3' data-av_iconfont='entypo-fontello' title='' data-avia-related-tooltip='Compartir en Facebook' rel=\"noopener\"><span class='avia_hidden_link_text'>Compartir en Facebook<\/span><\/a><\/li><li class='av-share-link av-social-link-twitter' ><a target=\"_blank\" aria-label=\"Compartir en Twitter\" href='https:\/\/twitter.com\/share?text=%E2%80%9CEn%20Chile%20ni%20siquiera%20tenemos%20clara%20la%20definici%C3%B3n%E2%80%9D%3A%20Senadora%20%C3%93rdenes%20valor%C3%B3%20el%20proyecto%20de%20ley%20sobre%20enfermedades%20poco%20frecuentes&#038;url=https:\/\/radiorevelacionfm.cl\/?p=43125' aria-hidden='false' data-av_icon='\ue8f1' data-av_iconfont='entypo-fontello' title='' data-avia-related-tooltip='Compartir en Twitter' rel=\"noopener\"><span class='avia_hidden_link_text'>Compartir en Twitter<\/span><\/a><\/li><li class='av-share-link av-social-link-whatsapp' ><a target=\"_blank\" aria-label=\"Compartir en Whatsapp\" href='https:\/\/api.whatsapp.com\/send?text=https:\/\/radiorevelacionfm.cl\/?p=43125' aria-hidden='false' data-av_icon='\uf232' data-av_iconfont='entypo-fontello' title='' data-avia-related-tooltip='Compartir en Whatsapp' rel=\"noopener\"><span class='avia_hidden_link_text'>Compartir en Whatsapp<\/span><\/a><\/li><li class='av-share-link av-social-link-linkedin' ><a target=\"_blank\" aria-label=\"Compartir en LinkedIn\" href='https:\/\/linkedin.com\/shareArticle?mini=true&#038;title=%E2%80%9CEn%20Chile%20ni%20siquiera%20tenemos%20clara%20la%20definici%C3%B3n%E2%80%9D%3A%20Senadora%20%C3%93rdenes%20valor%C3%B3%20el%20proyecto%20de%20ley%20sobre%20enfermedades%20poco%20frecuentes&#038;url=https:\/\/radiorevelacionfm.cl\/?p=43125' aria-hidden='false' data-av_icon='\ue8fc' data-av_iconfont='entypo-fontello' title='' data-avia-related-tooltip='Compartir en LinkedIn' rel=\"noopener\"><span class='avia_hidden_link_text'>Compartir en LinkedIn<\/span><\/a><\/li><li class='av-share-link av-social-link-mail' ><a  aria-label=\"Compartir por correo\" href='mailto:?subject=%E2%80%9CEn%20Chile%20ni%20siquiera%20tenemos%20clara%20la%20definici%C3%B3n%E2%80%9D%3A%20Senadora%20%C3%93rdenes%20valor%C3%B3%20el%20proyecto%20de%20ley%20sobre%20enfermedades%20poco%20frecuentes&#038;body=https:\/\/radiorevelacionfm.cl\/?p=43125' aria-hidden='false' data-av_icon='\ue805' data-av_iconfont='entypo-fontello' title='' data-avia-related-tooltip='Compartir por correo'><span class='avia_hidden_link_text'>Compartir por correo<\/span><\/a><\/li><\/ul><\/div><\/div>\n<div  style='height:50px' class='hr hr-invisible   avia-builder-el-8  el_after_av_social_share  el_before_av_comments_list '><span class='hr-inner ' ><span class='hr-inner-style'><\/span><\/span><\/div>\n<div  class='av-buildercomment  av-blog-meta-html-info-disabled av-blog-meta-tag-disabled  '><\/div>\n","protected":false},"excerpt":{"rendered":"","protected":false},"author":1,"featured_media":43126,"comment_status":"open","ping_status":"open","sticky":false,"template":"","format":"standard","meta":{"footnotes":""},"categories":[35],"tags":[],"class_list":["post-43125","post","type-post","status-publish","format-standard","has-post-thumbnail","hentry","category-politica"],"jetpack_featured_media_url":"https:\/\/radiorevelacionfm.cl\/wp-content\/uploads\/2024\/06\/FOTO-1-4-1-1.jpeg","_links":{"self":[{"href":"https:\/\/radiorevelacionfm.cl\/index.php?rest_route=\/wp\/v2\/posts\/43125","targetHints":{"allow":["GET"]}}],"collection":[{"href":"https:\/\/radiorevelacionfm.cl\/index.php?rest_route=\/wp\/v2\/posts"}],"about":[{"href":"https:\/\/radiorevelacionfm.cl\/index.php?rest_route=\/wp\/v2\/types\/post"}],"author":[{"embeddable":true,"href":"https:\/\/radiorevelacionfm.cl\/index.php?rest_route=\/wp\/v2\/users\/1"}],"replies":[{"embeddable":true,"href":"https:\/\/radiorevelacionfm.cl\/index.php?rest_route=%2Fwp%2Fv2%2Fcomments&post=43125"}],"version-history":[{"count":1,"href":"https:\/\/radiorevelacionfm.cl\/index.php?rest_route=\/wp\/v2\/posts\/43125\/revisions"}],"predecessor-version":[{"id":43127,"href":"https:\/\/radiorevelacionfm.cl\/index.php?rest_route=\/wp\/v2\/posts\/43125\/revisions\/43127"}],"wp:featuredmedia":[{"embeddable":true,"href":"https:\/\/radiorevelacionfm.cl\/index.php?rest_route=\/wp\/v2\/media\/43126"}],"wp:attachment":[{"href":"https:\/\/radiorevelacionfm.cl\/index.php?rest_route=%2Fwp%2Fv2%2Fmedia&parent=43125"}],"wp:term":[{"taxonomy":"category","embeddable":true,"href":"https:\/\/radiorevelacionfm.cl\/index.php?rest_route=%2Fwp%2Fv2%2Fcategories&post=43125"},{"taxonomy":"post_tag","embeddable":true,"href":"https:\/\/radiorevelacionfm.cl\/index.php?rest_route=%2Fwp%2Fv2%2Ftags&post=43125"}],"curies":[{"name":"wp","href":"https:\/\/api.w.org\/{rel}","templated":true}]}}