{"id":43122,"date":"2024-06-12T16:06:26","date_gmt":"2024-06-12T19:06:26","guid":{"rendered":"https:\/\/radiorevelacionfm.cl\/?p=43122"},"modified":"2024-06-12T16:12:39","modified_gmt":"2024-06-12T19:12:39","slug":"corfo-anuncia-apertura-de-programa-escalamiento-con-foco-en-emprendimientos-con-potencial-de-internacionalizacion","status":"publish","type":"post","link":"https:\/\/radiorevelacionfm.cl\/?p=43122","title":{"rendered":"Corfo anuncia apertura de Programa Escalamiento con Foco en emprendimientos con Potencial de Internacionalizaci\u00f3n"},"content":{"rendered":"<div class=\"flex_column av_one_full  flex_column_div av-zero-column-padding first  avia-builder-el-0  el_before_av_one_full  avia-builder-el-first  \" style='border-radius:0px; '><div  class='avia-image-container  av-styling-    avia-builder-el-1  avia-builder-el-no-sibling  avia-align-center '  itemprop=\"image\" itemscope=\"itemscope\" itemtype=\"https:\/\/schema.org\/ImageObject\"  ><div class='avia-image-container-inner'><div class='avia-image-overlay-wrap'><img decoding=\"async\" class='wp-image-43123 avia-img-lazy-loading-not-43123 avia_image' src=\"https:\/\/radiorevelacionfm.cl\/wp-content\/uploads\/2024\/06\/pexels-nurseryart-346885-1-1.jpg\" alt='' title='pexels-nurseryart-346885 (1) (1)' height=\"600\" width=\"900\"  itemprop=\"thumbnailUrl\" srcset=\"https:\/\/radiorevelacionfm.cl\/wp-content\/uploads\/2024\/06\/pexels-nurseryart-346885-1-1.jpg 900w, https:\/\/radiorevelacionfm.cl\/wp-content\/uploads\/2024\/06\/pexels-nurseryart-346885-1-1-300x200.jpg 300w, https:\/\/radiorevelacionfm.cl\/wp-content\/uploads\/2024\/06\/pexels-nurseryart-346885-1-1-768x512.jpg 768w, https:\/\/radiorevelacionfm.cl\/wp-content\/uploads\/2024\/06\/pexels-nurseryart-346885-1-1-705x470.jpg 705w, https:\/\/radiorevelacionfm.cl\/wp-content\/uploads\/2024\/06\/pexels-nurseryart-346885-1-1-450x300.jpg 450w, https:\/\/radiorevelacionfm.cl\/wp-content\/uploads\/2024\/06\/pexels-nurseryart-346885-1-1-600x400.jpg 600w\" sizes=\"(max-width: 900px) 100vw, 900px\" \/><\/div><\/div><\/div><\/div>\n<div class=\"flex_column av_one_full  flex_column_div av-zero-column-padding first  avia-builder-el-2  el_after_av_one_full  el_before_av_one_full  column-top-margin\" style='border-radius:0px; '><section class=\"av_textblock_section \"  itemscope=\"itemscope\" itemtype=\"https:\/\/schema.org\/BlogPosting\" itemprop=\"blogPost\" ><div class='avia_textblock  '   itemprop=\"text\" ><p style=\"text-align: center;\"><strong><span style=\"font-size: 18pt;\">Corfo anuncia apertura de Programa Escalamiento con Foco en emprendimientos con Potencial de Internacionalizaci\u00f3n<\/span><\/strong><\/p>\n<div id=\"gtx-trans\" style=\"position: absolute; left: -50px; top: 4.31534px;\">\n<div class=\"gtx-trans-icon\"><\/div>\n<\/div>\n<\/div><\/section><\/div><div class=\"flex_column av_one_full  flex_column_div av-zero-column-padding first  avia-builder-el-4  el_after_av_one_full  el_before_av_hr  column-top-margin\" style='border-radius:0px; '><section class=\"av_textblock_section \"  itemscope=\"itemscope\" itemtype=\"https:\/\/schema.org\/BlogPosting\" itemprop=\"blogPost\" ><div class='avia_textblock  '   itemprop=\"text\" ><p style=\"font-weight: 400; text-align: justify;\"><em>Emprendedores y emprendedoras de todo Chile pueden postular a este llamado que ofrece un cofinanciamiento de hasta $60 millones.<\/em><\/p>\n<p style=\"font-weight: 400; text-align: justify;\">Para apoyar emprendimientos innovadores y sostenibles que busquen abrirse a mercados internacionales y\/o levantar capital privado, Corfo anunci\u00f3 la convocatoria 2024 de su <strong>Programa Escalamiento<\/strong>.<\/p>\n<p style=\"font-weight: 400; text-align: justify;\">As\u00ed lo inform\u00f3 Humberto Mar\u00edn Leiva, director de Corfo Ays\u00e9n, quien se\u00f1al\u00f3 que el Programa Escalamiento se enfoca en financiar proyectos que ya est\u00e1n en una etapa de crecimiento significativa, \u201cun apoyo es esencial para que las buenas ideas maduren y prosperen\u201d. Agreg\u00f3 que la importancia del programa radica en su capacidad para apoyar proyectos altamente innovadores que no tienen comparativos directos, \u201crespaldo estatal que es fundamental para que estas empresas puedan a\u00f1adir tecnolog\u00eda y sofisticaci\u00f3n a la matriz productiva de Chile\u201d.<\/p>\n<p style=\"font-weight: 400; text-align: justify;\">Este programa\u00a0apunta a emprendimientos que ya cuenten con ventas y un modelo de negocios consolidado, y que requieran financiamiento para seguir su crecimiento y desarrollo. Para ello, este instrumento ofrece un cofinanciamiento de hasta un\u00a0<u>70% del costo total del proyecto<\/u>, con un\u00a0<u>tope de $60 millones<\/u>.<\/p>\n<p style=\"font-weight: 400; text-align: justify;\">Aquellos proyectos que sean liderados por mujeres obtendr\u00e1n un 10% adicional de cofinanciamiento en el caso de ser seleccionados, esto en el marco de la estrategia de g\u00e9nero que ha liderado la Corporaci\u00f3n.<\/p>\n<p style=\"font-weight: 400; text-align: justify;\">El llamado 2024 del\u00a0<strong>Programa Escalamiento<\/strong>\u00a0estar\u00e1 abierto hasta el\u00a0<strong>09 de julio a las 16.00 horas<\/strong>\u00a0y contar\u00e1 con instancias de orientaci\u00f3n transmitidas online v\u00eda Youtube de Corfo, donde se entregar\u00e1n lineamientos b\u00e1sicos sobre el proceso de postulaci\u00f3n, guiando oportunamente a quienes quieran participar de estos llamados.<\/p>\n<p style=\"font-weight: 400; text-align: justify;\">Las fechas de estas orientaciones son las siguientes:<\/p>\n<p style=\"font-weight: 400; text-align: justify;\"><strong>\u201cRevisi\u00f3n del programa y el formulario de postulaci\u00f3n\u201d \u00a0\u00a0\u00a0\u00a0\u00a0\u00a0\u00a0\u00a0\u00a0\u00a0\u00a0\u00a0 19 de junio\/ 11.00 horas<\/strong><\/p>\n<p style=\"font-weight: 400; text-align: justify;\"><strong>\u201cErrores comunes al momento de postular\u201d\u00a0 \u00a0 \u00a0 \u00a0 \u00a0 \u00a0 \u00a0 \u00a0 \u00a0 \u00a0 \u00a0 \u00a0 \u00a0 \u00a0 \u00a0 \u00a0 \u00a003 de julio \/ 11.00 horas<\/strong><\/p>\n<p style=\"font-weight: 400; text-align: justify;\">Para m\u00e1s informaci\u00f3n sobre esta convocatoria, sus plazos y requisitos, visitar el sitio\u00a0<a href=\"https:\/\/www.corfo.cl\/sites\/cpp\/convocatorias\/semilla_inicia\" data-saferedirecturl=\"https:\/\/www.google.com\/url?q=https:\/\/www.corfo.cl\/sites\/cpp\/convocatorias\/semilla_inicia&amp;source=gmail&amp;ust=1718291039350000&amp;usg=AOvVaw3JpR7id0f_bG-k95RcFAin\">web de Corfo<\/a><\/p>\n<\/div><\/section><\/div><\/p>\n<div  style='height:50px' class='hr hr-invisible   avia-builder-el-6  el_after_av_one_full  el_before_av_social_share '><span class='hr-inner ' ><span class='hr-inner-style'><\/span><\/span><\/div>\n<div  class='av-social-sharing-box  avia-builder-el-7  el_after_av_hr  el_before_av_hr  '><div class='av-share-box'><h5 class='av-share-link-description av-no-toc '>Compartir esta noticia<\/h5><ul class='av-share-box-list noLightbox'><li class='av-share-link av-social-link-facebook' ><a target=\"_blank\" aria-label=\"Compartir en Facebook\" href='https:\/\/www.facebook.com\/sharer.php?u=https:\/\/radiorevelacionfm.cl\/?p=43122&#038;t=Corfo%20anuncia%20apertura%20de%20Programa%20Escalamiento%20con%20Foco%20en%20emprendimientos%20con%20Potencial%20de%20Internacionalizaci%C3%B3n' aria-hidden='false' data-av_icon='\ue8f3' data-av_iconfont='entypo-fontello' title='' data-avia-related-tooltip='Compartir en Facebook' rel=\"noopener\"><span class='avia_hidden_link_text'>Compartir en Facebook<\/span><\/a><\/li><li class='av-share-link av-social-link-twitter' ><a target=\"_blank\" aria-label=\"Compartir en Twitter\" href='https:\/\/twitter.com\/share?text=Corfo%20anuncia%20apertura%20de%20Programa%20Escalamiento%20con%20Foco%20en%20emprendimientos%20con%20Potencial%20de%20Internacionalizaci%C3%B3n&#038;url=https:\/\/radiorevelacionfm.cl\/?p=43122' aria-hidden='false' data-av_icon='\ue8f1' data-av_iconfont='entypo-fontello' title='' data-avia-related-tooltip='Compartir en Twitter' rel=\"noopener\"><span class='avia_hidden_link_text'>Compartir en Twitter<\/span><\/a><\/li><li class='av-share-link av-social-link-whatsapp' ><a target=\"_blank\" aria-label=\"Compartir en Whatsapp\" href='https:\/\/api.whatsapp.com\/send?text=https:\/\/radiorevelacionfm.cl\/?p=43122' aria-hidden='false' data-av_icon='\uf232' data-av_iconfont='entypo-fontello' title='' data-avia-related-tooltip='Compartir en Whatsapp' rel=\"noopener\"><span class='avia_hidden_link_text'>Compartir en Whatsapp<\/span><\/a><\/li><li class='av-share-link av-social-link-linkedin' ><a target=\"_blank\" aria-label=\"Compartir en LinkedIn\" href='https:\/\/linkedin.com\/shareArticle?mini=true&#038;title=Corfo%20anuncia%20apertura%20de%20Programa%20Escalamiento%20con%20Foco%20en%20emprendimientos%20con%20Potencial%20de%20Internacionalizaci%C3%B3n&#038;url=https:\/\/radiorevelacionfm.cl\/?p=43122' aria-hidden='false' data-av_icon='\ue8fc' data-av_iconfont='entypo-fontello' title='' data-avia-related-tooltip='Compartir en LinkedIn' rel=\"noopener\"><span class='avia_hidden_link_text'>Compartir en LinkedIn<\/span><\/a><\/li><li class='av-share-link av-social-link-mail' ><a  aria-label=\"Compartir por correo\" href='mailto:?subject=Corfo%20anuncia%20apertura%20de%20Programa%20Escalamiento%20con%20Foco%20en%20emprendimientos%20con%20Potencial%20de%20Internacionalizaci%C3%B3n&#038;body=https:\/\/radiorevelacionfm.cl\/?p=43122' aria-hidden='false' data-av_icon='\ue805' data-av_iconfont='entypo-fontello' title='' data-avia-related-tooltip='Compartir por correo'><span class='avia_hidden_link_text'>Compartir por correo<\/span><\/a><\/li><\/ul><\/div><\/div>\n<div  style='height:50px' class='hr hr-invisible   avia-builder-el-8  el_after_av_social_share  el_before_av_comments_list '><span class='hr-inner ' ><span class='hr-inner-style'><\/span><\/span><\/div>\n<div  class='av-buildercomment  av-blog-meta-html-info-disabled av-blog-meta-tag-disabled  '><\/div>\n","protected":false},"excerpt":{"rendered":"","protected":false},"author":1,"featured_media":43123,"comment_status":"open","ping_status":"open","sticky":false,"template":"","format":"standard","meta":{"footnotes":""},"categories":[38],"tags":[],"class_list":["post-43122","post","type-post","status-publish","format-standard","has-post-thumbnail","hentry","category-regional"],"jetpack_featured_media_url":"https:\/\/radiorevelacionfm.cl\/wp-content\/uploads\/2024\/06\/pexels-nurseryart-346885-1-1.jpg","_links":{"self":[{"href":"https:\/\/radiorevelacionfm.cl\/index.php?rest_route=\/wp\/v2\/posts\/43122","targetHints":{"allow":["GET"]}}],"collection":[{"href":"https:\/\/radiorevelacionfm.cl\/index.php?rest_route=\/wp\/v2\/posts"}],"about":[{"href":"https:\/\/radiorevelacionfm.cl\/index.php?rest_route=\/wp\/v2\/types\/post"}],"author":[{"embeddable":true,"href":"https:\/\/radiorevelacionfm.cl\/index.php?rest_route=\/wp\/v2\/users\/1"}],"replies":[{"embeddable":true,"href":"https:\/\/radiorevelacionfm.cl\/index.php?rest_route=%2Fwp%2Fv2%2Fcomments&post=43122"}],"version-history":[{"count":2,"href":"https:\/\/radiorevelacionfm.cl\/index.php?rest_route=\/wp\/v2\/posts\/43122\/revisions"}],"predecessor-version":[{"id":43137,"href":"https:\/\/radiorevelacionfm.cl\/index.php?rest_route=\/wp\/v2\/posts\/43122\/revisions\/43137"}],"wp:featuredmedia":[{"embeddable":true,"href":"https:\/\/radiorevelacionfm.cl\/index.php?rest_route=\/wp\/v2\/media\/43123"}],"wp:attachment":[{"href":"https:\/\/radiorevelacionfm.cl\/index.php?rest_route=%2Fwp%2Fv2%2Fmedia&parent=43122"}],"wp:term":[{"taxonomy":"category","embeddable":true,"href":"https:\/\/radiorevelacionfm.cl\/index.php?rest_route=%2Fwp%2Fv2%2Fcategories&post=43122"},{"taxonomy":"post_tag","embeddable":true,"href":"https:\/\/radiorevelacionfm.cl\/index.php?rest_route=%2Fwp%2Fv2%2Ftags&post=43122"}],"curies":[{"name":"wp","href":"https:\/\/api.w.org\/{rel}","templated":true}]}}