{"id":43119,"date":"2024-06-12T11:06:01","date_gmt":"2024-06-12T14:06:01","guid":{"rendered":"https:\/\/radiorevelacionfm.cl\/?p=43119"},"modified":"2024-06-12T11:06:01","modified_gmt":"2024-06-12T14:06:01","slug":"mas-de-20-ayseninas-aprendieron-a-reciclar-el-aceite-vegetal-para-hacer-jabones","status":"publish","type":"post","link":"https:\/\/radiorevelacionfm.cl\/?p=43119","title":{"rendered":"M\u00e1s de 20 ayseninas aprendieron a reciclar el aceite vegetal para hacer jabones"},"content":{"rendered":"<div class=\"flex_column av_one_full  flex_column_div av-zero-column-padding first  avia-builder-el-0  el_before_av_one_full  avia-builder-el-first  \" style='border-radius:0px; '><div  class='avia-image-container  av-styling-    avia-builder-el-1  avia-builder-el-no-sibling  avia-align-center '  itemprop=\"image\" itemscope=\"itemscope\" itemtype=\"https:\/\/schema.org\/ImageObject\"  ><div class='avia-image-container-inner'><div class='avia-image-overlay-wrap'><img decoding=\"async\" class='wp-image-43120 avia-img-lazy-loading-not-43120 avia_image' src=\"https:\/\/radiorevelacionfm.cl\/wp-content\/uploads\/2024\/06\/5to-taller-jabones-bahamonde6-1_optimized.jpeg\" alt='' title='5to-taller-jabones-bahamonde6-(1)_optimized' height=\"600\" width=\"800\"  itemprop=\"thumbnailUrl\" srcset=\"https:\/\/radiorevelacionfm.cl\/wp-content\/uploads\/2024\/06\/5to-taller-jabones-bahamonde6-1_optimized.jpeg 800w, https:\/\/radiorevelacionfm.cl\/wp-content\/uploads\/2024\/06\/5to-taller-jabones-bahamonde6-1_optimized-300x225.jpeg 300w, https:\/\/radiorevelacionfm.cl\/wp-content\/uploads\/2024\/06\/5to-taller-jabones-bahamonde6-1_optimized-768x576.jpeg 768w, https:\/\/radiorevelacionfm.cl\/wp-content\/uploads\/2024\/06\/5to-taller-jabones-bahamonde6-1_optimized-705x529.jpeg 705w, https:\/\/radiorevelacionfm.cl\/wp-content\/uploads\/2024\/06\/5to-taller-jabones-bahamonde6-1_optimized-450x338.jpeg 450w, https:\/\/radiorevelacionfm.cl\/wp-content\/uploads\/2024\/06\/5to-taller-jabones-bahamonde6-1_optimized-600x450.jpeg 600w\" sizes=\"(max-width: 800px) 100vw, 800px\" \/><\/div><\/div><\/div><\/div><div class=\"flex_column av_one_full  flex_column_div av-zero-column-padding first  avia-builder-el-2  el_after_av_one_full  el_before_av_one_full  column-top-margin\" style='border-radius:0px; '><section class=\"av_textblock_section \"  itemscope=\"itemscope\" itemtype=\"https:\/\/schema.org\/BlogPosting\" itemprop=\"blogPost\" ><div class='avia_textblock  '   itemprop=\"text\" ><p style=\"text-align: center;\"><strong><span style=\"font-size: 18pt;\">M\u00e1s de 20 ayseninas aprendieron a reciclar el aceite vegetal para hacer jabones<\/span><\/strong><\/p>\n<div id=\"gtx-trans\" style=\"position: absolute; left: -50px; top: 4.31534px;\">\n<div class=\"gtx-trans-icon\"><\/div>\n<\/div>\n<\/div><\/section><\/div><div class=\"flex_column av_one_full  flex_column_div av-zero-column-padding first  avia-builder-el-4  el_after_av_one_full  el_before_av_hr  column-top-margin\" style='border-radius:0px; '><section class=\"av_textblock_section \"  itemscope=\"itemscope\" itemtype=\"https:\/\/schema.org\/BlogPosting\" itemprop=\"blogPost\" ><div class='avia_textblock  '   itemprop=\"text\" ><p style=\"text-align: justify;\"><em>Esto en el contexto de la reciente conmemoraci\u00f3n del D\u00eda Mundial del Medio Ambiente.<\/em><\/p>\n<p style=\"text-align: justify;\">Con el objetivo de propiciar nuevas acciones de econom\u00eda circular en la comuna porte\u00f1a que permitan fortalecer la autonom\u00eda financiera de las vecinas y a su vez, efectuar una correcta disposici\u00f3n de residuos domiciliarios. Empresas Bahamonde ejecut\u00f3 en Puerto Ays\u00e9n la quinta versi\u00f3n de su Taller de Jabones artesanales y ecol\u00f3gicos basados en aceite vegetal usado. La acci\u00f3n es parte de la Vinculaci\u00f3n con el Medio que posee la empresa regional y fue desarrollado en alianza con el Programa Quiero Mi Barrio del Ministerio de Vivienda y Urbanismo que ejecuta el municipio en el sector \u201cLas Villas de Ays\u00e9n\u201d.<\/p>\n<p style=\"text-align: justify;\">Las estimaciones cient\u00edficas indican que basta s\u00f3lo un litro de aceite para contaminar mil litros de agua, por lo que, estas acciones cobran mayor sentido al considerar que la principal riqueza (material e inmaterial) de la Regi\u00f3n se encuentra en sus cursos acu\u00edferos. Adem\u00e1s, la eliminaci\u00f3n de este residuo a trav\u00e9s del sistema de desag\u00fce conlleva importantes problemas en los servicios sanitarios al crear masas de obstrucci\u00f3n al tener contacto qu\u00edmico con otras sustancias.<\/p>\n<p style=\"text-align: justify;\">Sobre este nuevo hito en favor del ambiente local, Daniela Garriga Leiva, encargada de Vinculaci\u00f3n con el Medio de Empresas Bahamonde destac\u00f3 que \u201ceste taller es impartido por Andrea R\u00edos, conocida como Baguala Green. Hemos notado el gran inter\u00e9s de la comunidad por participar de estos espacios, ya que cada vez se est\u00e1 generando m\u00e1s conciencia sobre una correcta disposici\u00f3n de los residuos, contribuyendo as\u00ed a un Ays\u00e9n de futuro. En esta ocasi\u00f3n, se realiz\u00f3 junto al programa \u00abQuiero mi Barrio\u201d y dejamos a la comunidad totalmente invitada para seguir inform\u00e1ndose en nuestras redes sociales sobre esta y otras iniciativas de la empresa\u201d.<\/p>\n<p style=\"text-align: justify;\">En tanto, Carolina Arredondo, profesional responsable de la gesti\u00f3n de Obras del Quiero Mi Barrio en sector \u201cLas Villas\u201d expres\u00f3 el gran impacto que esto genera en la labor de intervenci\u00f3n barrial que llevan a cabo, principalmente en el eje de medio ambiente. \u201cAsistieron alrededor de 22 vecinas que se fueron muy contentas con los conocimientos adquiridos. Le damos las gracias a Empresas Bahamonde por todas las iniciativas que est\u00e1 generando en el Barrio\u201d.<\/p>\n<p style=\"text-align: justify;\">Finalmente, Paola Alvarado, trabajadora social del programa ministerial en Las Villas de Ays\u00e9n abord\u00f3 el encuentro sostenido en el contexto del D\u00eda Mundial del Medio Ambiente e inst\u00f3 a la comunidad a reciclar en el Punto Verde disponible en la sede de la JJVV Jorge Ibar en Puerto Ays\u00e9n, \u201cestamos recibiendo latas, botellas, cart\u00f3n y pilas, as\u00ed es que, est\u00e1n todos invitados a que venir y reciclar con nosotros\u201d, puntualiz\u00f3 Alvarado.<\/p>\n<\/div><\/section><\/div><div  style='height:50px' class='hr hr-invisible   avia-builder-el-6  el_after_av_one_full  el_before_av_social_share '><span class='hr-inner ' ><span class='hr-inner-style'><\/span><\/span><\/div><\/p>\n<div  class='av-social-sharing-box  avia-builder-el-7  el_after_av_hr  el_before_av_hr  '><div class='av-share-box'><h5 class='av-share-link-description av-no-toc '>Compartir esta noticia<\/h5><ul class='av-share-box-list noLightbox'><li class='av-share-link av-social-link-facebook' ><a target=\"_blank\" aria-label=\"Compartir en Facebook\" href='https:\/\/www.facebook.com\/sharer.php?u=https:\/\/radiorevelacionfm.cl\/?p=43119&#038;t=M%C3%A1s%20de%2020%20ayseninas%20aprendieron%20a%20reciclar%20el%20aceite%20vegetal%20para%20hacer%20jabones' aria-hidden='false' data-av_icon='\ue8f3' data-av_iconfont='entypo-fontello' title='' data-avia-related-tooltip='Compartir en Facebook' rel=\"noopener\"><span class='avia_hidden_link_text'>Compartir en Facebook<\/span><\/a><\/li><li class='av-share-link av-social-link-twitter' ><a target=\"_blank\" aria-label=\"Compartir en Twitter\" href='https:\/\/twitter.com\/share?text=M%C3%A1s%20de%2020%20ayseninas%20aprendieron%20a%20reciclar%20el%20aceite%20vegetal%20para%20hacer%20jabones&#038;url=https:\/\/radiorevelacionfm.cl\/?p=43119' aria-hidden='false' data-av_icon='\ue8f1' data-av_iconfont='entypo-fontello' title='' data-avia-related-tooltip='Compartir en Twitter' rel=\"noopener\"><span class='avia_hidden_link_text'>Compartir en Twitter<\/span><\/a><\/li><li class='av-share-link av-social-link-whatsapp' ><a target=\"_blank\" aria-label=\"Compartir en Whatsapp\" href='https:\/\/api.whatsapp.com\/send?text=https:\/\/radiorevelacionfm.cl\/?p=43119' aria-hidden='false' data-av_icon='\uf232' data-av_iconfont='entypo-fontello' title='' data-avia-related-tooltip='Compartir en Whatsapp' rel=\"noopener\"><span class='avia_hidden_link_text'>Compartir en Whatsapp<\/span><\/a><\/li><li class='av-share-link av-social-link-linkedin' ><a target=\"_blank\" aria-label=\"Compartir en LinkedIn\" href='https:\/\/linkedin.com\/shareArticle?mini=true&#038;title=M%C3%A1s%20de%2020%20ayseninas%20aprendieron%20a%20reciclar%20el%20aceite%20vegetal%20para%20hacer%20jabones&#038;url=https:\/\/radiorevelacionfm.cl\/?p=43119' aria-hidden='false' data-av_icon='\ue8fc' data-av_iconfont='entypo-fontello' title='' data-avia-related-tooltip='Compartir en LinkedIn' rel=\"noopener\"><span class='avia_hidden_link_text'>Compartir en LinkedIn<\/span><\/a><\/li><li class='av-share-link av-social-link-mail' ><a  aria-label=\"Compartir por correo\" href='mailto:?subject=M%C3%A1s%20de%2020%20ayseninas%20aprendieron%20a%20reciclar%20el%20aceite%20vegetal%20para%20hacer%20jabones&#038;body=https:\/\/radiorevelacionfm.cl\/?p=43119' aria-hidden='false' data-av_icon='\ue805' data-av_iconfont='entypo-fontello' title='' data-avia-related-tooltip='Compartir por correo'><span class='avia_hidden_link_text'>Compartir por correo<\/span><\/a><\/li><\/ul><\/div><\/div>\n<div  style='height:50px' class='hr hr-invisible   avia-builder-el-8  el_after_av_social_share  el_before_av_comments_list '><span class='hr-inner ' ><span class='hr-inner-style'><\/span><\/span><\/div>\n<div  class='av-buildercomment  av-blog-meta-html-info-disabled av-blog-meta-tag-disabled  '><\/div>\n","protected":false},"excerpt":{"rendered":"","protected":false},"author":1,"featured_media":43120,"comment_status":"open","ping_status":"open","sticky":false,"template":"","format":"standard","meta":{"footnotes":""},"categories":[38],"tags":[],"class_list":["post-43119","post","type-post","status-publish","format-standard","has-post-thumbnail","hentry","category-regional"],"jetpack_featured_media_url":"https:\/\/radiorevelacionfm.cl\/wp-content\/uploads\/2024\/06\/5to-taller-jabones-bahamonde6-1_optimized.jpeg","_links":{"self":[{"href":"https:\/\/radiorevelacionfm.cl\/index.php?rest_route=\/wp\/v2\/posts\/43119","targetHints":{"allow":["GET"]}}],"collection":[{"href":"https:\/\/radiorevelacionfm.cl\/index.php?rest_route=\/wp\/v2\/posts"}],"about":[{"href":"https:\/\/radiorevelacionfm.cl\/index.php?rest_route=\/wp\/v2\/types\/post"}],"author":[{"embeddable":true,"href":"https:\/\/radiorevelacionfm.cl\/index.php?rest_route=\/wp\/v2\/users\/1"}],"replies":[{"embeddable":true,"href":"https:\/\/radiorevelacionfm.cl\/index.php?rest_route=%2Fwp%2Fv2%2Fcomments&post=43119"}],"version-history":[{"count":1,"href":"https:\/\/radiorevelacionfm.cl\/index.php?rest_route=\/wp\/v2\/posts\/43119\/revisions"}],"predecessor-version":[{"id":43121,"href":"https:\/\/radiorevelacionfm.cl\/index.php?rest_route=\/wp\/v2\/posts\/43119\/revisions\/43121"}],"wp:featuredmedia":[{"embeddable":true,"href":"https:\/\/radiorevelacionfm.cl\/index.php?rest_route=\/wp\/v2\/media\/43120"}],"wp:attachment":[{"href":"https:\/\/radiorevelacionfm.cl\/index.php?rest_route=%2Fwp%2Fv2%2Fmedia&parent=43119"}],"wp:term":[{"taxonomy":"category","embeddable":true,"href":"https:\/\/radiorevelacionfm.cl\/index.php?rest_route=%2Fwp%2Fv2%2Fcategories&post=43119"},{"taxonomy":"post_tag","embeddable":true,"href":"https:\/\/radiorevelacionfm.cl\/index.php?rest_route=%2Fwp%2Fv2%2Ftags&post=43119"}],"curies":[{"name":"wp","href":"https:\/\/api.w.org\/{rel}","templated":true}]}}