{"id":43116,"date":"2024-06-11T19:02:59","date_gmt":"2024-06-11T22:02:59","guid":{"rendered":"https:\/\/radiorevelacionfm.cl\/?p=43116"},"modified":"2024-06-11T19:02:59","modified_gmt":"2024-06-11T22:02:59","slug":"anuncian-proximo-inicio-de-obras-para-nueva-posta-de-salud-rural-de-puyuhuapi","status":"publish","type":"post","link":"https:\/\/radiorevelacionfm.cl\/?p=43116","title":{"rendered":"Anuncian pr\u00f3ximo inicio de obras para nueva Posta de Salud Rural de Puyuhuapi"},"content":{"rendered":"<div class=\"flex_column av_one_full  flex_column_div av-zero-column-padding first  avia-builder-el-0  el_before_av_one_full  avia-builder-el-first  \" style='border-radius:0px; '><div  class='avia-image-container  av-styling-    avia-builder-el-1  avia-builder-el-no-sibling  avia-align-center '  itemprop=\"image\" itemscope=\"itemscope\" itemtype=\"https:\/\/schema.org\/ImageObject\"  ><div class='avia-image-container-inner'><div class='avia-image-overlay-wrap'><img decoding=\"async\" class='wp-image-43117 avia-img-lazy-loading-not-43117 avia_image' src=\"https:\/\/radiorevelacionfm.cl\/wp-content\/uploads\/2024\/06\/puyuhuapi-la-junta-3-1-1_optimized-1.jpeg\" alt='' title='puyuhuapi-la-junta-(3)-(1)-(1)_optimized (1)' height=\"600\" width=\"800\"  itemprop=\"thumbnailUrl\" srcset=\"https:\/\/radiorevelacionfm.cl\/wp-content\/uploads\/2024\/06\/puyuhuapi-la-junta-3-1-1_optimized-1.jpeg 800w, https:\/\/radiorevelacionfm.cl\/wp-content\/uploads\/2024\/06\/puyuhuapi-la-junta-3-1-1_optimized-1-300x225.jpeg 300w, https:\/\/radiorevelacionfm.cl\/wp-content\/uploads\/2024\/06\/puyuhuapi-la-junta-3-1-1_optimized-1-768x576.jpeg 768w, https:\/\/radiorevelacionfm.cl\/wp-content\/uploads\/2024\/06\/puyuhuapi-la-junta-3-1-1_optimized-1-705x529.jpeg 705w, https:\/\/radiorevelacionfm.cl\/wp-content\/uploads\/2024\/06\/puyuhuapi-la-junta-3-1-1_optimized-1-450x338.jpeg 450w, https:\/\/radiorevelacionfm.cl\/wp-content\/uploads\/2024\/06\/puyuhuapi-la-junta-3-1-1_optimized-1-600x450.jpeg 600w\" sizes=\"(max-width: 800px) 100vw, 800px\" \/><\/div><\/div><\/div><\/div><div class=\"flex_column av_one_full  flex_column_div av-zero-column-padding first  avia-builder-el-2  el_after_av_one_full  el_before_av_one_full  column-top-margin\" style='border-radius:0px; '><section class=\"av_textblock_section \"  itemscope=\"itemscope\" itemtype=\"https:\/\/schema.org\/BlogPosting\" itemprop=\"blogPost\" ><div class='avia_textblock  '   itemprop=\"text\" ><p style=\"text-align: center;\"><span style=\"font-size: 18pt;\"><b>Anuncian pr\u00f3ximo inicio de obras para nueva Posta de Salud Rural de Puyuhuapi<\/b><\/span><\/p>\n<div id=\"gtx-trans\" style=\"position: absolute; left: -50px; top: 4.31534px;\">\n<div class=\"gtx-trans-icon\"><\/div>\n<\/div>\n<\/div><\/section><\/div><div class=\"flex_column av_one_full  flex_column_div av-zero-column-padding first  avia-builder-el-4  el_after_av_one_full  el_before_av_hr  column-top-margin\" style='border-radius:0px; '><section class=\"av_textblock_section \"  itemscope=\"itemscope\" itemtype=\"https:\/\/schema.org\/BlogPosting\" itemprop=\"blogPost\" ><div class='avia_textblock  '   itemprop=\"text\" ><p style=\"font-weight: 400; text-align: justify;\">M\u00e1s de mil millones de pesos ser\u00e1 la inversi\u00f3n de la nueva posta de salud rural de Puerto Puyuhuapi, cuya primera piedra se instalar\u00e1 en las pr\u00f3ximas semanas. Esta infraestructura beneficiar\u00e1 a m\u00e1s de mil personas y considera un plazo de ejecuci\u00f3n de 480 d\u00edas corridos.<\/p>\n<p style=\"font-weight: 400; text-align: justify;\">La noticia fue entregada por el director del Servicio de Salud Ays\u00e9n, Juan Pablo Bravo, quien visit\u00f3 la localidad ubicada a unos 220 kil\u00f3metros al norte de Coyhaique. \u201cEl pr\u00f3ximo mes vamos a estar poniendo la primera piedra de la posta de salud rural de Puyuhuapi y agradecer a la gobernadora, al Consejo Regional que aprob\u00f3 el presupuesto para poder adjudicar y en un mes estaremos con la empresa entregando el terreno\u201d, se\u00f1al\u00f3 Juan Pablo Bravo Quintana.<\/p>\n<p style=\"font-weight: 400; text-align: justify;\">Mientras Marta Ram\u00edrez, dirigente social de salud, energ\u00eda, y medio ambiente de Puyuhuapi, se\u00f1al\u00f3 por su parte que \u201ces una larga aspiraci\u00f3n de la comunidad, es un sue\u00f1o largamente acariciado. Tenemos una posta s\u00faper viejita, tanto la original que est\u00e1 en pie todav\u00eda y la posterior que est\u00e1 a mal traer y ha prestado muchos servicios. Nosotros somos una comunidad que depende completamente de la posta para obtener nuestras atenciones de salud y nos gusta que los profesionales y funcionarios que van a estar en la posta est\u00e9n en un ambiente mucho m\u00e1s c\u00f3modo para ellos y nosotros asimismo, que si esas personas est\u00e1n m\u00e1s c\u00f3modas evidentemente tienen mejor disposici\u00f3n y m\u00e1s energ\u00eda para seguir trabajado con la comunidad\u201d, enfatiz\u00f3.<\/p>\n<p style=\"font-weight: 400; text-align: justify;\"><strong>La Junta<\/strong><\/p>\n<p style=\"font-weight: 400; text-align: justify;\">A su vez el director valor\u00f3 las reuniones sostenidas con vecinos y vecinas de la localidad de La Junta, donde se levant\u00f3 informaci\u00f3n acerca de las necesidades que tienen desde ese pueblo del norte de la regi\u00f3n. \u201cEn dos meses vamos a retomar las conversaciones donde le vamos a mostrar lo que planificamos como servicio de salud, de aqu\u00ed a un periodo de mediano y largo plazo y ver c\u00f3mo nos planteamos la salud en el \u00e1rea norte de nuestra regi\u00f3n\u201d, sentenci\u00f3 el director del Servicio de Salud Ays\u00e9n.<\/p>\n<\/div><\/section><\/div><div  style='height:50px' class='hr hr-invisible   avia-builder-el-6  el_after_av_one_full  el_before_av_social_share '><span class='hr-inner ' ><span class='hr-inner-style'><\/span><\/span><\/div><\/p>\n<div  class='av-social-sharing-box  avia-builder-el-7  el_after_av_hr  el_before_av_hr  '><div class='av-share-box'><h5 class='av-share-link-description av-no-toc '>Compartir esta noticia<\/h5><ul class='av-share-box-list noLightbox'><li class='av-share-link av-social-link-facebook' ><a target=\"_blank\" aria-label=\"Compartir en Facebook\" href='https:\/\/www.facebook.com\/sharer.php?u=https:\/\/radiorevelacionfm.cl\/?p=43116&#038;t=Anuncian%20pr%C3%B3ximo%20inicio%20de%20obras%20para%20nueva%20Posta%20de%20Salud%20Rural%20de%20Puyuhuapi' aria-hidden='false' data-av_icon='\ue8f3' data-av_iconfont='entypo-fontello' title='' data-avia-related-tooltip='Compartir en Facebook' rel=\"noopener\"><span class='avia_hidden_link_text'>Compartir en Facebook<\/span><\/a><\/li><li class='av-share-link av-social-link-twitter' ><a target=\"_blank\" aria-label=\"Compartir en Twitter\" href='https:\/\/twitter.com\/share?text=Anuncian%20pr%C3%B3ximo%20inicio%20de%20obras%20para%20nueva%20Posta%20de%20Salud%20Rural%20de%20Puyuhuapi&#038;url=https:\/\/radiorevelacionfm.cl\/?p=43116' aria-hidden='false' data-av_icon='\ue8f1' data-av_iconfont='entypo-fontello' title='' data-avia-related-tooltip='Compartir en Twitter' rel=\"noopener\"><span class='avia_hidden_link_text'>Compartir en Twitter<\/span><\/a><\/li><li class='av-share-link av-social-link-whatsapp' ><a target=\"_blank\" aria-label=\"Compartir en Whatsapp\" href='https:\/\/api.whatsapp.com\/send?text=https:\/\/radiorevelacionfm.cl\/?p=43116' aria-hidden='false' data-av_icon='\uf232' data-av_iconfont='entypo-fontello' title='' data-avia-related-tooltip='Compartir en Whatsapp' rel=\"noopener\"><span class='avia_hidden_link_text'>Compartir en Whatsapp<\/span><\/a><\/li><li class='av-share-link av-social-link-linkedin' ><a target=\"_blank\" aria-label=\"Compartir en LinkedIn\" href='https:\/\/linkedin.com\/shareArticle?mini=true&#038;title=Anuncian%20pr%C3%B3ximo%20inicio%20de%20obras%20para%20nueva%20Posta%20de%20Salud%20Rural%20de%20Puyuhuapi&#038;url=https:\/\/radiorevelacionfm.cl\/?p=43116' aria-hidden='false' data-av_icon='\ue8fc' data-av_iconfont='entypo-fontello' title='' data-avia-related-tooltip='Compartir en LinkedIn' rel=\"noopener\"><span class='avia_hidden_link_text'>Compartir en LinkedIn<\/span><\/a><\/li><li class='av-share-link av-social-link-mail' ><a  aria-label=\"Compartir por correo\" href='mailto:?subject=Anuncian%20pr%C3%B3ximo%20inicio%20de%20obras%20para%20nueva%20Posta%20de%20Salud%20Rural%20de%20Puyuhuapi&#038;body=https:\/\/radiorevelacionfm.cl\/?p=43116' aria-hidden='false' data-av_icon='\ue805' data-av_iconfont='entypo-fontello' title='' data-avia-related-tooltip='Compartir por correo'><span class='avia_hidden_link_text'>Compartir por correo<\/span><\/a><\/li><\/ul><\/div><\/div>\n<div  style='height:50px' class='hr hr-invisible   avia-builder-el-8  el_after_av_social_share  el_before_av_comments_list '><span class='hr-inner ' ><span class='hr-inner-style'><\/span><\/span><\/div>\n<div  class='av-buildercomment  av-blog-meta-html-info-disabled av-blog-meta-tag-disabled  '><\/div>\n","protected":false},"excerpt":{"rendered":"","protected":false},"author":1,"featured_media":43117,"comment_status":"open","ping_status":"open","sticky":false,"template":"","format":"standard","meta":{"footnotes":""},"categories":[46],"tags":[],"class_list":["post-43116","post","type-post","status-publish","format-standard","has-post-thumbnail","hentry","category-salud"],"jetpack_featured_media_url":"https:\/\/radiorevelacionfm.cl\/wp-content\/uploads\/2024\/06\/puyuhuapi-la-junta-3-1-1_optimized-1.jpeg","_links":{"self":[{"href":"https:\/\/radiorevelacionfm.cl\/index.php?rest_route=\/wp\/v2\/posts\/43116","targetHints":{"allow":["GET"]}}],"collection":[{"href":"https:\/\/radiorevelacionfm.cl\/index.php?rest_route=\/wp\/v2\/posts"}],"about":[{"href":"https:\/\/radiorevelacionfm.cl\/index.php?rest_route=\/wp\/v2\/types\/post"}],"author":[{"embeddable":true,"href":"https:\/\/radiorevelacionfm.cl\/index.php?rest_route=\/wp\/v2\/users\/1"}],"replies":[{"embeddable":true,"href":"https:\/\/radiorevelacionfm.cl\/index.php?rest_route=%2Fwp%2Fv2%2Fcomments&post=43116"}],"version-history":[{"count":1,"href":"https:\/\/radiorevelacionfm.cl\/index.php?rest_route=\/wp\/v2\/posts\/43116\/revisions"}],"predecessor-version":[{"id":43118,"href":"https:\/\/radiorevelacionfm.cl\/index.php?rest_route=\/wp\/v2\/posts\/43116\/revisions\/43118"}],"wp:featuredmedia":[{"embeddable":true,"href":"https:\/\/radiorevelacionfm.cl\/index.php?rest_route=\/wp\/v2\/media\/43117"}],"wp:attachment":[{"href":"https:\/\/radiorevelacionfm.cl\/index.php?rest_route=%2Fwp%2Fv2%2Fmedia&parent=43116"}],"wp:term":[{"taxonomy":"category","embeddable":true,"href":"https:\/\/radiorevelacionfm.cl\/index.php?rest_route=%2Fwp%2Fv2%2Fcategories&post=43116"},{"taxonomy":"post_tag","embeddable":true,"href":"https:\/\/radiorevelacionfm.cl\/index.php?rest_route=%2Fwp%2Fv2%2Ftags&post=43116"}],"curies":[{"name":"wp","href":"https:\/\/api.w.org\/{rel}","templated":true}]}}