{"id":43112,"date":"2024-06-15T20:08:49","date_gmt":"2024-06-15T23:08:49","guid":{"rendered":"https:\/\/radiorevelacionfm.cl\/?p=43112"},"modified":"2024-06-15T20:08:49","modified_gmt":"2024-06-15T23:08:49","slug":"seremi-andrea-mendez-destaca-ley-karin-que-pone-fin-a-la-violencia-y-acoso-laboral-hacia-las-mujeres-en-chile","status":"publish","type":"post","link":"https:\/\/radiorevelacionfm.cl\/?p=43112","title":{"rendered":"Seremi Andrea M\u00e9ndez, destaca \u201cLey Karin\u201d que pone fin a la violencia y acoso laboral hacia las mujeres en Chile"},"content":{"rendered":"<div class=\"flex_column av_one_full  flex_column_div av-zero-column-padding first  avia-builder-el-0  el_before_av_one_full  avia-builder-el-first  \" style='border-radius:0px; '><div  class='avia-image-container  av-styling-    avia-builder-el-1  avia-builder-el-no-sibling  avia-align-center '  itemprop=\"image\" itemscope=\"itemscope\" itemtype=\"https:\/\/schema.org\/ImageObject\"  ><div class='avia-image-container-inner'><div class='avia-image-overlay-wrap'><img decoding=\"async\" class='wp-image-43113 avia-img-lazy-loading-not-43113 avia_image' src=\"https:\/\/radiorevelacionfm.cl\/wp-content\/uploads\/2024\/06\/WhatsApp-Image-2024-06-11-at-16.53.36-1-1.jpeg\" alt='' title='WhatsApp Image 2024-06-11 at 16.53.36 (1) (1)' height=\"600\" width=\"800\"  itemprop=\"thumbnailUrl\" srcset=\"https:\/\/radiorevelacionfm.cl\/wp-content\/uploads\/2024\/06\/WhatsApp-Image-2024-06-11-at-16.53.36-1-1.jpeg 800w, https:\/\/radiorevelacionfm.cl\/wp-content\/uploads\/2024\/06\/WhatsApp-Image-2024-06-11-at-16.53.36-1-1-300x225.jpeg 300w, https:\/\/radiorevelacionfm.cl\/wp-content\/uploads\/2024\/06\/WhatsApp-Image-2024-06-11-at-16.53.36-1-1-768x576.jpeg 768w, https:\/\/radiorevelacionfm.cl\/wp-content\/uploads\/2024\/06\/WhatsApp-Image-2024-06-11-at-16.53.36-1-1-705x529.jpeg 705w, https:\/\/radiorevelacionfm.cl\/wp-content\/uploads\/2024\/06\/WhatsApp-Image-2024-06-11-at-16.53.36-1-1-450x338.jpeg 450w, https:\/\/radiorevelacionfm.cl\/wp-content\/uploads\/2024\/06\/WhatsApp-Image-2024-06-11-at-16.53.36-1-1-600x450.jpeg 600w\" sizes=\"(max-width: 800px) 100vw, 800px\" \/><\/div><\/div><\/div><\/div>\n<div class=\"flex_column av_one_full  flex_column_div av-zero-column-padding first  avia-builder-el-2  el_after_av_one_full  el_before_av_one_full  column-top-margin\" style='border-radius:0px; '><section class=\"av_textblock_section \"  itemscope=\"itemscope\" itemtype=\"https:\/\/schema.org\/BlogPosting\" itemprop=\"blogPost\" ><div class='avia_textblock  '   itemprop=\"text\" ><p style=\"text-align: center;\"><strong><span style=\"font-size: 18pt;\">Seremi Andrea M\u00e9ndez, destaca \u201cLey Karin\u201d que pone fin a la violencia y acoso laboral hacia las mujeres en Chile<\/span><\/strong><\/p>\n<div id=\"gtx-trans\" style=\"position: absolute; left: -50px; top: 4.31534px;\">\n<div class=\"gtx-trans-icon\"><\/div>\n<\/div>\n<\/div><\/section><\/div><div class=\"flex_column av_one_full  flex_column_div av-zero-column-padding first  avia-builder-el-4  el_after_av_one_full  el_before_av_hr  column-top-margin\" style='border-radius:0px; '><section class=\"av_textblock_section \"  itemscope=\"itemscope\" itemtype=\"https:\/\/schema.org\/BlogPosting\" itemprop=\"blogPost\" ><div class='avia_textblock  '   itemprop=\"text\" ><p style=\"text-align: justify;\">Seremi de la Mujer y Equidad de G\u00e9nero, Andrea M\u00e9ndez Valenzuela, \u201cCondenamos toda pr\u00e1ctica de abuso y violencia que se manifieste desde los diversos estamentos laborales, ya sean p\u00fablicos o privados, en contra las mujeres\u201d, enfatiz\u00f3 la edil de la cartera, destacando la Ley 21.643, publicada el 14 de enero del 2024 en el Diario Oficial, la cual entrega un rol preponderante a la prevenci\u00f3n, obligando al empleador a poner a disposici\u00f3n mecanismos de protocolos internos para limitar y erradicar comportamientos de acoso laboral y sexual, y de violencia, lo que antiguamente no estaba presente en el C\u00f3digo del Trabajo, puesto que \u00e9ste s\u00f3lo obligaba a investigar, \u00a0sancionar y contar con mecanismos de prevenci\u00f3n.<\/p>\n<p style=\"text-align: justify;\">En este contexto, esta Ley, busca reforzar el\u00a0 enfoque preventivo que estaba ausente en la regulaci\u00f3n. Adem\u00e1s, instaura mejores procesos de investigaci\u00f3n del acoso sexual y se incorporan a la regulaci\u00f3n las conductas de acoso laboral y la violencia en el trabajo.<\/p>\n<p style=\"text-align: justify;\">Este es uno de los grandes avances del Ministerio de la Mujer y Equidad de G\u00e9nero y el Estado de Chile, reconociendo la protecci\u00f3n de las mujeres en su dimensi\u00f3n laboral, Agregando qu\u00e9: \u201cLa violencia contra las mujeres constituye un problema social grave que permea los espacios laborales ejerci\u00e9ndose de diferentes maneras y ocasionado un da\u00f1o profundo en quienes la padecen. Destacamos el \u00e9nfasis de la Ley Karin en el \u00e1mbito de la prevenci\u00f3n, lo cual permite la elaboraci\u00f3n de estrategias que pongan en el centro la importancia de ambientes laborales libres de toda violencia\u201d, enfatiz\u00f3 la Seremi de la Mujer y Equidad de G\u00e9nero, Andrea M\u00e9ndez Valenzuela.<\/p>\n<p style=\"text-align: justify;\">Por otra parte, y dentro de sus facultades, la Ley tambi\u00e9n refuerza el rol de la Direcci\u00f3n del Trabajo (DT) y de la Contralor\u00eda General de la Rep\u00fablica en los correspondientes procedimientos de investigaci\u00f3n, con el objetivo de dar garant\u00edas a los y las denunciantes. As\u00ed mismo, incorpora normas relativas al derecho que les asiste a los trabajadores para que el empleador implemente protocolos de prevenci\u00f3n de acoso laboral, sexual y violencia en el trabajo, estableciendo medidas referidas a resguardo de la privacidad y la honra de todos los involucrados en los procedimientos de investigaci\u00f3n.<\/p>\n<p style=\"text-align: justify;\">Cabe destacar que esta Ley tambi\u00e9n establece que la relaci\u00f3n laboral deber\u00e1 manifestarse de manera no violenta, respetando la dignidad de las personas, con perfectiva de g\u00e9nero, lo que invita a adoptar medidas que promuevan la igualdad y la no discriminaci\u00f3n de la violencia, ser compatibles con la dignidad de la persona y con perspectiva de g\u00e9nero, lo que implicar\u00e1 la adopci\u00f3n de medidas tendientes a promover la igualdad y erradicar la discriminaci\u00f3n de g\u00e9nero.<\/p>\n<p style=\"text-align: justify;\">La Ley Karin reconoce a la funcionaria p\u00fablica de la salud Karin Salgado, t\u00e9cnico en enfermer\u00eda de nivel superior (TENS), v\u00edctima de acoso en su trabajo, quien se quit\u00f3 la vida en el a\u00f1o 2019.<\/p>\n<\/div><\/section><\/div><\/p>\n<div  style='height:50px' class='hr hr-invisible   avia-builder-el-6  el_after_av_one_full  el_before_av_social_share '><span class='hr-inner ' ><span class='hr-inner-style'><\/span><\/span><\/div>\n<div  class='av-social-sharing-box  avia-builder-el-7  el_after_av_hr  el_before_av_hr  '><div class='av-share-box'><h5 class='av-share-link-description av-no-toc '>Compartir esta noticia<\/h5><ul class='av-share-box-list noLightbox'><li class='av-share-link av-social-link-facebook' ><a target=\"_blank\" aria-label=\"Compartir en Facebook\" href='https:\/\/www.facebook.com\/sharer.php?u=https:\/\/radiorevelacionfm.cl\/?p=43112&#038;t=Seremi%20Andrea%20M%C3%A9ndez%2C%20destaca%20%E2%80%9CLey%20Karin%E2%80%9D%20que%20pone%20fin%20a%20la%20violencia%20y%20acoso%20laboral%20hacia%20las%20mujeres%20en%20Chile' aria-hidden='false' data-av_icon='\ue8f3' data-av_iconfont='entypo-fontello' title='' data-avia-related-tooltip='Compartir en Facebook' rel=\"noopener\"><span class='avia_hidden_link_text'>Compartir en Facebook<\/span><\/a><\/li><li class='av-share-link av-social-link-twitter' ><a target=\"_blank\" aria-label=\"Compartir en Twitter\" href='https:\/\/twitter.com\/share?text=Seremi%20Andrea%20M%C3%A9ndez%2C%20destaca%20%E2%80%9CLey%20Karin%E2%80%9D%20que%20pone%20fin%20a%20la%20violencia%20y%20acoso%20laboral%20hacia%20las%20mujeres%20en%20Chile&#038;url=https:\/\/radiorevelacionfm.cl\/?p=43112' aria-hidden='false' data-av_icon='\ue8f1' data-av_iconfont='entypo-fontello' title='' data-avia-related-tooltip='Compartir en Twitter' rel=\"noopener\"><span class='avia_hidden_link_text'>Compartir en Twitter<\/span><\/a><\/li><li class='av-share-link av-social-link-whatsapp' ><a target=\"_blank\" aria-label=\"Compartir en Whatsapp\" href='https:\/\/api.whatsapp.com\/send?text=https:\/\/radiorevelacionfm.cl\/?p=43112' aria-hidden='false' data-av_icon='\uf232' data-av_iconfont='entypo-fontello' title='' data-avia-related-tooltip='Compartir en Whatsapp' rel=\"noopener\"><span class='avia_hidden_link_text'>Compartir en Whatsapp<\/span><\/a><\/li><li class='av-share-link av-social-link-linkedin' ><a target=\"_blank\" aria-label=\"Compartir en LinkedIn\" href='https:\/\/linkedin.com\/shareArticle?mini=true&#038;title=Seremi%20Andrea%20M%C3%A9ndez%2C%20destaca%20%E2%80%9CLey%20Karin%E2%80%9D%20que%20pone%20fin%20a%20la%20violencia%20y%20acoso%20laboral%20hacia%20las%20mujeres%20en%20Chile&#038;url=https:\/\/radiorevelacionfm.cl\/?p=43112' aria-hidden='false' data-av_icon='\ue8fc' data-av_iconfont='entypo-fontello' title='' data-avia-related-tooltip='Compartir en LinkedIn' rel=\"noopener\"><span class='avia_hidden_link_text'>Compartir en LinkedIn<\/span><\/a><\/li><li class='av-share-link av-social-link-mail' ><a  aria-label=\"Compartir por correo\" href='mailto:?subject=Seremi%20Andrea%20M%C3%A9ndez%2C%20destaca%20%E2%80%9CLey%20Karin%E2%80%9D%20que%20pone%20fin%20a%20la%20violencia%20y%20acoso%20laboral%20hacia%20las%20mujeres%20en%20Chile&#038;body=https:\/\/radiorevelacionfm.cl\/?p=43112' aria-hidden='false' data-av_icon='\ue805' data-av_iconfont='entypo-fontello' title='' data-avia-related-tooltip='Compartir por correo'><span class='avia_hidden_link_text'>Compartir por correo<\/span><\/a><\/li><\/ul><\/div><\/div>\n<div  style='height:50px' class='hr hr-invisible   avia-builder-el-8  el_after_av_social_share  el_before_av_comments_list '><span class='hr-inner ' ><span class='hr-inner-style'><\/span><\/span><\/div>\n<div  class='av-buildercomment  av-blog-meta-html-info-disabled av-blog-meta-tag-disabled  '><\/div>\n","protected":false},"excerpt":{"rendered":"","protected":false},"author":1,"featured_media":43113,"comment_status":"open","ping_status":"open","sticky":false,"template":"","format":"standard","meta":{"footnotes":""},"categories":[38],"tags":[],"class_list":["post-43112","post","type-post","status-publish","format-standard","has-post-thumbnail","hentry","category-regional"],"jetpack_featured_media_url":"https:\/\/radiorevelacionfm.cl\/wp-content\/uploads\/2024\/06\/WhatsApp-Image-2024-06-11-at-16.53.36-1-1.jpeg","_links":{"self":[{"href":"https:\/\/radiorevelacionfm.cl\/index.php?rest_route=\/wp\/v2\/posts\/43112","targetHints":{"allow":["GET"]}}],"collection":[{"href":"https:\/\/radiorevelacionfm.cl\/index.php?rest_route=\/wp\/v2\/posts"}],"about":[{"href":"https:\/\/radiorevelacionfm.cl\/index.php?rest_route=\/wp\/v2\/types\/post"}],"author":[{"embeddable":true,"href":"https:\/\/radiorevelacionfm.cl\/index.php?rest_route=\/wp\/v2\/users\/1"}],"replies":[{"embeddable":true,"href":"https:\/\/radiorevelacionfm.cl\/index.php?rest_route=%2Fwp%2Fv2%2Fcomments&post=43112"}],"version-history":[{"count":2,"href":"https:\/\/radiorevelacionfm.cl\/index.php?rest_route=\/wp\/v2\/posts\/43112\/revisions"}],"predecessor-version":[{"id":43115,"href":"https:\/\/radiorevelacionfm.cl\/index.php?rest_route=\/wp\/v2\/posts\/43112\/revisions\/43115"}],"wp:featuredmedia":[{"embeddable":true,"href":"https:\/\/radiorevelacionfm.cl\/index.php?rest_route=\/wp\/v2\/media\/43113"}],"wp:attachment":[{"href":"https:\/\/radiorevelacionfm.cl\/index.php?rest_route=%2Fwp%2Fv2%2Fmedia&parent=43112"}],"wp:term":[{"taxonomy":"category","embeddable":true,"href":"https:\/\/radiorevelacionfm.cl\/index.php?rest_route=%2Fwp%2Fv2%2Fcategories&post=43112"},{"taxonomy":"post_tag","embeddable":true,"href":"https:\/\/radiorevelacionfm.cl\/index.php?rest_route=%2Fwp%2Fv2%2Ftags&post=43112"}],"curies":[{"name":"wp","href":"https:\/\/api.w.org\/{rel}","templated":true}]}}