{"id":43110,"date":"2024-06-12T18:30:58","date_gmt":"2024-06-12T21:30:58","guid":{"rendered":"https:\/\/radiorevelacionfm.cl\/?p=43110"},"modified":"2024-06-12T18:30:58","modified_gmt":"2024-06-12T21:30:58","slug":"ad-portas-de-convertirse-en-ley-seremi-navarro-destaca-aprobacion-de-reforma-al-codigo-procesal-penal-que-permitira-modernizar-el-sistema-de-persecucion-penal-con-enfasis-en-materia-de-reincidencia","status":"publish","type":"post","link":"https:\/\/radiorevelacionfm.cl\/?p=43110","title":{"rendered":"Ad portas de convertirse en ley: Seremi Navarro destaca aprobaci\u00f3n de reforma al C\u00f3digo Procesal Penal que permitir\u00e1 modernizar el sistema de persecuci\u00f3n penal con \u00e9nfasis en materia de reincidencia"},"content":{"rendered":"<div class=\"flex_column av_one_full  flex_column_div av-zero-column-padding first  avia-builder-el-0  el_before_av_one_full  avia-builder-el-first  \" style='border-radius:0px; '><div  class='avia-image-container  av-styling-    avia-builder-el-1  avia-builder-el-no-sibling  avia-align-center '  itemprop=\"image\" itemscope=\"itemscope\" itemtype=\"https:\/\/schema.org\/ImageObject\"  ><div class='avia-image-container-inner'><div class='avia-image-overlay-wrap'><img decoding=\"async\" class='wp-image-31131 avia-img-lazy-loading-not-31131 avia_image' src=\"https:\/\/radiorevelacionfm.cl\/wp-content\/uploads\/2023\/05\/seremi-justicia-y-ddhh-2_optimized.jpg\" alt='' title='seremi-justicia-y-ddhh-(2)_optimized' height=\"600\" width=\"748\"  itemprop=\"thumbnailUrl\" srcset=\"https:\/\/radiorevelacionfm.cl\/wp-content\/uploads\/2023\/05\/seremi-justicia-y-ddhh-2_optimized.jpg 748w, https:\/\/radiorevelacionfm.cl\/wp-content\/uploads\/2023\/05\/seremi-justicia-y-ddhh-2_optimized-300x241.jpg 300w, https:\/\/radiorevelacionfm.cl\/wp-content\/uploads\/2023\/05\/seremi-justicia-y-ddhh-2_optimized-705x566.jpg 705w, https:\/\/radiorevelacionfm.cl\/wp-content\/uploads\/2023\/05\/seremi-justicia-y-ddhh-2_optimized-450x361.jpg 450w, https:\/\/radiorevelacionfm.cl\/wp-content\/uploads\/2023\/05\/seremi-justicia-y-ddhh-2_optimized-600x481.jpg 600w\" sizes=\"(max-width: 748px) 100vw, 748px\" \/><\/div><\/div><\/div><\/div><div class=\"flex_column av_one_full  flex_column_div av-zero-column-padding first  avia-builder-el-2  el_after_av_one_full  el_before_av_one_full  column-top-margin\" style='border-radius:0px; '><section class=\"av_textblock_section \"  itemscope=\"itemscope\" itemtype=\"https:\/\/schema.org\/BlogPosting\" itemprop=\"blogPost\" ><div class='avia_textblock  '   itemprop=\"text\" ><p style=\"text-align: center;\"><span style=\"font-size: 18pt;\"><strong><em>Ad portas de convertirse en ley<\/em><\/strong><strong><em>: <\/em><\/strong><strong>Seremi Navarro destaca aprobaci\u00f3n de reforma al C\u00f3digo Procesal Penal que permitir\u00e1 modernizar el sistema de persecuci\u00f3n penal con \u00e9nfasis en materia de reincidencia<\/strong><\/span><\/p>\n<div id=\"gtx-trans\" style=\"position: absolute; left: -50px; top: 4.31534px;\">\n<div class=\"gtx-trans-icon\"><\/div>\n<\/div>\n<\/div><\/section><\/div><div class=\"flex_column av_one_full  flex_column_div av-zero-column-padding first  avia-builder-el-4  el_after_av_one_full  el_before_av_hr  column-top-margin\" style='border-radius:0px; '><section class=\"av_textblock_section \"  itemscope=\"itemscope\" itemtype=\"https:\/\/schema.org\/BlogPosting\" itemprop=\"blogPost\" ><div class='avia_textblock  '   itemprop=\"text\" ><p style=\"text-align: justify;\">Recientemente fue aprobado de manera un\u00e1nime por ambas c\u00e1maras, el Proyecto de Ley que introduce modificaciones sustanciales en el C\u00f3digo Penal y Procesal, y que se traduce en una iniciativa que busca agravar las penas para los reincidentes en la comisi\u00f3n de delitos y mejorar la investigaci\u00f3n y persecuci\u00f3n del crimen organizado.<\/p>\n<p style=\"text-align: justify;\">Esta iniciativa forma parte de las 32 propuestas priorizadas por el Gobierno en diversas \u00e1reas relacionadas con seguridad, orden p\u00fablico y otras materias de crecimiento econ\u00f3mico.<\/p>\n<p style=\"text-align: justify;\">Respecto al avance de esta iniciativa, el Seremi de Justicia y Derechos Humanos Samuel Navarro Castro hizo eco de lo manifestado por el ministro Luis Cordero indicando que \u00abse trata de la reforma al C\u00f3digo Procesal Penal m\u00e1s importante desde que se implement\u00f3 el a\u00f1o 2000, porque introduce modificaciones sustanciales destinadas a mejorar la eficacia de la persecuci\u00f3n penal adecuando las reglas a las necesidades actuales del pa\u00eds\u00bb.<\/p>\n<p style=\"text-align: justify;\">Ahora, se\u00f1alar que, entre las modificaciones relevantes del proyecto, est\u00e1 aquella que introduce en el C\u00f3digo Penal una regla general que agrava significativamente las penas a las personas que reinciden en la comisi\u00f3n de delitos, excluyendo el m\u00ednimo aplicable o aumentando la pena en un grado seg\u00fan sea la primera o segunda reincidencia, siendo \u00e9sta una norma indispensable para poder avanzar en la agenda de seguridad.<\/p>\n<p style=\"text-align: justify;\">Finalmente y respecto a algunas caracter\u00edsticas de esta ley, destacan que introduce modificaciones al C\u00f3digo Penal y al C\u00f3digo Procesal Penal para una persecuci\u00f3n penal m\u00e1s eficiente, incluyendo la ampliaci\u00f3n de las t\u00e9cnicas especiales de investigaci\u00f3n como la interceptaci\u00f3n y grabaci\u00f3n de comunicaciones para\u00a0 combatir el crimen organizado, incorpora reglas para la agilizaci\u00f3n de los juicios orales, establece medidas de protecci\u00f3n para brindar una mayor seguridad a todos los actores del sistema penal que intervengan en las causas sobre criminalidad organizada: fiscales, jueces, v\u00edctimas, testigos y agentes policiales, incorpora un estatuto que regula la cooperaci\u00f3n eficaz, incentivando a imputados y condenados a proporcionar informaci\u00f3n \u00fatil para desarticular asociaciones delictivas y criminales, incorpora normas que regulan expresamente los tribunales de tratamiento de drogas, incluye cambios en la Ley 20.000, a\u00f1adiendo a Gendarmer\u00eda de Chile y a la Direcci\u00f3n General de Asuntos Mar\u00edtimos como destinatarios de recursos decomisados, entre otras.<\/p>\n<\/div><\/section><\/div><div  style='height:50px' class='hr hr-invisible   avia-builder-el-6  el_after_av_one_full  el_before_av_social_share '><span class='hr-inner ' ><span class='hr-inner-style'><\/span><\/span><\/div><\/p>\n<div  class='av-social-sharing-box  avia-builder-el-7  el_after_av_hr  el_before_av_hr  '><div class='av-share-box'><h5 class='av-share-link-description av-no-toc '>Compartir esta noticia<\/h5><ul class='av-share-box-list noLightbox'><li class='av-share-link av-social-link-facebook' ><a target=\"_blank\" aria-label=\"Compartir en Facebook\" href='https:\/\/www.facebook.com\/sharer.php?u=https:\/\/radiorevelacionfm.cl\/?p=43110&#038;t=Ad%20portas%20de%20convertirse%20en%20ley%3A%20Seremi%20Navarro%20destaca%20aprobaci%C3%B3n%20de%20reforma%20al%20C%C3%B3digo%20Procesal%20Penal%20que%20permitir%C3%A1%20modernizar%20el%20sistema%20de%20persecuci%C3%B3n%20penal%20con%20%C3%A9nfasis%20en%20materia%20de%20reincidencia' aria-hidden='false' data-av_icon='\ue8f3' data-av_iconfont='entypo-fontello' title='' data-avia-related-tooltip='Compartir en Facebook' rel=\"noopener\"><span class='avia_hidden_link_text'>Compartir en Facebook<\/span><\/a><\/li><li class='av-share-link av-social-link-twitter' ><a target=\"_blank\" aria-label=\"Compartir en Twitter\" href='https:\/\/twitter.com\/share?text=Ad%20portas%20de%20convertirse%20en%20ley%3A%20Seremi%20Navarro%20destaca%20aprobaci%C3%B3n%20de%20reforma%20al%20C%C3%B3digo%20Procesal%20Penal%20que%20permitir%C3%A1%20modernizar%20el%20sistema%20de%20persecuci%C3%B3n%20penal%20con%20%C3%A9nfasis%20en%20materia%20de%20reincidencia&#038;url=https:\/\/radiorevelacionfm.cl\/?p=43110' aria-hidden='false' data-av_icon='\ue8f1' data-av_iconfont='entypo-fontello' title='' data-avia-related-tooltip='Compartir en Twitter' rel=\"noopener\"><span class='avia_hidden_link_text'>Compartir en Twitter<\/span><\/a><\/li><li class='av-share-link av-social-link-whatsapp' ><a target=\"_blank\" aria-label=\"Compartir en Whatsapp\" href='https:\/\/api.whatsapp.com\/send?text=https:\/\/radiorevelacionfm.cl\/?p=43110' aria-hidden='false' data-av_icon='\uf232' data-av_iconfont='entypo-fontello' title='' data-avia-related-tooltip='Compartir en Whatsapp' rel=\"noopener\"><span class='avia_hidden_link_text'>Compartir en Whatsapp<\/span><\/a><\/li><li class='av-share-link av-social-link-linkedin' ><a target=\"_blank\" aria-label=\"Compartir en LinkedIn\" href='https:\/\/linkedin.com\/shareArticle?mini=true&#038;title=Ad%20portas%20de%20convertirse%20en%20ley%3A%20Seremi%20Navarro%20destaca%20aprobaci%C3%B3n%20de%20reforma%20al%20C%C3%B3digo%20Procesal%20Penal%20que%20permitir%C3%A1%20modernizar%20el%20sistema%20de%20persecuci%C3%B3n%20penal%20con%20%C3%A9nfasis%20en%20materia%20de%20reincidencia&#038;url=https:\/\/radiorevelacionfm.cl\/?p=43110' aria-hidden='false' data-av_icon='\ue8fc' data-av_iconfont='entypo-fontello' title='' data-avia-related-tooltip='Compartir en LinkedIn' rel=\"noopener\"><span class='avia_hidden_link_text'>Compartir en LinkedIn<\/span><\/a><\/li><li class='av-share-link av-social-link-mail' ><a  aria-label=\"Compartir por correo\" href='mailto:?subject=Ad%20portas%20de%20convertirse%20en%20ley%3A%20Seremi%20Navarro%20destaca%20aprobaci%C3%B3n%20de%20reforma%20al%20C%C3%B3digo%20Procesal%20Penal%20que%20permitir%C3%A1%20modernizar%20el%20sistema%20de%20persecuci%C3%B3n%20penal%20con%20%C3%A9nfasis%20en%20materia%20de%20reincidencia&#038;body=https:\/\/radiorevelacionfm.cl\/?p=43110' aria-hidden='false' data-av_icon='\ue805' data-av_iconfont='entypo-fontello' title='' data-avia-related-tooltip='Compartir por correo'><span class='avia_hidden_link_text'>Compartir por correo<\/span><\/a><\/li><\/ul><\/div><\/div>\n<div  style='height:50px' class='hr hr-invisible   avia-builder-el-8  el_after_av_social_share  el_before_av_comments_list '><span class='hr-inner ' ><span class='hr-inner-style'><\/span><\/span><\/div>\n<div  class='av-buildercomment  av-blog-meta-html-info-disabled av-blog-meta-tag-disabled  '><\/div>\n","protected":false},"excerpt":{"rendered":"","protected":false},"author":1,"featured_media":31131,"comment_status":"open","ping_status":"open","sticky":false,"template":"","format":"standard","meta":{"footnotes":""},"categories":[55],"tags":[],"class_list":["post-43110","post","type-post","status-publish","format-standard","has-post-thumbnail","hentry","category-justicia"],"jetpack_featured_media_url":"https:\/\/radiorevelacionfm.cl\/wp-content\/uploads\/2023\/05\/seremi-justicia-y-ddhh-2_optimized.jpg","_links":{"self":[{"href":"https:\/\/radiorevelacionfm.cl\/index.php?rest_route=\/wp\/v2\/posts\/43110","targetHints":{"allow":["GET"]}}],"collection":[{"href":"https:\/\/radiorevelacionfm.cl\/index.php?rest_route=\/wp\/v2\/posts"}],"about":[{"href":"https:\/\/radiorevelacionfm.cl\/index.php?rest_route=\/wp\/v2\/types\/post"}],"author":[{"embeddable":true,"href":"https:\/\/radiorevelacionfm.cl\/index.php?rest_route=\/wp\/v2\/users\/1"}],"replies":[{"embeddable":true,"href":"https:\/\/radiorevelacionfm.cl\/index.php?rest_route=%2Fwp%2Fv2%2Fcomments&post=43110"}],"version-history":[{"count":1,"href":"https:\/\/radiorevelacionfm.cl\/index.php?rest_route=\/wp\/v2\/posts\/43110\/revisions"}],"predecessor-version":[{"id":43111,"href":"https:\/\/radiorevelacionfm.cl\/index.php?rest_route=\/wp\/v2\/posts\/43110\/revisions\/43111"}],"wp:featuredmedia":[{"embeddable":true,"href":"https:\/\/radiorevelacionfm.cl\/index.php?rest_route=\/wp\/v2\/media\/31131"}],"wp:attachment":[{"href":"https:\/\/radiorevelacionfm.cl\/index.php?rest_route=%2Fwp%2Fv2%2Fmedia&parent=43110"}],"wp:term":[{"taxonomy":"category","embeddable":true,"href":"https:\/\/radiorevelacionfm.cl\/index.php?rest_route=%2Fwp%2Fv2%2Fcategories&post=43110"},{"taxonomy":"post_tag","embeddable":true,"href":"https:\/\/radiorevelacionfm.cl\/index.php?rest_route=%2Fwp%2Fv2%2Ftags&post=43110"}],"curies":[{"name":"wp","href":"https:\/\/api.w.org\/{rel}","templated":true}]}}