{"id":4311,"date":"2021-05-19T18:22:17","date_gmt":"2021-05-19T21:22:17","guid":{"rendered":"https:\/\/radiorevelacionfm.cl\/?p=4311"},"modified":"2021-05-19T18:22:17","modified_gmt":"2021-05-19T21:22:17","slug":"liceos-tecnicos-se-reunen-en-la-segunda-sesion-de-la-red-futuro-tecnico-aysen","status":"publish","type":"post","link":"https:\/\/radiorevelacionfm.cl\/?p=4311","title":{"rendered":"Liceos t\u00e9cnicos se re\u00fanen en la segunda sesi\u00f3n de la Red Futuro T\u00e9cnico Ays\u00e9n"},"content":{"rendered":"<div class=\"flex_column av_one_full  flex_column_div av-zero-column-padding first  avia-builder-el-0  el_before_av_one_full  avia-builder-el-first  \" style='border-radius:0px; '><div  class='avia-image-container  av-styling-    avia-builder-el-1  avia-builder-el-no-sibling  avia-align-center '  itemprop=\"image\" itemscope=\"itemscope\" itemtype=\"https:\/\/schema.org\/ImageObject\"  ><div class='avia-image-container-inner'><div class='avia-image-overlay-wrap'><img decoding=\"async\" class='wp-image-0 avia-img-lazy-loading-not-0 avia_image' src=\"https:\/\/radiorevelacionfm.cl\/wp-content\/uploads\/2021\/05\/alternancia-1-1.png\" alt='' title=''   itemprop=\"thumbnailUrl\"  \/><\/div><\/div><\/div><\/div><div class=\"flex_column av_one_full  flex_column_div av-zero-column-padding first  avia-builder-el-2  el_after_av_one_full  el_before_av_one_full  column-top-margin\" style='border-radius:0px; '><section class=\"av_textblock_section \"  itemscope=\"itemscope\" itemtype=\"https:\/\/schema.org\/BlogPosting\" itemprop=\"blogPost\" ><div class='avia_textblock  '   itemprop=\"text\" ><p style=\"text-align: center;\"><span style=\"font-size: 18pt;\"><b>Liceos t\u00e9cnicos se re\u00fanen en la segunda sesi\u00f3n de la Red Futuro T\u00e9cnico Ays\u00e9n<\/b><\/span><\/p>\n<div id=\"gtx-trans\" style=\"position: absolute; left: -50px; top: 4.31534px;\">\n<div class=\"gtx-trans-icon\"><\/div>\n<\/div>\n<\/div><\/section><\/div><div class=\"flex_column av_one_full  flex_column_div av-zero-column-padding first  avia-builder-el-4  el_after_av_one_full  el_before_av_hr  column-top-margin\" style='border-radius:0px; '><section class=\"av_textblock_section \"  itemscope=\"itemscope\" itemtype=\"https:\/\/schema.org\/BlogPosting\" itemprop=\"blogPost\" ><div class='avia_textblock  '   itemprop=\"text\" ><p class=\"v1MsoNormal\" style=\"text-align: justify;\">Directivos de los establecimientos de Educaci\u00f3n Media T\u00e9cnico Profesional (EMTP) de la Regi\u00f3n participaron de la segunda sesi\u00f3n de la Red Futuro T\u00e9cnico Ays\u00e9n, impulsada por el Ministerio de Educaci\u00f3n y ejecutada por la ONG Canales y Seremi de Educaci\u00f3n de Ays\u00e9n.<\/p>\n<p class=\"v1MsoNormal\" style=\"text-align: justify;\">La actividad busca potenciar la articulaci\u00f3n de los nueve liceos TP de la regi\u00f3n e impulsar acuerdos e iniciativas concretas en beneficio de las y los estudiantes que cursan esta modalidad de ense\u00f1anza. En esta ocasi\u00f3n, los asistentes recibieron el saludo del seremi de Educaci\u00f3n, Sergio Becerra, la exposici\u00f3n sobre alternancia educativa de Fundaci\u00f3n Chile Dual, y revisaron el caso de \u00e9xito de vinculaci\u00f3n entre el Liceo Arturo Prat de Puerto Cisnes con varias de las empresas que conforman la Corporaci\u00f3n de Desarrollo Productivo, CorpAys\u00e9n.<\/p>\n<p class=\"v1MsoNormal\" style=\"text-align: justify;\">\u00abQuisiera destacar a la ONG Canales, al empresariado y a los representantes de liceos aqu\u00ed presentes porque el objetivo de trabajar en red se ha ido cumpliendo. Hemos podido articularnos con la empresa local y los diferentes liceos\u00bb,\u00a0explic\u00f3 el seremi. \u00abSin duda que lo t\u00e9cnico profesional consiste en esto del aprender haciendo y estamos muy contentos con la vinculaci\u00f3n que se est\u00e1 logrando entre la EMTP, la empresa y la educaci\u00f3n superior\u00bb,\u00a0recordando el pr\u00f3ximo arribo del CFT Estatal de la regi\u00f3n.<\/p>\n<p class=\"v1MsoNormal\" style=\"text-align: justify;\">La jefa de proyecto de la Red Futuro T\u00e9cnico Ays\u00e9n, Bernardita Lazo, destac\u00f3 la convocatoria y compromiso de los Liceos EMTP en el marco de esta pol\u00edtica p\u00fablica.\u00a0\u00abPara ONG Canales, a estas sesiones no s\u00f3lo asisten personas que representan a los liceos sino actores que piensan y hacen la educaci\u00f3n t\u00e9cnica en nuestra regi\u00f3n. Estas reuniones son necesarias para aportar a la calidad de la formaci\u00f3n que entregan los liceos, a partir del intercambio de experiencias y la innovaci\u00f3n de los procesos de aprendizajes\u00bb, explic\u00f3.<\/p>\n<p class=\"v1MsoNormal\" style=\"text-align: justify;\"><b>Alternancia<br \/>\n<\/b>Desde la Fundaci\u00f3n Chile Dual, Francisco Ruiz expuso sobre esta<b>\u00a0<\/b>estrategia<b>\u00a0<\/b>curricular que alterna el aprendizaje entregado por el establecimiento con otros lugares como empresas, instituciones de educaci\u00f3n superior, \u00f3rganos del estado y servicio p\u00fablico.<\/p>\n<p class=\"v1MsoNormal\" style=\"text-align: justify;\">Al respecto, Mauricio Fern\u00e1ndez, de CorpAys\u00e9n, coment\u00f3 la experiencia vivida con estudiantes de cuarto medio de la especialidad de Acuicultura del Liceo Arturo Prat de Puerto Cisnes, quienes deb\u00edan realizar una pr\u00e1ctica profesional de manera remota, debido a la pandemia. Junto a las diferentes empresas que componen la Corporaci\u00f3n, crearon un programa de 90 horas cronol\u00f3gicas de capacitaci\u00f3n certificada por su OTEC.\u00a0\u00abLogramos que los estudiantes revisaran todo el proceso productivo, desde la producci\u00f3n de ovas, hasta la exportaci\u00f3n final, pasando por todos los procesos internos junto a 30 profesionales que se encuentran d\u00eda a d\u00eda en el terreno, quienes fueron mostrando con charlas y videos el quehacer\u00bb,\u00a0se\u00f1al\u00f3 el profesional.\u00a0\u00abLa industria se va desarrollando muy r\u00e1pido y si no existen estas sinergias, los aprendizajes de los estudiantes van quedando desfasados\u00bb,\u00a0sentenci\u00f3.<i><\/i><\/p>\n<\/div><\/section><\/div><div  style='height:50px' class='hr hr-invisible   avia-builder-el-6  el_after_av_one_full  el_before_av_social_share '><span class='hr-inner ' ><span class='hr-inner-style'><\/span><\/span><\/div><\/p>\n<div  class='av-social-sharing-box  avia-builder-el-7  el_after_av_hr  el_before_av_hr  '><div class='av-share-box'><h5 class='av-share-link-description av-no-toc '>Compartir esta noticia<\/h5><ul class='av-share-box-list noLightbox'><li class='av-share-link av-social-link-facebook' ><a target=\"_blank\" aria-label=\"Compartir en Facebook\" href='https:\/\/www.facebook.com\/sharer.php?u=https:\/\/radiorevelacionfm.cl\/?p=4311&#038;t=Liceos%20t%C3%A9cnicos%20se%20re%C3%BAnen%20en%20la%20segunda%20sesi%C3%B3n%20de%20la%20Red%20Futuro%20T%C3%A9cnico%20Ays%C3%A9n' aria-hidden='false' data-av_icon='\ue8f3' data-av_iconfont='entypo-fontello' title='' data-avia-related-tooltip='Compartir en Facebook' rel=\"noopener\"><span class='avia_hidden_link_text'>Compartir en Facebook<\/span><\/a><\/li><li class='av-share-link av-social-link-twitter' ><a target=\"_blank\" aria-label=\"Compartir en Twitter\" href='https:\/\/twitter.com\/share?text=Liceos%20t%C3%A9cnicos%20se%20re%C3%BAnen%20en%20la%20segunda%20sesi%C3%B3n%20de%20la%20Red%20Futuro%20T%C3%A9cnico%20Ays%C3%A9n&#038;url=https:\/\/radiorevelacionfm.cl\/?p=4311' aria-hidden='false' data-av_icon='\ue8f1' data-av_iconfont='entypo-fontello' title='' data-avia-related-tooltip='Compartir en Twitter' rel=\"noopener\"><span class='avia_hidden_link_text'>Compartir en Twitter<\/span><\/a><\/li><li class='av-share-link av-social-link-whatsapp' ><a target=\"_blank\" aria-label=\"Compartir en Whatsapp\" href='https:\/\/api.whatsapp.com\/send?text=https:\/\/radiorevelacionfm.cl\/?p=4311' aria-hidden='false' data-av_icon='\uf232' data-av_iconfont='entypo-fontello' title='' data-avia-related-tooltip='Compartir en Whatsapp' rel=\"noopener\"><span class='avia_hidden_link_text'>Compartir en Whatsapp<\/span><\/a><\/li><li class='av-share-link av-social-link-linkedin' ><a target=\"_blank\" aria-label=\"Compartir en LinkedIn\" href='https:\/\/linkedin.com\/shareArticle?mini=true&#038;title=Liceos%20t%C3%A9cnicos%20se%20re%C3%BAnen%20en%20la%20segunda%20sesi%C3%B3n%20de%20la%20Red%20Futuro%20T%C3%A9cnico%20Ays%C3%A9n&#038;url=https:\/\/radiorevelacionfm.cl\/?p=4311' aria-hidden='false' data-av_icon='\ue8fc' data-av_iconfont='entypo-fontello' title='' data-avia-related-tooltip='Compartir en LinkedIn' rel=\"noopener\"><span class='avia_hidden_link_text'>Compartir en LinkedIn<\/span><\/a><\/li><li class='av-share-link av-social-link-mail' ><a  aria-label=\"Compartir por correo\" href='mailto:?subject=Liceos%20t%C3%A9cnicos%20se%20re%C3%BAnen%20en%20la%20segunda%20sesi%C3%B3n%20de%20la%20Red%20Futuro%20T%C3%A9cnico%20Ays%C3%A9n&#038;body=https:\/\/radiorevelacionfm.cl\/?p=4311' aria-hidden='false' data-av_icon='\ue805' data-av_iconfont='entypo-fontello' title='' data-avia-related-tooltip='Compartir por correo'><span class='avia_hidden_link_text'>Compartir por correo<\/span><\/a><\/li><\/ul><\/div><\/div>\n<div  style='height:50px' class='hr hr-invisible   avia-builder-el-8  el_after_av_social_share  el_before_av_comments_list '><span class='hr-inner ' ><span class='hr-inner-style'><\/span><\/span><\/div>\n<div  class='av-buildercomment  av-blog-meta-html-info-disabled av-blog-meta-tag-disabled  '><\/div>\n","protected":false},"excerpt":{"rendered":"","protected":false},"author":1,"featured_media":0,"comment_status":"open","ping_status":"open","sticky":false,"template":"","format":"standard","meta":{"footnotes":""},"categories":[49],"tags":[],"class_list":["post-4311","post","type-post","status-publish","format-standard","hentry","category-educacion"],"jetpack_featured_media_url":"","_links":{"self":[{"href":"https:\/\/radiorevelacionfm.cl\/index.php?rest_route=\/wp\/v2\/posts\/4311","targetHints":{"allow":["GET"]}}],"collection":[{"href":"https:\/\/radiorevelacionfm.cl\/index.php?rest_route=\/wp\/v2\/posts"}],"about":[{"href":"https:\/\/radiorevelacionfm.cl\/index.php?rest_route=\/wp\/v2\/types\/post"}],"author":[{"embeddable":true,"href":"https:\/\/radiorevelacionfm.cl\/index.php?rest_route=\/wp\/v2\/users\/1"}],"replies":[{"embeddable":true,"href":"https:\/\/radiorevelacionfm.cl\/index.php?rest_route=%2Fwp%2Fv2%2Fcomments&post=4311"}],"version-history":[{"count":1,"href":"https:\/\/radiorevelacionfm.cl\/index.php?rest_route=\/wp\/v2\/posts\/4311\/revisions"}],"predecessor-version":[{"id":4313,"href":"https:\/\/radiorevelacionfm.cl\/index.php?rest_route=\/wp\/v2\/posts\/4311\/revisions\/4313"}],"wp:attachment":[{"href":"https:\/\/radiorevelacionfm.cl\/index.php?rest_route=%2Fwp%2Fv2%2Fmedia&parent=4311"}],"wp:term":[{"taxonomy":"category","embeddable":true,"href":"https:\/\/radiorevelacionfm.cl\/index.php?rest_route=%2Fwp%2Fv2%2Fcategories&post=4311"},{"taxonomy":"post_tag","embeddable":true,"href":"https:\/\/radiorevelacionfm.cl\/index.php?rest_route=%2Fwp%2Fv2%2Ftags&post=4311"}],"curies":[{"name":"wp","href":"https:\/\/api.w.org\/{rel}","templated":true}]}}