{"id":43107,"date":"2024-06-12T11:30:16","date_gmt":"2024-06-12T14:30:16","guid":{"rendered":"https:\/\/radiorevelacionfm.cl\/?p=43107"},"modified":"2024-06-12T11:30:16","modified_gmt":"2024-06-12T14:30:16","slug":"identificarse-es-urgente-gobierno-hace-llamado-a-personas-cuidadoras-de-aysen","status":"publish","type":"post","link":"https:\/\/radiorevelacionfm.cl\/?p=43107","title":{"rendered":"\u00abIdentificarse es Urgente\u00bb: Gobierno hace llamado a personas cuidadoras de Ays\u00e9n"},"content":{"rendered":"<div class=\"flex_column av_one_full  flex_column_div av-zero-column-padding first  avia-builder-el-0  el_before_av_one_full  avia-builder-el-first  \" style='border-radius:0px; '><div  class='avia-image-container  av-styling-    avia-builder-el-1  avia-builder-el-no-sibling  avia-align-center '  itemprop=\"image\" itemscope=\"itemscope\" itemtype=\"https:\/\/schema.org\/ImageObject\"  ><div class='avia-image-container-inner'><div class='avia-image-overlay-wrap'><img decoding=\"async\" class='wp-image-43108 avia-img-lazy-loading-not-43108 avia_image' src=\"https:\/\/radiorevelacionfm.cl\/wp-content\/uploads\/2024\/06\/WhatsApp-Image-2024-06-11-at-15.16.43-1-1.jpeg\" alt='' title='WhatsApp Image 2024-06-11 at 15.16.43 (1) (1)' height=\"660\" width=\"804\"  itemprop=\"thumbnailUrl\" srcset=\"https:\/\/radiorevelacionfm.cl\/wp-content\/uploads\/2024\/06\/WhatsApp-Image-2024-06-11-at-15.16.43-1-1.jpeg 804w, https:\/\/radiorevelacionfm.cl\/wp-content\/uploads\/2024\/06\/WhatsApp-Image-2024-06-11-at-15.16.43-1-1-300x246.jpeg 300w, https:\/\/radiorevelacionfm.cl\/wp-content\/uploads\/2024\/06\/WhatsApp-Image-2024-06-11-at-15.16.43-1-1-768x630.jpeg 768w, https:\/\/radiorevelacionfm.cl\/wp-content\/uploads\/2024\/06\/WhatsApp-Image-2024-06-11-at-15.16.43-1-1-705x579.jpeg 705w, https:\/\/radiorevelacionfm.cl\/wp-content\/uploads\/2024\/06\/WhatsApp-Image-2024-06-11-at-15.16.43-1-1-450x369.jpeg 450w, https:\/\/radiorevelacionfm.cl\/wp-content\/uploads\/2024\/06\/WhatsApp-Image-2024-06-11-at-15.16.43-1-1-600x493.jpeg 600w\" sizes=\"(max-width: 804px) 100vw, 804px\" \/><\/div><\/div><\/div><\/div><div class=\"flex_column av_one_full  flex_column_div av-zero-column-padding first  avia-builder-el-2  el_after_av_one_full  el_before_av_one_full  column-top-margin\" style='border-radius:0px; '><section class=\"av_textblock_section \"  itemscope=\"itemscope\" itemtype=\"https:\/\/schema.org\/BlogPosting\" itemprop=\"blogPost\" ><div class='avia_textblock  '   itemprop=\"text\" ><p style=\"text-align: center;\"><strong><span style=\"font-size: 18pt;\">\u00abIdentificarse es Urgente\u00bb: Gobierno hace llamado a personas cuidadoras de Ays\u00e9n<\/span><\/strong><\/p>\n<div id=\"gtx-trans\" style=\"position: absolute; left: -50px; top: 4.31534px;\">\n<div class=\"gtx-trans-icon\"><\/div>\n<\/div>\n<\/div><\/section><\/div><div class=\"flex_column av_one_full  flex_column_div av-zero-column-padding first  avia-builder-el-4  el_after_av_one_full  el_before_av_hr  column-top-margin\" style='border-radius:0px; '><section class=\"av_textblock_section \"  itemscope=\"itemscope\" itemtype=\"https:\/\/schema.org\/BlogPosting\" itemprop=\"blogPost\" ><div class='avia_textblock  '   itemprop=\"text\" ><p style=\"text-align: justify;\">Un total de 808 personas en la regi\u00f3n de Ays\u00e9n ya se han identificado oficialmente como cuidadores en el Registro Social de Hogares, por lo las Seremis de Gobierno Tatiana Pl\u00e1 y de Desarrollo Social y Familia Karina Acevedo, hicieron un llamado a la importancia de continuar aumentando la cifra de registrados por las futuras acciones que se desplegar\u00e1n a lo largo del pa\u00eds y regi\u00f3n de Ays\u00e9n. Lo anterior, tras la firma del Proyecto de Ley que crea el Sistema Nacional de Apoyos y Cuidados \u2013 Chile Cuida- el viernes pasado por parte del presidente Gabriel Boric Font.<\/p>\n<p style=\"text-align: justify;\">Hay que recordar que entre las medidas iniciales del Chile Cuida se ha considerado entregar atenci\u00f3n preferente a las personas cuidadoras registradas en el RSH en diferentes servicios tales como Banco Estado, Correos de Chile, Fonasa, Registro Civil y oficinas de Chile Atiende, Serviu, Senama, Senadis, Dicrep y en las de RSH en cada municipalidad. As\u00ed lo destac\u00f3 la seremi Vocera de Gobierno, Tatiana Pl\u00e1 \u00abRealmente es un hito la firma del proyecto de ley que crea el Chile Cuida y que ante todo reconocer que los cuidados es materia de derechos, sostenidos ahora en un cuarto pilar de la protecci\u00f3n social. El presidente Boric ha sido enf\u00e1tico en esta materia y de hecho ya hay medidas iniciales que son, entre otras, otorgar atenci\u00f3n preferencial en diferentes servicios del Estado a personas cuidadoras que porten su credencial. Necesitamos de forma urgente que aquellas personas que cuidan y que no se han registrado lo hagan, porque el Sistema Nacional de Apoyos y Cuidados contendr\u00e1 nuevos beneficios por parte del Estado dirigidos a este segmento\u00bb puntualiz\u00f3 la autoridad.<\/p>\n<p style=\"text-align: justify;\">Promover la autonom\u00eda y prevenir la dependencia es el objetivo central del Sistema Nacional de Apoyos y Cuidados, por tanto, si hay m\u00e1s antecedentes de personas cuidadoras se puede perfeccionar la pol\u00edtica p\u00fablica que estar\u00e1 dirigido a este segmento, seg\u00fan enfatiz\u00f3 Karina Acevedo, Seremi de Desarrollo Social y Familia \u00abHemos sido muy reiterativos, pero no debe existir duda que con esta ley y la creaci\u00f3n del Chile Cuida, se establece que el cuidado es una responsabilidad social, y por tanto, que su carga debe estar repartida equilibradamente entre el Estado y la sociedad en su conjunto sin olvidar que la carga de cuidados afecta mayoritariamente a mujeres. Por eso en la medida que contemos con un mayor registro, porque sabemos que son mucho m\u00e1s, podremos perfeccionar la pol\u00edtica p\u00fablica. Mientras tanto he convocado a una reuni\u00f3n regional con todos los encargados del Registro Social de Hogares de las 10 comunas para reforzar que es urgente la identificaci\u00f3n de las personas cuidadoras en este instrumento\u00bb.<\/p>\n<p style=\"text-align: justify;\">REQUISITOS PARA OBTENER LA CREDENCIAL DE PERSONA CUIDADORA<\/p>\n<p style=\"text-align: justify;\">En el sitio web\u00a0<a href=\"https:\/\/registrosocial.gob.cl\/\">https:\/\/registrosocial.gob.cl\/<\/a>\u00a0se deben dirigir a la secci\u00f3n \u00abir a mi registro\u00bb \u00a0e ingresar con clave \u00fanica. Para ser una persona cuidadora registrada y obtener credencial, hay que cumplir con los siguientes requisitos:<\/p>\n<p style=\"text-align: justify;\">La persona cuidadora y quien requiere cuidados deben tener Registro Social de Hogares<\/p>\n<p style=\"text-align: justify;\">La persona que requiere cuidados debe estar registrada en una de las siguientes bases de datos: Registro Nacional de Discapacidad, Programa de Integraci\u00f3n Escolar (PIE) permanente, Acreditar dependencia moderada, severa y\/o profunda en el m\u00f3dulo de salud del Registro Social de Hogares, Tener matr\u00edcula en un establecimiento de educaci\u00f3n especial. Una vez disponible la credencial de persona cuidadora, puedes descargar la credencial en su versi\u00f3n digital o solicitar la credencial f\u00edsica en tu Registro Social de Hogares.<\/p>\n<\/div><\/section><\/div><div  style='height:50px' class='hr hr-invisible   avia-builder-el-6  el_after_av_one_full  el_before_av_social_share '><span class='hr-inner ' ><span class='hr-inner-style'><\/span><\/span><\/div><\/p>\n<div  class='av-social-sharing-box  avia-builder-el-7  el_after_av_hr  el_before_av_hr  '><div class='av-share-box'><h5 class='av-share-link-description av-no-toc '>Compartir esta noticia<\/h5><ul class='av-share-box-list noLightbox'><li class='av-share-link av-social-link-facebook' ><a target=\"_blank\" aria-label=\"Compartir en Facebook\" href='https:\/\/www.facebook.com\/sharer.php?u=https:\/\/radiorevelacionfm.cl\/?p=43107&#038;t=%C2%ABIdentificarse%20es%20Urgente%C2%BB%3A%20Gobierno%20hace%20llamado%20a%20personas%20cuidadoras%20de%20Ays%C3%A9n' aria-hidden='false' data-av_icon='\ue8f3' data-av_iconfont='entypo-fontello' title='' data-avia-related-tooltip='Compartir en Facebook' rel=\"noopener\"><span class='avia_hidden_link_text'>Compartir en Facebook<\/span><\/a><\/li><li class='av-share-link av-social-link-twitter' ><a target=\"_blank\" aria-label=\"Compartir en Twitter\" href='https:\/\/twitter.com\/share?text=%C2%ABIdentificarse%20es%20Urgente%C2%BB%3A%20Gobierno%20hace%20llamado%20a%20personas%20cuidadoras%20de%20Ays%C3%A9n&#038;url=https:\/\/radiorevelacionfm.cl\/?p=43107' aria-hidden='false' data-av_icon='\ue8f1' data-av_iconfont='entypo-fontello' title='' data-avia-related-tooltip='Compartir en Twitter' rel=\"noopener\"><span class='avia_hidden_link_text'>Compartir en Twitter<\/span><\/a><\/li><li class='av-share-link av-social-link-whatsapp' ><a target=\"_blank\" aria-label=\"Compartir en Whatsapp\" href='https:\/\/api.whatsapp.com\/send?text=https:\/\/radiorevelacionfm.cl\/?p=43107' aria-hidden='false' data-av_icon='\uf232' data-av_iconfont='entypo-fontello' title='' data-avia-related-tooltip='Compartir en Whatsapp' rel=\"noopener\"><span class='avia_hidden_link_text'>Compartir en Whatsapp<\/span><\/a><\/li><li class='av-share-link av-social-link-linkedin' ><a target=\"_blank\" aria-label=\"Compartir en LinkedIn\" href='https:\/\/linkedin.com\/shareArticle?mini=true&#038;title=%C2%ABIdentificarse%20es%20Urgente%C2%BB%3A%20Gobierno%20hace%20llamado%20a%20personas%20cuidadoras%20de%20Ays%C3%A9n&#038;url=https:\/\/radiorevelacionfm.cl\/?p=43107' aria-hidden='false' data-av_icon='\ue8fc' data-av_iconfont='entypo-fontello' title='' data-avia-related-tooltip='Compartir en LinkedIn' rel=\"noopener\"><span class='avia_hidden_link_text'>Compartir en LinkedIn<\/span><\/a><\/li><li class='av-share-link av-social-link-mail' ><a  aria-label=\"Compartir por correo\" href='mailto:?subject=%C2%ABIdentificarse%20es%20Urgente%C2%BB%3A%20Gobierno%20hace%20llamado%20a%20personas%20cuidadoras%20de%20Ays%C3%A9n&#038;body=https:\/\/radiorevelacionfm.cl\/?p=43107' aria-hidden='false' data-av_icon='\ue805' data-av_iconfont='entypo-fontello' title='' data-avia-related-tooltip='Compartir por correo'><span class='avia_hidden_link_text'>Compartir por correo<\/span><\/a><\/li><\/ul><\/div><\/div>\n<div  style='height:50px' class='hr hr-invisible   avia-builder-el-8  el_after_av_social_share  el_before_av_comments_list '><span class='hr-inner ' ><span class='hr-inner-style'><\/span><\/span><\/div>\n<div  class='av-buildercomment  av-blog-meta-html-info-disabled av-blog-meta-tag-disabled  '><\/div>\n","protected":false},"excerpt":{"rendered":"","protected":false},"author":1,"featured_media":43108,"comment_status":"open","ping_status":"open","sticky":false,"template":"","format":"standard","meta":{"footnotes":""},"categories":[38],"tags":[],"class_list":["post-43107","post","type-post","status-publish","format-standard","has-post-thumbnail","hentry","category-regional"],"jetpack_featured_media_url":"https:\/\/radiorevelacionfm.cl\/wp-content\/uploads\/2024\/06\/WhatsApp-Image-2024-06-11-at-15.16.43-1-1.jpeg","_links":{"self":[{"href":"https:\/\/radiorevelacionfm.cl\/index.php?rest_route=\/wp\/v2\/posts\/43107","targetHints":{"allow":["GET"]}}],"collection":[{"href":"https:\/\/radiorevelacionfm.cl\/index.php?rest_route=\/wp\/v2\/posts"}],"about":[{"href":"https:\/\/radiorevelacionfm.cl\/index.php?rest_route=\/wp\/v2\/types\/post"}],"author":[{"embeddable":true,"href":"https:\/\/radiorevelacionfm.cl\/index.php?rest_route=\/wp\/v2\/users\/1"}],"replies":[{"embeddable":true,"href":"https:\/\/radiorevelacionfm.cl\/index.php?rest_route=%2Fwp%2Fv2%2Fcomments&post=43107"}],"version-history":[{"count":1,"href":"https:\/\/radiorevelacionfm.cl\/index.php?rest_route=\/wp\/v2\/posts\/43107\/revisions"}],"predecessor-version":[{"id":43109,"href":"https:\/\/radiorevelacionfm.cl\/index.php?rest_route=\/wp\/v2\/posts\/43107\/revisions\/43109"}],"wp:featuredmedia":[{"embeddable":true,"href":"https:\/\/radiorevelacionfm.cl\/index.php?rest_route=\/wp\/v2\/media\/43108"}],"wp:attachment":[{"href":"https:\/\/radiorevelacionfm.cl\/index.php?rest_route=%2Fwp%2Fv2%2Fmedia&parent=43107"}],"wp:term":[{"taxonomy":"category","embeddable":true,"href":"https:\/\/radiorevelacionfm.cl\/index.php?rest_route=%2Fwp%2Fv2%2Fcategories&post=43107"},{"taxonomy":"post_tag","embeddable":true,"href":"https:\/\/radiorevelacionfm.cl\/index.php?rest_route=%2Fwp%2Fv2%2Ftags&post=43107"}],"curies":[{"name":"wp","href":"https:\/\/api.w.org\/{rel}","templated":true}]}}