{"id":43104,"date":"2024-06-11T18:08:46","date_gmt":"2024-06-11T21:08:46","guid":{"rendered":"https:\/\/radiorevelacionfm.cl\/?p=43104"},"modified":"2024-06-11T18:08:46","modified_gmt":"2024-06-11T21:08:46","slug":"corporacion-del-deporte-de-aysen-facilita-equipo-a-jovenes-esgrimistas-de-puerto-chacabuco","status":"publish","type":"post","link":"https:\/\/radiorevelacionfm.cl\/?p=43104","title":{"rendered":"Corporaci\u00f3n del Deporte de Ays\u00e9n facilita equipo a j\u00f3venes esgrimistas de Puerto Chacabuco"},"content":{"rendered":"<div class=\"flex_column av_one_full  flex_column_div av-zero-column-padding first  avia-builder-el-0  el_before_av_one_full  avia-builder-el-first  \" style='border-radius:0px; '><div  class='avia-image-container  av-styling-    avia-builder-el-1  avia-builder-el-no-sibling  avia-align-center '  itemprop=\"image\" itemscope=\"itemscope\" itemtype=\"https:\/\/schema.org\/ImageObject\"  ><div class='avia-image-container-inner'><div class='avia-image-overlay-wrap'><img decoding=\"async\" class='wp-image-43105 avia-img-lazy-loading-not-43105 avia_image' src=\"https:\/\/radiorevelacionfm.cl\/wp-content\/uploads\/2024\/06\/20240607_171126-1_optimized.jpg\" alt='' title='20240607_171126-(1)_optimized' height=\"600\" width=\"1011\"  itemprop=\"thumbnailUrl\" srcset=\"https:\/\/radiorevelacionfm.cl\/wp-content\/uploads\/2024\/06\/20240607_171126-1_optimized.jpg 1011w, https:\/\/radiorevelacionfm.cl\/wp-content\/uploads\/2024\/06\/20240607_171126-1_optimized-300x178.jpg 300w, https:\/\/radiorevelacionfm.cl\/wp-content\/uploads\/2024\/06\/20240607_171126-1_optimized-768x456.jpg 768w, https:\/\/radiorevelacionfm.cl\/wp-content\/uploads\/2024\/06\/20240607_171126-1_optimized-705x418.jpg 705w, https:\/\/radiorevelacionfm.cl\/wp-content\/uploads\/2024\/06\/20240607_171126-1_optimized-450x267.jpg 450w, https:\/\/radiorevelacionfm.cl\/wp-content\/uploads\/2024\/06\/20240607_171126-1_optimized-600x356.jpg 600w\" sizes=\"(max-width: 1011px) 100vw, 1011px\" \/><\/div><\/div><\/div><\/div><div class=\"flex_column av_one_full  flex_column_div av-zero-column-padding first  avia-builder-el-2  el_after_av_one_full  el_before_av_one_full  column-top-margin\" style='border-radius:0px; '><section class=\"av_textblock_section \"  itemscope=\"itemscope\" itemtype=\"https:\/\/schema.org\/BlogPosting\" itemprop=\"blogPost\" ><div class='avia_textblock  '   itemprop=\"text\" ><p style=\"text-align: center;\"><strong><span style=\"font-size: 18pt;\">Corporaci\u00f3n del Deporte de Ays\u00e9n facilita equipo a j\u00f3venes esgrimistas de Puerto Chacabuco<\/span><\/strong><\/p>\n<div id=\"gtx-trans\" style=\"position: absolute; left: -50px; top: 4.31534px;\">\n<div class=\"gtx-trans-icon\"><\/div>\n<\/div>\n<\/div><\/section><\/div><div class=\"flex_column av_one_full  flex_column_div av-zero-column-padding first  avia-builder-el-4  el_after_av_one_full  el_before_av_hr  column-top-margin\" style='border-radius:0px; '><section class=\"av_textblock_section \"  itemscope=\"itemscope\" itemtype=\"https:\/\/schema.org\/BlogPosting\" itemprop=\"blogPost\" ><div class='avia_textblock  '   itemprop=\"text\" ><p style=\"text-align: justify;\"><em>Las herramientas ser\u00e1n utilizadas por el Taller de Esgrima de la Escuela Almirante Simpson, con el cual planean realizar pr\u00e1cticas y torneos para mejorar su competitividad de cara a enfrentar a representantes regionales.<\/em><\/p>\n<p style=\"text-align: justify;\">En el Polideportivo 21 de abril se realiz\u00f3 la entrega como comodato de equipamiento, anteriormente utilizado para la realizaci\u00f3n de competencias de esgrima en el recinto, para que el taller de esta disciplina de la Escuela Almirante Simpson de Puerto Chacabuco pueda practicar con una mejor indumentaria que la que actualmente poseen.<\/p>\n<p style=\"text-align: justify;\">Carlos C\u00e1rcamo, Director Ejecutivo de la Corporaci\u00f3n de Deporte y Recreaci\u00f3n de la Municipalidad de Ays\u00e9n, comenta que, \u201ces muy importante que nosotros podamos facilitarles esta implementaci\u00f3n para que ellos puedan ir trabajando los procesos formativos e ir dando un poquito m\u00e1s de aporte a lo que es el deporte comunal\u201d.<\/p>\n<p style=\"text-align: justify;\">\u201cNosotros podemos decirle a la comunidad que se est\u00e1n haciendo actividades ligadas a la esgrima. Tambi\u00e9n invitar a los ni\u00f1os que est\u00e1n dentro de este establecimiento a que se sumen al taller, para que podamos tener mayores resultados y haya una mayor convocatoria por parte del alumnado en esta linda disciplina que es la esgrima\u201d, relev\u00f3 Carlos C\u00e1rcamo.<\/p>\n<p style=\"text-align: justify;\">La equipaci\u00f3n consta de tres pistas de esgrima con sus respectivas m\u00e1quinas de puntuaci\u00f3n y diez floretes de pr\u00e1ctica, adem\u00e1s de una bolsa con guantes para ni\u00f1os. El total del precio de estos elementos est\u00e1 estimado entre los 7 a los 12 millones de pesos.<\/p>\n<p style=\"text-align: justify;\">El monitor del taller, Oriel Rojas explic\u00f3 que \u201cla implementaci\u00f3n va a servir para que los ni\u00f1os se adapten a la m\u00e1quina de puntuaci\u00f3n, a los cables y al proceso del arbitraje, para que ellos sepan reconocer el puntaje en cada arma que van a practicar, que puede ser espada, florete o sable, la implementaci\u00f3n est\u00e1 claro que nos va a servir\u201d.<\/p>\n<p style=\"text-align: justify;\">Edilia Parra, presidenta del taller de esgrima, menciona que, \u201cqueremos hacer un campeonato entre los mismos chicos, para que obtengan experiencia y que les sirva como funciona todo, ya han tenido un torneo y para ser la primera vez fue s\u00faper bueno. Los chicos est\u00e1n muy motivados, ahora m\u00e1s con el equipamiento, porque se ve que est\u00e1n aprendiendo todos los d\u00edas y han formado su disciplina; gracias por todo\u201d.<\/p>\n<p style=\"text-align: justify;\">El pr\u00f3ximo 29 de junio el taller tiene planeado realizar un torneo interno para exponer el avance de sus estudiantes.<\/p>\n<\/div><\/section><\/div><div  style='height:50px' class='hr hr-invisible   avia-builder-el-6  el_after_av_one_full  el_before_av_social_share '><span class='hr-inner ' ><span class='hr-inner-style'><\/span><\/span><\/div><\/p>\n<div  class='av-social-sharing-box  avia-builder-el-7  el_after_av_hr  el_before_av_hr  '><div class='av-share-box'><h5 class='av-share-link-description av-no-toc '>Compartir esta noticia<\/h5><ul class='av-share-box-list noLightbox'><li class='av-share-link av-social-link-facebook' ><a target=\"_blank\" aria-label=\"Compartir en Facebook\" href='https:\/\/www.facebook.com\/sharer.php?u=https:\/\/radiorevelacionfm.cl\/?p=43104&#038;t=Corporaci%C3%B3n%20del%20Deporte%20de%20Ays%C3%A9n%20facilita%20equipo%20a%20j%C3%B3venes%20esgrimistas%20de%20Puerto%20Chacabuco' aria-hidden='false' data-av_icon='\ue8f3' data-av_iconfont='entypo-fontello' title='' data-avia-related-tooltip='Compartir en Facebook' rel=\"noopener\"><span class='avia_hidden_link_text'>Compartir en Facebook<\/span><\/a><\/li><li class='av-share-link av-social-link-twitter' ><a target=\"_blank\" aria-label=\"Compartir en Twitter\" href='https:\/\/twitter.com\/share?text=Corporaci%C3%B3n%20del%20Deporte%20de%20Ays%C3%A9n%20facilita%20equipo%20a%20j%C3%B3venes%20esgrimistas%20de%20Puerto%20Chacabuco&#038;url=https:\/\/radiorevelacionfm.cl\/?p=43104' aria-hidden='false' data-av_icon='\ue8f1' data-av_iconfont='entypo-fontello' title='' data-avia-related-tooltip='Compartir en Twitter' rel=\"noopener\"><span class='avia_hidden_link_text'>Compartir en Twitter<\/span><\/a><\/li><li class='av-share-link av-social-link-whatsapp' ><a target=\"_blank\" aria-label=\"Compartir en Whatsapp\" href='https:\/\/api.whatsapp.com\/send?text=https:\/\/radiorevelacionfm.cl\/?p=43104' aria-hidden='false' data-av_icon='\uf232' data-av_iconfont='entypo-fontello' title='' data-avia-related-tooltip='Compartir en Whatsapp' rel=\"noopener\"><span class='avia_hidden_link_text'>Compartir en Whatsapp<\/span><\/a><\/li><li class='av-share-link av-social-link-linkedin' ><a target=\"_blank\" aria-label=\"Compartir en LinkedIn\" href='https:\/\/linkedin.com\/shareArticle?mini=true&#038;title=Corporaci%C3%B3n%20del%20Deporte%20de%20Ays%C3%A9n%20facilita%20equipo%20a%20j%C3%B3venes%20esgrimistas%20de%20Puerto%20Chacabuco&#038;url=https:\/\/radiorevelacionfm.cl\/?p=43104' aria-hidden='false' data-av_icon='\ue8fc' data-av_iconfont='entypo-fontello' title='' data-avia-related-tooltip='Compartir en LinkedIn' rel=\"noopener\"><span class='avia_hidden_link_text'>Compartir en LinkedIn<\/span><\/a><\/li><li class='av-share-link av-social-link-mail' ><a  aria-label=\"Compartir por correo\" href='mailto:?subject=Corporaci%C3%B3n%20del%20Deporte%20de%20Ays%C3%A9n%20facilita%20equipo%20a%20j%C3%B3venes%20esgrimistas%20de%20Puerto%20Chacabuco&#038;body=https:\/\/radiorevelacionfm.cl\/?p=43104' aria-hidden='false' data-av_icon='\ue805' data-av_iconfont='entypo-fontello' title='' data-avia-related-tooltip='Compartir por correo'><span class='avia_hidden_link_text'>Compartir por correo<\/span><\/a><\/li><\/ul><\/div><\/div>\n<div  style='height:50px' class='hr hr-invisible   avia-builder-el-8  el_after_av_social_share  el_before_av_comments_list '><span class='hr-inner ' ><span class='hr-inner-style'><\/span><\/span><\/div>\n<div  class='av-buildercomment  av-blog-meta-html-info-disabled av-blog-meta-tag-disabled  '><\/div>\n","protected":false},"excerpt":{"rendered":"","protected":false},"author":1,"featured_media":43105,"comment_status":"open","ping_status":"open","sticky":false,"template":"","format":"standard","meta":{"footnotes":""},"categories":[40],"tags":[],"class_list":["post-43104","post","type-post","status-publish","format-standard","has-post-thumbnail","hentry","category-deportes"],"jetpack_featured_media_url":"https:\/\/radiorevelacionfm.cl\/wp-content\/uploads\/2024\/06\/20240607_171126-1_optimized.jpg","_links":{"self":[{"href":"https:\/\/radiorevelacionfm.cl\/index.php?rest_route=\/wp\/v2\/posts\/43104","targetHints":{"allow":["GET"]}}],"collection":[{"href":"https:\/\/radiorevelacionfm.cl\/index.php?rest_route=\/wp\/v2\/posts"}],"about":[{"href":"https:\/\/radiorevelacionfm.cl\/index.php?rest_route=\/wp\/v2\/types\/post"}],"author":[{"embeddable":true,"href":"https:\/\/radiorevelacionfm.cl\/index.php?rest_route=\/wp\/v2\/users\/1"}],"replies":[{"embeddable":true,"href":"https:\/\/radiorevelacionfm.cl\/index.php?rest_route=%2Fwp%2Fv2%2Fcomments&post=43104"}],"version-history":[{"count":1,"href":"https:\/\/radiorevelacionfm.cl\/index.php?rest_route=\/wp\/v2\/posts\/43104\/revisions"}],"predecessor-version":[{"id":43106,"href":"https:\/\/radiorevelacionfm.cl\/index.php?rest_route=\/wp\/v2\/posts\/43104\/revisions\/43106"}],"wp:featuredmedia":[{"embeddable":true,"href":"https:\/\/radiorevelacionfm.cl\/index.php?rest_route=\/wp\/v2\/media\/43105"}],"wp:attachment":[{"href":"https:\/\/radiorevelacionfm.cl\/index.php?rest_route=%2Fwp%2Fv2%2Fmedia&parent=43104"}],"wp:term":[{"taxonomy":"category","embeddable":true,"href":"https:\/\/radiorevelacionfm.cl\/index.php?rest_route=%2Fwp%2Fv2%2Fcategories&post=43104"},{"taxonomy":"post_tag","embeddable":true,"href":"https:\/\/radiorevelacionfm.cl\/index.php?rest_route=%2Fwp%2Fv2%2Ftags&post=43104"}],"curies":[{"name":"wp","href":"https:\/\/api.w.org\/{rel}","templated":true}]}}