{"id":43101,"date":"2024-06-12T11:12:18","date_gmt":"2024-06-12T14:12:18","guid":{"rendered":"https:\/\/radiorevelacionfm.cl\/?p=43101"},"modified":"2024-06-12T11:12:18","modified_gmt":"2024-06-12T14:12:18","slug":"calisto-se-reune-con-ministro-de-educacion-y-directora-nacional-de-junaeb-por-deficit-de-becas","status":"publish","type":"post","link":"https:\/\/radiorevelacionfm.cl\/?p=43101","title":{"rendered":"Calisto se re\u00fane con Ministro de Educaci\u00f3n y Directora Nacional de Junaeb por d\u00e9ficit de becas"},"content":{"rendered":"<div class=\"flex_column av_one_full  flex_column_div av-zero-column-padding first  avia-builder-el-0  el_before_av_one_full  avia-builder-el-first  \" style='border-radius:0px; '><div  class='avia-image-container  av-styling-    avia-builder-el-1  avia-builder-el-no-sibling  avia-align-center '  itemprop=\"image\" itemscope=\"itemscope\" itemtype=\"https:\/\/schema.org\/ImageObject\"  ><div class='avia-image-container-inner'><div class='avia-image-overlay-wrap'><img decoding=\"async\" class='wp-image-43102 avia-img-lazy-loading-not-43102 avia_image' src=\"https:\/\/radiorevelacionfm.cl\/wp-content\/uploads\/2024\/06\/FOTO-REUNION-BECAS-CALISTO-1-1.jpeg\" alt='' title='FOTO REUNI\u00d3N BECAS CALISTO (1) (1)' height=\"600\" width=\"1075\"  itemprop=\"thumbnailUrl\" srcset=\"https:\/\/radiorevelacionfm.cl\/wp-content\/uploads\/2024\/06\/FOTO-REUNION-BECAS-CALISTO-1-1.jpeg 1075w, https:\/\/radiorevelacionfm.cl\/wp-content\/uploads\/2024\/06\/FOTO-REUNION-BECAS-CALISTO-1-1-300x167.jpeg 300w, https:\/\/radiorevelacionfm.cl\/wp-content\/uploads\/2024\/06\/FOTO-REUNION-BECAS-CALISTO-1-1-1030x575.jpeg 1030w, https:\/\/radiorevelacionfm.cl\/wp-content\/uploads\/2024\/06\/FOTO-REUNION-BECAS-CALISTO-1-1-768x429.jpeg 768w, https:\/\/radiorevelacionfm.cl\/wp-content\/uploads\/2024\/06\/FOTO-REUNION-BECAS-CALISTO-1-1-705x393.jpeg 705w, https:\/\/radiorevelacionfm.cl\/wp-content\/uploads\/2024\/06\/FOTO-REUNION-BECAS-CALISTO-1-1-450x251.jpeg 450w, https:\/\/radiorevelacionfm.cl\/wp-content\/uploads\/2024\/06\/FOTO-REUNION-BECAS-CALISTO-1-1-600x335.jpeg 600w\" sizes=\"(max-width: 1075px) 100vw, 1075px\" \/><\/div><\/div><\/div><\/div><div class=\"flex_column av_one_full  flex_column_div av-zero-column-padding first  avia-builder-el-2  el_after_av_one_full  el_before_av_one_full  column-top-margin\" style='border-radius:0px; '><section class=\"av_textblock_section \"  itemscope=\"itemscope\" itemtype=\"https:\/\/schema.org\/BlogPosting\" itemprop=\"blogPost\" ><div class='avia_textblock  '   itemprop=\"text\" ><p style=\"text-align: center;\"><span style=\"font-size: 18pt;\"><b>Calisto se re\u00fane con Ministro de Educaci\u00f3n y Directora Nacional de Junaeb por d\u00e9ficit de becas<\/b><\/span><\/p>\n<div id=\"gtx-trans\" style=\"position: absolute; left: -50px; top: 4.31534px;\">\n<div class=\"gtx-trans-icon\"><\/div>\n<\/div>\n<\/div><\/section><\/div><div class=\"flex_column av_one_full  flex_column_div av-zero-column-padding first  avia-builder-el-4  el_after_av_one_full  el_before_av_hr  column-top-margin\" style='border-radius:0px; '><section class=\"av_textblock_section \"  itemscope=\"itemscope\" itemtype=\"https:\/\/schema.org\/BlogPosting\" itemprop=\"blogPost\" ><div class='avia_textblock  '   itemprop=\"text\" ><p style=\"font-weight: 400; text-align: justify;\"><em>El Ministro confirm\u00f3 que en julio habr\u00e1n nuevos becados y el diputado Calisto insisti\u00f3 en necesidad de suplementar recursos para adelantarse al d\u00e9ficit de beneficios.<\/em><\/p>\n<p style=\"font-weight: 400; text-align: justify;\">En dependencias del Congreso Nacional, el diputado Miguel \u00c1ngel Calisto se reuni\u00f3 con el Ministro de Educaci\u00f3n, Nicol\u00e1s Cataldo, y con la Directora Nacional de Junaeb, Camila Rubio, instancia donde le plante\u00f3 la preocupaci\u00f3n de la comunidad aysenina por el d\u00e9ficit de becas regionales.<\/p>\n<p style=\"font-weight: 400; text-align: justify;\">Ante esto, el titular de la cartera asegur\u00f3 que se est\u00e1 revisando todos los antecedentes para buscar una soluci\u00f3n que permita ampliar la convocatoria.<\/p>\n<p style=\"font-weight: 400; text-align: justify;\">\u201cHemos conversado con el diputado Calisto, quien nos ha transmitido la preocupaci\u00f3n que existe en el territorio a prop\u00f3sito de las becas Patagonia. Como Ministerio y como Junaeb, que es parte de nuestras instituciones. Estamos tambi\u00e9n preocupados por esto\u201d.<\/p>\n<p style=\"font-weight: 400; text-align: justify;\">El ministro agreg\u00f3 que \u201ctuvimos los resultados hace poco, asignamos los cupos y las becas que hab\u00eda. Es importante se\u00f1alar que no se entregaron menos becas que los a\u00f1os anteriores, sino que hubo m\u00e1s postulantes que cumpliesen con los requisitos para las becas\u201d.<\/p>\n<p style=\"font-weight: 400; text-align: justify;\">\u201cEn estos momentos Junaeb se encuentra revisando todos los antecedentes y evaluando las posibles reasignaciones presupuestarias, en orden de poder, a la brevedad posible, eventualmente poder ampliar la convocatoria por lo tanto asignar m\u00e1s beneficiarios, a prop\u00f3sito de esta explosi\u00f3n de personas que cumplen con los requisitos\u201d, indic\u00f3.<\/p>\n<p style=\"font-weight: 400; text-align: justify;\">El titular de la cartera asegur\u00f3 que \u201cesto tambi\u00e9n es una buena noticia porque quiere decir que hay una mejora en los rendimientos que por ley son exigibles para la asignaci\u00f3n de estas becas. Estamos atendiendo el problema y Junaeb est\u00e1 trabajando para que esto se aborde a la brevedad\u201d.<\/p>\n<p style=\"font-weight: 400; text-align: justify;\">Por su parte, el diputado Calisto se\u00f1al\u00f3 que \u201clamentablemente, los ni\u00f1os y j\u00f3venes se esfuerzan por salir adelante, por mejorar su rendimiento, y lo que corresponde es que el Estado cumpla con este beneficio, especialmente a aquellos que cumplen los requisitos\u201d.<\/p>\n<p style=\"font-weight: 400; text-align: justify;\">\u201cLe entregamos al Ministro y a la directora un documento con m\u00e1s de 600 apelaciones de alumnos de la regi\u00f3n que nos hicieron llegar sus antecedentes. Estos antecedentes los van a revisar y en julio saldr\u00e1 un nuevo llamado de becados, lo que es una muy buena noticia\u201d, se\u00f1al\u00f3.<\/p>\n<p style=\"font-weight: 400; text-align: justify;\">Finalmente, el diputado Calisto afirm\u00f3 que \u201cle reiteramos nuestra preocupaci\u00f3n al Ministro por el eventual d\u00e9ficit de becas Patagonia e Integraci\u00f3n Territorial, independiente de la nueva convocatoria. Esto es algo que ha pasado todos los a\u00f1os. Adem\u00e1s, estos son alumnos que est\u00e1n desde marzo fuera de sus casas sin ning\u00fan beneficio, lo que genera una fuerte carga econ\u00f3mica a las familias\u201d.<\/p>\n<\/div><\/section><\/div><div  style='height:50px' class='hr hr-invisible   avia-builder-el-6  el_after_av_one_full  el_before_av_social_share '><span class='hr-inner ' ><span class='hr-inner-style'><\/span><\/span><\/div><\/p>\n<div  class='av-social-sharing-box  avia-builder-el-7  el_after_av_hr  el_before_av_hr  '><div class='av-share-box'><h5 class='av-share-link-description av-no-toc '>Compartir esta noticia<\/h5><ul class='av-share-box-list noLightbox'><li class='av-share-link av-social-link-facebook' ><a target=\"_blank\" aria-label=\"Compartir en Facebook\" href='https:\/\/www.facebook.com\/sharer.php?u=https:\/\/radiorevelacionfm.cl\/?p=43101&#038;t=Calisto%20se%20re%C3%BAne%20con%20Ministro%20de%20Educaci%C3%B3n%20y%20Directora%20Nacional%20de%20Junaeb%20por%20d%C3%A9ficit%20de%20becas' aria-hidden='false' data-av_icon='\ue8f3' data-av_iconfont='entypo-fontello' title='' data-avia-related-tooltip='Compartir en Facebook' rel=\"noopener\"><span class='avia_hidden_link_text'>Compartir en Facebook<\/span><\/a><\/li><li class='av-share-link av-social-link-twitter' ><a target=\"_blank\" aria-label=\"Compartir en Twitter\" href='https:\/\/twitter.com\/share?text=Calisto%20se%20re%C3%BAne%20con%20Ministro%20de%20Educaci%C3%B3n%20y%20Directora%20Nacional%20de%20Junaeb%20por%20d%C3%A9ficit%20de%20becas&#038;url=https:\/\/radiorevelacionfm.cl\/?p=43101' aria-hidden='false' data-av_icon='\ue8f1' data-av_iconfont='entypo-fontello' title='' data-avia-related-tooltip='Compartir en Twitter' rel=\"noopener\"><span class='avia_hidden_link_text'>Compartir en Twitter<\/span><\/a><\/li><li class='av-share-link av-social-link-whatsapp' ><a target=\"_blank\" aria-label=\"Compartir en Whatsapp\" href='https:\/\/api.whatsapp.com\/send?text=https:\/\/radiorevelacionfm.cl\/?p=43101' aria-hidden='false' data-av_icon='\uf232' data-av_iconfont='entypo-fontello' title='' data-avia-related-tooltip='Compartir en Whatsapp' rel=\"noopener\"><span class='avia_hidden_link_text'>Compartir en Whatsapp<\/span><\/a><\/li><li class='av-share-link av-social-link-linkedin' ><a target=\"_blank\" aria-label=\"Compartir en LinkedIn\" href='https:\/\/linkedin.com\/shareArticle?mini=true&#038;title=Calisto%20se%20re%C3%BAne%20con%20Ministro%20de%20Educaci%C3%B3n%20y%20Directora%20Nacional%20de%20Junaeb%20por%20d%C3%A9ficit%20de%20becas&#038;url=https:\/\/radiorevelacionfm.cl\/?p=43101' aria-hidden='false' data-av_icon='\ue8fc' data-av_iconfont='entypo-fontello' title='' data-avia-related-tooltip='Compartir en LinkedIn' rel=\"noopener\"><span class='avia_hidden_link_text'>Compartir en LinkedIn<\/span><\/a><\/li><li class='av-share-link av-social-link-mail' ><a  aria-label=\"Compartir por correo\" href='mailto:?subject=Calisto%20se%20re%C3%BAne%20con%20Ministro%20de%20Educaci%C3%B3n%20y%20Directora%20Nacional%20de%20Junaeb%20por%20d%C3%A9ficit%20de%20becas&#038;body=https:\/\/radiorevelacionfm.cl\/?p=43101' aria-hidden='false' data-av_icon='\ue805' data-av_iconfont='entypo-fontello' title='' data-avia-related-tooltip='Compartir por correo'><span class='avia_hidden_link_text'>Compartir por correo<\/span><\/a><\/li><\/ul><\/div><\/div>\n<div  style='height:50px' class='hr hr-invisible   avia-builder-el-8  el_after_av_social_share  el_before_av_comments_list '><span class='hr-inner ' ><span class='hr-inner-style'><\/span><\/span><\/div>\n<div  class='av-buildercomment  av-blog-meta-html-info-disabled av-blog-meta-tag-disabled  '><\/div>\n","protected":false},"excerpt":{"rendered":"","protected":false},"author":1,"featured_media":43102,"comment_status":"open","ping_status":"open","sticky":false,"template":"","format":"standard","meta":{"footnotes":""},"categories":[35],"tags":[],"class_list":["post-43101","post","type-post","status-publish","format-standard","has-post-thumbnail","hentry","category-politica"],"jetpack_featured_media_url":"https:\/\/radiorevelacionfm.cl\/wp-content\/uploads\/2024\/06\/FOTO-REUNION-BECAS-CALISTO-1-1.jpeg","_links":{"self":[{"href":"https:\/\/radiorevelacionfm.cl\/index.php?rest_route=\/wp\/v2\/posts\/43101","targetHints":{"allow":["GET"]}}],"collection":[{"href":"https:\/\/radiorevelacionfm.cl\/index.php?rest_route=\/wp\/v2\/posts"}],"about":[{"href":"https:\/\/radiorevelacionfm.cl\/index.php?rest_route=\/wp\/v2\/types\/post"}],"author":[{"embeddable":true,"href":"https:\/\/radiorevelacionfm.cl\/index.php?rest_route=\/wp\/v2\/users\/1"}],"replies":[{"embeddable":true,"href":"https:\/\/radiorevelacionfm.cl\/index.php?rest_route=%2Fwp%2Fv2%2Fcomments&post=43101"}],"version-history":[{"count":1,"href":"https:\/\/radiorevelacionfm.cl\/index.php?rest_route=\/wp\/v2\/posts\/43101\/revisions"}],"predecessor-version":[{"id":43103,"href":"https:\/\/radiorevelacionfm.cl\/index.php?rest_route=\/wp\/v2\/posts\/43101\/revisions\/43103"}],"wp:featuredmedia":[{"embeddable":true,"href":"https:\/\/radiorevelacionfm.cl\/index.php?rest_route=\/wp\/v2\/media\/43102"}],"wp:attachment":[{"href":"https:\/\/radiorevelacionfm.cl\/index.php?rest_route=%2Fwp%2Fv2%2Fmedia&parent=43101"}],"wp:term":[{"taxonomy":"category","embeddable":true,"href":"https:\/\/radiorevelacionfm.cl\/index.php?rest_route=%2Fwp%2Fv2%2Fcategories&post=43101"},{"taxonomy":"post_tag","embeddable":true,"href":"https:\/\/radiorevelacionfm.cl\/index.php?rest_route=%2Fwp%2Fv2%2Ftags&post=43101"}],"curies":[{"name":"wp","href":"https:\/\/api.w.org\/{rel}","templated":true}]}}