{"id":43098,"date":"2024-06-11T16:19:14","date_gmt":"2024-06-11T19:19:14","guid":{"rendered":"https:\/\/radiorevelacionfm.cl\/?p=43098"},"modified":"2024-06-11T16:19:14","modified_gmt":"2024-06-11T19:19:14","slug":"alumnos-de-escuela-altamira-visitan-la-cchc-para-conocer-el-uso-de-la-tejuela-en-diseno-de-interiores","status":"publish","type":"post","link":"https:\/\/radiorevelacionfm.cl\/?p=43098","title":{"rendered":"Alumnos de escuela Altamira visitan la CChC para conocer el uso de la tejuela en dise\u00f1o de interiores"},"content":{"rendered":"<div class=\"flex_column av_one_full  flex_column_div av-zero-column-padding first  avia-builder-el-0  el_before_av_one_full  avia-builder-el-first  \" style='border-radius:0px; '><div  class='avia-image-container  av-styling-    avia-builder-el-1  avia-builder-el-no-sibling  avia-align-center '  itemprop=\"image\" itemscope=\"itemscope\" itemtype=\"https:\/\/schema.org\/ImageObject\"  ><div class='avia-image-container-inner'><div class='avia-image-overlay-wrap'><img decoding=\"async\" class='wp-image-43099 avia-img-lazy-loading-not-43099 avia_image' src=\"https:\/\/radiorevelacionfm.cl\/wp-content\/uploads\/2024\/06\/4-60-2_optimized.jpg\" alt='' title='4-(60)-(2)_optimized' height=\"600\" width=\"1285\"  itemprop=\"thumbnailUrl\" srcset=\"https:\/\/radiorevelacionfm.cl\/wp-content\/uploads\/2024\/06\/4-60-2_optimized.jpg 1285w, https:\/\/radiorevelacionfm.cl\/wp-content\/uploads\/2024\/06\/4-60-2_optimized-300x140.jpg 300w, https:\/\/radiorevelacionfm.cl\/wp-content\/uploads\/2024\/06\/4-60-2_optimized-1030x481.jpg 1030w, https:\/\/radiorevelacionfm.cl\/wp-content\/uploads\/2024\/06\/4-60-2_optimized-768x359.jpg 768w, https:\/\/radiorevelacionfm.cl\/wp-content\/uploads\/2024\/06\/4-60-2_optimized-705x329.jpg 705w, https:\/\/radiorevelacionfm.cl\/wp-content\/uploads\/2024\/06\/4-60-2_optimized-450x210.jpg 450w, https:\/\/radiorevelacionfm.cl\/wp-content\/uploads\/2024\/06\/4-60-2_optimized-600x280.jpg 600w\" sizes=\"(max-width: 1285px) 100vw, 1285px\" \/><\/div><\/div><\/div><\/div><div class=\"flex_column av_one_full  flex_column_div av-zero-column-padding first  avia-builder-el-2  el_after_av_one_full  el_before_av_one_full  column-top-margin\" style='border-radius:0px; '><section class=\"av_textblock_section \"  itemscope=\"itemscope\" itemtype=\"https:\/\/schema.org\/BlogPosting\" itemprop=\"blogPost\" ><div class='avia_textblock  '   itemprop=\"text\" ><p style=\"text-align: center;\"><strong><span style=\"font-size: 18pt;\">Alumnos de escuela Altamira visitan la CChC para conocer el uso de la tejuela en dise\u00f1o de interiores<\/span><\/strong><\/p>\n<div id=\"gtx-trans\" style=\"position: absolute; left: -50px; top: 4.31534px;\">\n<div class=\"gtx-trans-icon\"><\/div>\n<\/div>\n<\/div><\/section><\/div><div class=\"flex_column av_one_full  flex_column_div av-zero-column-padding first  avia-builder-el-4  el_after_av_one_full  el_before_av_hr  column-top-margin\" style='border-radius:0px; '><section class=\"av_textblock_section \"  itemscope=\"itemscope\" itemtype=\"https:\/\/schema.org\/BlogPosting\" itemprop=\"blogPost\" ><div class='avia_textblock  '   itemprop=\"text\" ><p style=\"text-align: justify;\">Hasta la C\u00e1mara Chilena de la Construcci\u00f3n\u00a0 de Coyhaique, lleg\u00f3 un grupo de alumnos de la escuela Altamira, con la finalidad de conocer el uso que se le da a la tejuela en el dise\u00f1o interior de las edificaciones.<\/p>\n<p style=\"text-align: justify;\">Los j\u00f3venes, integran el taller \u201cPortadores de Tradici\u00f3n\u201d, que se ejecuta en el establecimiento educacional con apoyo del Servicio del Patrimonio y que, en este caso, es dictado por el Tesoro Humano Vivo, y cultor de la regi\u00f3n de Ays\u00e9n, Carlos Castillo Levicoy.<\/p>\n<p style=\"text-align: justify;\">Durante la visita, los alumnos conversaron con el arquitecto Pedro Staudt, socio de la CChC y parte de la empresa Staud Arquitectura, quienes estuvieron a cargo del dise\u00f1o del edificio de la c\u00e1mara que se construy\u00f3 el a\u00f1o 2015, que cuenta con una de sus paredes, tanto en primer como segundo piso, con revestimiento de tejuela de lenga.<\/p>\n<p style=\"text-align: justify;\">El arquitecto cont\u00f3 a los atentos estudiantes, por qu\u00e9 se usa este elemento, sus caracter\u00edsticas y durabilidad en el tiempo, \u201cLas colocamos en el interior mayoritariamente, en algunas casas tambi\u00e9n afuera, pero nos gusta dentro, porque son bonitas de verlas, y obviamente que en interior tienen una duraci\u00f3n eterna\u201d, explic\u00f3 Pedro Staudt.<\/p>\n<p style=\"text-align: justify;\">Para los ni\u00f1os fue una buena experiencia, y principalmente rescataron el hecho de que esta tradici\u00f3n perdure en el tiempo \u201cMe gust\u00f3 mucho la experiencia de venir a ver las tejuelas en las paredes, me sorprendi\u00f3 mucho que las tejuelas se mantuvieran en buen estado\u201d, explic\u00f3 Sof\u00eda. Su opini\u00f3n fue compartida por Le\u00f3n, otro integrante del taller de Portadores de Tradici\u00f3n \u201cFue muy interesante, me gusta que haya gente que las coloque y que siga viv\u00eda esta pasi\u00f3n\u201d, explic\u00f3 el joven.<\/p>\n<p style=\"text-align: justify;\">El taller de la escuela Altamira, est\u00e1 a cargo de Carlos Castillo Levicoy, tejuelero artesanal y Tesoro Humano Vivo de la regi\u00f3n, quien explic\u00f3 parte de lo que se espera traspasar a los ni\u00f1os con estas actividades \u201cEstamos haciendo varias sesiones de trabajo para poder ense\u00f1arles y que conozcan el uso de la tejuela artesanal, su importancia en el contexto hist\u00f3rico de la regi\u00f3n y tambi\u00e9n el uso importante de la madera\u201d, detall\u00f3 el cultor.<\/p>\n<p style=\"text-align: justify;\">La visita de los alumnos de la escuela Altamira a la CChC Coyhaique, se efectu\u00f3 en contexto de la sesi\u00f3n N\u00b02 del taller, que contempl\u00f3 conocer otros espacios de la ciudad, como una vivienda particular que utiliza la tejuela en exterior y tambi\u00e9n el centro cultural de la capital regional.<\/p>\n<p style=\"text-align: justify;\"><strong>\u00a0<\/strong><\/p>\n<\/div><\/section><\/div><div  style='height:50px' class='hr hr-invisible   avia-builder-el-6  el_after_av_one_full  el_before_av_social_share '><span class='hr-inner ' ><span class='hr-inner-style'><\/span><\/span><\/div><\/p>\n<div  class='av-social-sharing-box  avia-builder-el-7  el_after_av_hr  el_before_av_hr  '><div class='av-share-box'><h5 class='av-share-link-description av-no-toc '>Compartir esta noticia<\/h5><ul class='av-share-box-list noLightbox'><li class='av-share-link av-social-link-facebook' ><a target=\"_blank\" aria-label=\"Compartir en Facebook\" href='https:\/\/www.facebook.com\/sharer.php?u=https:\/\/radiorevelacionfm.cl\/?p=43098&#038;t=Alumnos%20de%20escuela%20Altamira%20visitan%20la%20CChC%20para%20conocer%20el%20uso%20de%20la%20tejuela%20en%20dise%C3%B1o%20de%20interiores' aria-hidden='false' data-av_icon='\ue8f3' data-av_iconfont='entypo-fontello' title='' data-avia-related-tooltip='Compartir en Facebook' rel=\"noopener\"><span class='avia_hidden_link_text'>Compartir en Facebook<\/span><\/a><\/li><li class='av-share-link av-social-link-twitter' ><a target=\"_blank\" aria-label=\"Compartir en Twitter\" href='https:\/\/twitter.com\/share?text=Alumnos%20de%20escuela%20Altamira%20visitan%20la%20CChC%20para%20conocer%20el%20uso%20de%20la%20tejuela%20en%20dise%C3%B1o%20de%20interiores&#038;url=https:\/\/radiorevelacionfm.cl\/?p=43098' aria-hidden='false' data-av_icon='\ue8f1' data-av_iconfont='entypo-fontello' title='' data-avia-related-tooltip='Compartir en Twitter' rel=\"noopener\"><span class='avia_hidden_link_text'>Compartir en Twitter<\/span><\/a><\/li><li class='av-share-link av-social-link-whatsapp' ><a target=\"_blank\" aria-label=\"Compartir en Whatsapp\" href='https:\/\/api.whatsapp.com\/send?text=https:\/\/radiorevelacionfm.cl\/?p=43098' aria-hidden='false' data-av_icon='\uf232' data-av_iconfont='entypo-fontello' title='' data-avia-related-tooltip='Compartir en Whatsapp' rel=\"noopener\"><span class='avia_hidden_link_text'>Compartir en Whatsapp<\/span><\/a><\/li><li class='av-share-link av-social-link-linkedin' ><a target=\"_blank\" aria-label=\"Compartir en LinkedIn\" href='https:\/\/linkedin.com\/shareArticle?mini=true&#038;title=Alumnos%20de%20escuela%20Altamira%20visitan%20la%20CChC%20para%20conocer%20el%20uso%20de%20la%20tejuela%20en%20dise%C3%B1o%20de%20interiores&#038;url=https:\/\/radiorevelacionfm.cl\/?p=43098' aria-hidden='false' data-av_icon='\ue8fc' data-av_iconfont='entypo-fontello' title='' data-avia-related-tooltip='Compartir en LinkedIn' rel=\"noopener\"><span class='avia_hidden_link_text'>Compartir en LinkedIn<\/span><\/a><\/li><li class='av-share-link av-social-link-mail' ><a  aria-label=\"Compartir por correo\" href='mailto:?subject=Alumnos%20de%20escuela%20Altamira%20visitan%20la%20CChC%20para%20conocer%20el%20uso%20de%20la%20tejuela%20en%20dise%C3%B1o%20de%20interiores&#038;body=https:\/\/radiorevelacionfm.cl\/?p=43098' aria-hidden='false' data-av_icon='\ue805' data-av_iconfont='entypo-fontello' title='' data-avia-related-tooltip='Compartir por correo'><span class='avia_hidden_link_text'>Compartir por correo<\/span><\/a><\/li><\/ul><\/div><\/div>\n<div  style='height:50px' class='hr hr-invisible   avia-builder-el-8  el_after_av_social_share  el_before_av_comments_list '><span class='hr-inner ' ><span class='hr-inner-style'><\/span><\/span><\/div>\n<div  class='av-buildercomment  av-blog-meta-html-info-disabled av-blog-meta-tag-disabled  '><\/div>\n","protected":false},"excerpt":{"rendered":"","protected":false},"author":1,"featured_media":43099,"comment_status":"open","ping_status":"open","sticky":false,"template":"","format":"standard","meta":{"footnotes":""},"categories":[38],"tags":[],"class_list":["post-43098","post","type-post","status-publish","format-standard","has-post-thumbnail","hentry","category-regional"],"jetpack_featured_media_url":"https:\/\/radiorevelacionfm.cl\/wp-content\/uploads\/2024\/06\/4-60-2_optimized.jpg","_links":{"self":[{"href":"https:\/\/radiorevelacionfm.cl\/index.php?rest_route=\/wp\/v2\/posts\/43098","targetHints":{"allow":["GET"]}}],"collection":[{"href":"https:\/\/radiorevelacionfm.cl\/index.php?rest_route=\/wp\/v2\/posts"}],"about":[{"href":"https:\/\/radiorevelacionfm.cl\/index.php?rest_route=\/wp\/v2\/types\/post"}],"author":[{"embeddable":true,"href":"https:\/\/radiorevelacionfm.cl\/index.php?rest_route=\/wp\/v2\/users\/1"}],"replies":[{"embeddable":true,"href":"https:\/\/radiorevelacionfm.cl\/index.php?rest_route=%2Fwp%2Fv2%2Fcomments&post=43098"}],"version-history":[{"count":1,"href":"https:\/\/radiorevelacionfm.cl\/index.php?rest_route=\/wp\/v2\/posts\/43098\/revisions"}],"predecessor-version":[{"id":43100,"href":"https:\/\/radiorevelacionfm.cl\/index.php?rest_route=\/wp\/v2\/posts\/43098\/revisions\/43100"}],"wp:featuredmedia":[{"embeddable":true,"href":"https:\/\/radiorevelacionfm.cl\/index.php?rest_route=\/wp\/v2\/media\/43099"}],"wp:attachment":[{"href":"https:\/\/radiorevelacionfm.cl\/index.php?rest_route=%2Fwp%2Fv2%2Fmedia&parent=43098"}],"wp:term":[{"taxonomy":"category","embeddable":true,"href":"https:\/\/radiorevelacionfm.cl\/index.php?rest_route=%2Fwp%2Fv2%2Fcategories&post=43098"},{"taxonomy":"post_tag","embeddable":true,"href":"https:\/\/radiorevelacionfm.cl\/index.php?rest_route=%2Fwp%2Fv2%2Ftags&post=43098"}],"curies":[{"name":"wp","href":"https:\/\/api.w.org\/{rel}","templated":true}]}}