{"id":43095,"date":"2024-06-11T15:47:57","date_gmt":"2024-06-11T18:47:57","guid":{"rendered":"https:\/\/radiorevelacionfm.cl\/?p=43095"},"modified":"2024-06-11T15:47:57","modified_gmt":"2024-06-11T18:47:57","slug":"importante-transferencia-de-recursos-para-organizaciones-sociales-gobernadora-macias-firma-convenios-de-concurso-del-8-del-fndr","status":"publish","type":"post","link":"https:\/\/radiorevelacionfm.cl\/?p=43095","title":{"rendered":"Importante transferencia de recursos para organizaciones sociales: Gobernadora Mac\u00edas firma convenios de Concurso del 8% del FNDR"},"content":{"rendered":"<div class=\"flex_column av_one_full  flex_column_div av-zero-column-padding first  avia-builder-el-0  el_before_av_one_full  avia-builder-el-first  \" style='border-radius:0px; '><div  class='avia-image-container  av-styling-    avia-builder-el-1  avia-builder-el-no-sibling  avia-align-center '  itemprop=\"image\" itemscope=\"itemscope\" itemtype=\"https:\/\/schema.org\/ImageObject\"  ><div class='avia-image-container-inner'><div class='avia-image-overlay-wrap'><img decoding=\"async\" class='wp-image-43096 avia-img-lazy-loading-not-43096 avia_image' src=\"https:\/\/radiorevelacionfm.cl\/wp-content\/uploads\/2024\/06\/WhatsApp-Image-2024-06-10-at-9.43.11-PM-1-1-1.jpeg\" alt='' title='WhatsApp Image 2024-06-10 at 9.43.11 PM (1) (1) (1)' height=\"600\" width=\"992\"  itemprop=\"thumbnailUrl\" srcset=\"https:\/\/radiorevelacionfm.cl\/wp-content\/uploads\/2024\/06\/WhatsApp-Image-2024-06-10-at-9.43.11-PM-1-1-1.jpeg 992w, https:\/\/radiorevelacionfm.cl\/wp-content\/uploads\/2024\/06\/WhatsApp-Image-2024-06-10-at-9.43.11-PM-1-1-1-300x181.jpeg 300w, https:\/\/radiorevelacionfm.cl\/wp-content\/uploads\/2024\/06\/WhatsApp-Image-2024-06-10-at-9.43.11-PM-1-1-1-768x465.jpeg 768w, https:\/\/radiorevelacionfm.cl\/wp-content\/uploads\/2024\/06\/WhatsApp-Image-2024-06-10-at-9.43.11-PM-1-1-1-705x426.jpeg 705w, https:\/\/radiorevelacionfm.cl\/wp-content\/uploads\/2024\/06\/WhatsApp-Image-2024-06-10-at-9.43.11-PM-1-1-1-450x272.jpeg 450w, https:\/\/radiorevelacionfm.cl\/wp-content\/uploads\/2024\/06\/WhatsApp-Image-2024-06-10-at-9.43.11-PM-1-1-1-600x363.jpeg 600w\" sizes=\"(max-width: 992px) 100vw, 992px\" \/><\/div><\/div><\/div><\/div><div class=\"flex_column av_one_full  flex_column_div av-zero-column-padding first  avia-builder-el-2  el_after_av_one_full  el_before_av_one_full  column-top-margin\" style='border-radius:0px; '><section class=\"av_textblock_section \"  itemscope=\"itemscope\" itemtype=\"https:\/\/schema.org\/BlogPosting\" itemprop=\"blogPost\" ><div class='avia_textblock  '   itemprop=\"text\" ><p style=\"text-align: center;\"><strong><span style=\"font-size: 18pt;\">Importante transferencia de recursos para organizaciones sociales: Gobernadora Mac\u00edas firma convenios de Concurso del 8% del FNDR\u00a0<\/span><\/strong><\/p>\n<div id=\"gtx-trans\" style=\"position: absolute; left: -50px; top: 4.31534px;\">\n<div class=\"gtx-trans-icon\"><\/div>\n<\/div>\n<\/div><\/section><\/div><div class=\"flex_column av_one_full  flex_column_div av-zero-column-padding first  avia-builder-el-4  el_after_av_one_full  el_before_av_hr  column-top-margin\" style='border-radius:0px; '><section class=\"av_textblock_section \"  itemscope=\"itemscope\" itemtype=\"https:\/\/schema.org\/BlogPosting\" itemprop=\"blogPost\" ><div class='avia_textblock  '   itemprop=\"text\" ><p dir=\"ltr\" style=\"text-align: justify;\">Enfatizando la importancia de \u00abinversi\u00f3n en desarrollo humano\u00bb, la Gobernadora Regional de la Regi\u00f3n de Ays\u00e9n, Andrea Mac\u00edas Palma, encabez\u00f3 este lunes la firma de Convenios con cerca de 100 organizaciones sociales, principalmente de Coyhaique, que se adjudicaron financiamiento del 8% del Fondo Nacional de Desarrollo Regional (FNDR).<\/p>\n<p dir=\"ltr\" style=\"text-align: justify;\">Cabe recordar que el concurso del 8% es una l\u00ednea de financiamiento mediante la cual el Gobierno Regional de Ays\u00e9n transfiere recursos a organizaciones sociales en las 10 comunas de la regi\u00f3n, para proyectos en diversas \u00e1reas, como deportes, cultura, salud, medio ambiente y seguridad ciudadana.<\/p>\n<p dir=\"ltr\" style=\"text-align: justify;\">La primera autoridad regional se declar\u00f3 \u00ababsolutamente contenta, sobre todo por el reconocimiento que hacen las organizaciones de c\u00f3mo hemos ido evolucionando con este proceso, de c\u00f3mo se ha ido simplificando para las organizaciones pero adem\u00e1s c\u00f3mo cada vez se van incorporando nuevas l\u00edneas de financiamiento, nuevas iniciativas que tienen cabida en este 8% que es inversi\u00f3n en desarrollo humano\u00bb.<\/p>\n<p dir=\"ltr\" style=\"text-align: justify;\">Seg\u00fan la Gobernadora, este a\u00f1o se vieron muchas iniciativas para proyectos deportivos, pero tambi\u00e9n un foco particular en salud, salud mental y en el bienestar de personas mayores.<\/p>\n<p dir=\"ltr\" style=\"text-align: justify;\">De esto dio cuenta la presidenta de la Uni\u00f3n Comunal Pampas del Corral y de la Junta de Vecinos ACHEN, Ver\u00f3nica Leg\u00fce que a trav\u00e9s de ambas organizaciones sociales postul\u00f3 proyectos para brindar cenas solidarias y servicios odontol\u00f3gicos.<\/p>\n<p dir=\"ltr\" style=\"text-align: justify;\">\u00abNosotros el proyecto dental que sacamos como presidentes de las juntas de vecinos a sus vecinos y sus socios es super bueno porque falta atenci\u00f2n en los consultorios, sabemos que tambi\u00e9n en el hospital, las listas de espera son muchos, entonces por eso los dirigentes de las Juntas de Vecinos tratamos de postular a estos proyectos dentales\u00bb, detall\u00f3.<\/p>\n<p dir=\"ltr\" style=\"text-align: justify;\">Adem\u00e1s de los cientos de agrupaciones sociales, deportivas, culturales y territoriales, los municipios tambi\u00e9n apoyaron esta inyecci\u00f3n de recursos para proyectos dise\u00f1ados desde las propias organizaciones, de lo que dio cuenta el alcalde de R\u00edo Ib\u00e1\u00f1ez, Juan Saldivia.<\/p>\n<p dir=\"ltr\" style=\"text-align: justify;\">\u00abApoyamos a 13 iniciativas, 13 organizaciones que salieron favorecidas con el 8% por lo tanto en ese sentido valoramos much\u00edsimo la bajada de estos recursos. Son alrededor de 125 millones de pesos que llegan a la comuna y van a estar enfocados principalmente en lo que es programa de actividades de adultos mayores, atenci\u00f3n kinesiol\u00f3gica, podolog\u00eda, paseos, actividades deportivas como la copa del Lago, capacitaciones a emprendedores\u00bb, detall\u00f3 el edil.<\/p>\n<p dir=\"ltr\" style=\"text-align: justify;\">Desde el CORE, la consejera regional de la Provincia de Coyhaique, integrante de la Comisi\u00f3n de Desarrollo Social, Cultural y Deportivo, Marisol Mart\u00ednez S\u00e1nchez, se mostr\u00f3 \u00abmuy feliz de ser parte de este consejo regional que aprueba esta gran cantidad de proyectos para nuestros vecinos y vecinas, sus organizaciones de toda la regi\u00f3n\u00bb.<\/p>\n<p dir=\"ltr\" style=\"text-align: justify;\">\u00abHemos escuchado de las propias organizaciones de adultos mayores, agrupaciones deportivas, culturales, de mujeres, la gente est\u00e1 feliz y ellos a trav\u00e9s de sus palabras nos hacen saber lo importante que son estos recursos para sus actividades, sus proyectos, que de otra manera no se podr\u00edan realizar\u00bb, expuso la consejera.<\/p>\n<p dir=\"ltr\" style=\"text-align: justify;\">Este a\u00f1o el concurso del 8% del FNDR aprob\u00f3 los recursos para 522 proyectos, por un monto de m\u00e1s de 4.417 millones de pesos y destaca, dentro de las cifras, que grupos prioritarios como las personas mayores se vieron favorecidas en 148 iniciativas.<\/p>\n<\/div><\/section><\/div><div  style='height:50px' class='hr hr-invisible   avia-builder-el-6  el_after_av_one_full  el_before_av_social_share '><span class='hr-inner ' ><span class='hr-inner-style'><\/span><\/span><\/div><\/p>\n<div  class='av-social-sharing-box  avia-builder-el-7  el_after_av_hr  el_before_av_hr  '><div class='av-share-box'><h5 class='av-share-link-description av-no-toc '>Compartir esta noticia<\/h5><ul class='av-share-box-list noLightbox'><li class='av-share-link av-social-link-facebook' ><a target=\"_blank\" aria-label=\"Compartir en Facebook\" href='https:\/\/www.facebook.com\/sharer.php?u=https:\/\/radiorevelacionfm.cl\/?p=43095&#038;t=Importante%20transferencia%20de%20recursos%20para%20organizaciones%20sociales%3A%20Gobernadora%20Mac%C3%ADas%20firma%20convenios%20de%20Concurso%20del%208%25%20del%20FNDR' aria-hidden='false' data-av_icon='\ue8f3' data-av_iconfont='entypo-fontello' title='' data-avia-related-tooltip='Compartir en Facebook' rel=\"noopener\"><span class='avia_hidden_link_text'>Compartir en Facebook<\/span><\/a><\/li><li class='av-share-link av-social-link-twitter' ><a target=\"_blank\" aria-label=\"Compartir en Twitter\" href='https:\/\/twitter.com\/share?text=Importante%20transferencia%20de%20recursos%20para%20organizaciones%20sociales%3A%20Gobernadora%20Mac%C3%ADas%20firma%20convenios%20de%20Concurso%20del%208%25%20del%20FNDR&#038;url=https:\/\/radiorevelacionfm.cl\/?p=43095' aria-hidden='false' data-av_icon='\ue8f1' data-av_iconfont='entypo-fontello' title='' data-avia-related-tooltip='Compartir en Twitter' rel=\"noopener\"><span class='avia_hidden_link_text'>Compartir en Twitter<\/span><\/a><\/li><li class='av-share-link av-social-link-whatsapp' ><a target=\"_blank\" aria-label=\"Compartir en Whatsapp\" href='https:\/\/api.whatsapp.com\/send?text=https:\/\/radiorevelacionfm.cl\/?p=43095' aria-hidden='false' data-av_icon='\uf232' data-av_iconfont='entypo-fontello' title='' data-avia-related-tooltip='Compartir en Whatsapp' rel=\"noopener\"><span class='avia_hidden_link_text'>Compartir en Whatsapp<\/span><\/a><\/li><li class='av-share-link av-social-link-linkedin' ><a target=\"_blank\" aria-label=\"Compartir en LinkedIn\" href='https:\/\/linkedin.com\/shareArticle?mini=true&#038;title=Importante%20transferencia%20de%20recursos%20para%20organizaciones%20sociales%3A%20Gobernadora%20Mac%C3%ADas%20firma%20convenios%20de%20Concurso%20del%208%25%20del%20FNDR&#038;url=https:\/\/radiorevelacionfm.cl\/?p=43095' aria-hidden='false' data-av_icon='\ue8fc' data-av_iconfont='entypo-fontello' title='' data-avia-related-tooltip='Compartir en LinkedIn' rel=\"noopener\"><span class='avia_hidden_link_text'>Compartir en LinkedIn<\/span><\/a><\/li><li class='av-share-link av-social-link-mail' ><a  aria-label=\"Compartir por correo\" href='mailto:?subject=Importante%20transferencia%20de%20recursos%20para%20organizaciones%20sociales%3A%20Gobernadora%20Mac%C3%ADas%20firma%20convenios%20de%20Concurso%20del%208%25%20del%20FNDR&#038;body=https:\/\/radiorevelacionfm.cl\/?p=43095' aria-hidden='false' data-av_icon='\ue805' data-av_iconfont='entypo-fontello' title='' data-avia-related-tooltip='Compartir por correo'><span class='avia_hidden_link_text'>Compartir por correo<\/span><\/a><\/li><\/ul><\/div><\/div>\n<div  style='height:50px' class='hr hr-invisible   avia-builder-el-8  el_after_av_social_share  el_before_av_comments_list '><span class='hr-inner ' ><span class='hr-inner-style'><\/span><\/span><\/div>\n<div  class='av-buildercomment  av-blog-meta-html-info-disabled av-blog-meta-tag-disabled  '><\/div>\n","protected":false},"excerpt":{"rendered":"","protected":false},"author":1,"featured_media":43096,"comment_status":"open","ping_status":"open","sticky":false,"template":"","format":"standard","meta":{"footnotes":""},"categories":[38],"tags":[],"class_list":["post-43095","post","type-post","status-publish","format-standard","has-post-thumbnail","hentry","category-regional"],"jetpack_featured_media_url":"https:\/\/radiorevelacionfm.cl\/wp-content\/uploads\/2024\/06\/WhatsApp-Image-2024-06-10-at-9.43.11-PM-1-1-1.jpeg","_links":{"self":[{"href":"https:\/\/radiorevelacionfm.cl\/index.php?rest_route=\/wp\/v2\/posts\/43095","targetHints":{"allow":["GET"]}}],"collection":[{"href":"https:\/\/radiorevelacionfm.cl\/index.php?rest_route=\/wp\/v2\/posts"}],"about":[{"href":"https:\/\/radiorevelacionfm.cl\/index.php?rest_route=\/wp\/v2\/types\/post"}],"author":[{"embeddable":true,"href":"https:\/\/radiorevelacionfm.cl\/index.php?rest_route=\/wp\/v2\/users\/1"}],"replies":[{"embeddable":true,"href":"https:\/\/radiorevelacionfm.cl\/index.php?rest_route=%2Fwp%2Fv2%2Fcomments&post=43095"}],"version-history":[{"count":1,"href":"https:\/\/radiorevelacionfm.cl\/index.php?rest_route=\/wp\/v2\/posts\/43095\/revisions"}],"predecessor-version":[{"id":43097,"href":"https:\/\/radiorevelacionfm.cl\/index.php?rest_route=\/wp\/v2\/posts\/43095\/revisions\/43097"}],"wp:featuredmedia":[{"embeddable":true,"href":"https:\/\/radiorevelacionfm.cl\/index.php?rest_route=\/wp\/v2\/media\/43096"}],"wp:attachment":[{"href":"https:\/\/radiorevelacionfm.cl\/index.php?rest_route=%2Fwp%2Fv2%2Fmedia&parent=43095"}],"wp:term":[{"taxonomy":"category","embeddable":true,"href":"https:\/\/radiorevelacionfm.cl\/index.php?rest_route=%2Fwp%2Fv2%2Fcategories&post=43095"},{"taxonomy":"post_tag","embeddable":true,"href":"https:\/\/radiorevelacionfm.cl\/index.php?rest_route=%2Fwp%2Fv2%2Ftags&post=43095"}],"curies":[{"name":"wp","href":"https:\/\/api.w.org\/{rel}","templated":true}]}}