{"id":43092,"date":"2024-06-11T21:39:56","date_gmt":"2024-06-12T00:39:56","guid":{"rendered":"https:\/\/radiorevelacionfm.cl\/?p=43092"},"modified":"2024-06-11T21:39:56","modified_gmt":"2024-06-12T00:39:56","slug":"corporacion-chelenko-y-delegacion-provincial-general-carrera-conoce-desarrollo-de-primer-geoparque-en-chile","status":"publish","type":"post","link":"https:\/\/radiorevelacionfm.cl\/?p=43092","title":{"rendered":"Corporaci\u00f3n Chelenko y Delegaci\u00f3n Provincial General Carrera conoce desarrollo de primer Geoparque en Chile"},"content":{"rendered":"<div class=\"flex_column av_one_full  flex_column_div av-zero-column-padding first  avia-builder-el-0  el_before_av_one_full  avia-builder-el-first  \" style='border-radius:0px; '><div  class='avia-image-container  av-styling-    avia-builder-el-1  avia-builder-el-no-sibling  avia-align-center '  itemprop=\"image\" itemscope=\"itemscope\" itemtype=\"https:\/\/schema.org\/ImageObject\"  ><div class='avia-image-container-inner'><div class='avia-image-overlay-wrap'><img decoding=\"async\" class='wp-image-43093 avia-img-lazy-loading-not-43093 avia_image' src=\"https:\/\/radiorevelacionfm.cl\/wp-content\/uploads\/2024\/06\/whatsapp-image-2024-06-11-at-09_optimized.50.25-1.jpeg\" alt='' title='whatsapp-image-2024-06-11-at-09_optimized.50.25-(1)' height=\"600\" width=\"1196\"  itemprop=\"thumbnailUrl\" srcset=\"https:\/\/radiorevelacionfm.cl\/wp-content\/uploads\/2024\/06\/whatsapp-image-2024-06-11-at-09_optimized.50.25-1.jpeg 1196w, https:\/\/radiorevelacionfm.cl\/wp-content\/uploads\/2024\/06\/whatsapp-image-2024-06-11-at-09_optimized.50.25-1-300x151.jpeg 300w, https:\/\/radiorevelacionfm.cl\/wp-content\/uploads\/2024\/06\/whatsapp-image-2024-06-11-at-09_optimized.50.25-1-1030x517.jpeg 1030w, https:\/\/radiorevelacionfm.cl\/wp-content\/uploads\/2024\/06\/whatsapp-image-2024-06-11-at-09_optimized.50.25-1-768x385.jpeg 768w, https:\/\/radiorevelacionfm.cl\/wp-content\/uploads\/2024\/06\/whatsapp-image-2024-06-11-at-09_optimized.50.25-1-705x354.jpeg 705w, https:\/\/radiorevelacionfm.cl\/wp-content\/uploads\/2024\/06\/whatsapp-image-2024-06-11-at-09_optimized.50.25-1-450x226.jpeg 450w, https:\/\/radiorevelacionfm.cl\/wp-content\/uploads\/2024\/06\/whatsapp-image-2024-06-11-at-09_optimized.50.25-1-600x301.jpeg 600w\" sizes=\"(max-width: 1196px) 100vw, 1196px\" \/><\/div><\/div><\/div><\/div><div class=\"flex_column av_one_full  flex_column_div av-zero-column-padding first  avia-builder-el-2  el_after_av_one_full  el_before_av_one_full  column-top-margin\" style='border-radius:0px; '><section class=\"av_textblock_section \"  itemscope=\"itemscope\" itemtype=\"https:\/\/schema.org\/BlogPosting\" itemprop=\"blogPost\" ><div class='avia_textblock  '   itemprop=\"text\" ><p style=\"text-align: center;\"><span style=\"font-size: 18pt;\"><strong>Corporaci\u00f3n Chelenko y Delegaci\u00f3n Provincial General Carrera conoce desarrollo de primer Geoparque en Chile<\/strong><\/span><\/p>\n<div id=\"gtx-trans\" style=\"position: absolute; left: -50px; top: 4.31534px;\">\n<div class=\"gtx-trans-icon\"><\/div>\n<\/div>\n<\/div><\/section><\/div><div class=\"flex_column av_one_full  flex_column_div av-zero-column-padding first  avia-builder-el-4  el_after_av_one_full  el_before_av_hr  column-top-margin\" style='border-radius:0px; '><section class=\"av_textblock_section \"  itemscope=\"itemscope\" itemtype=\"https:\/\/schema.org\/BlogPosting\" itemprop=\"blogPost\" ><div class='avia_textblock  '   itemprop=\"text\" ><p style=\"text-align: justify;\"><em>En el marco del primer Encuentro Nacional de Gobernanzas Tur\u00edsticas desarrollado en Valdivia, la DPP de General Carrera, en conjunto a la Corporaci\u00f3n Chelenko, pudieron conocer el detalle del primer Geoparque de Chile: el K\u00fctralkura en La Araucan\u00eda, y c\u00f3mo el Proyecto Geoparque Chelenko puede aprender de su experiencia.<\/em><\/p>\n<p style=\"text-align: justify;\">En la capital de Los R\u00edos, se desarroll\u00f3 el primer Encuentro Nacional de Gobernanzas Tur\u00edsticas, desarrollado por la Subsecretar\u00eda de Turismo. Una instancia p\u00fablico-privada en que representantes de distintos puntos de Chile, e incluso Argentina, presentaban los proyectos tur\u00edsticos que estaban desarrollando en cada lugar, entre ellos el proyecto ZOIT Chelenko era dado a conocer al pa\u00eds como parte de un panel expositor.<\/p>\n<p style=\"text-align: justify;\">Esta importante actividad fue acompa\u00f1ada por el Delegado Presidencial Provincial de General Carrera, Crist\u00f3bal Barcel\u00f3 Veas, en la que se conoc\u00edan proyectos exitosos de todo Chile y c\u00f3mo elementos de esos proyectos eran replicables en lugares como la provincia de General Carrera.<\/p>\n<p style=\"text-align: justify;\">Sin embargo, uno de los principales objetivos de la visita era conocer el exitoso caso del primer geoparque chileno. Esto porque en General Carrera se est\u00e1 desarrollando el Proyecto Geoparque Chelenko que busca poner en valor m\u00e1s de 20 geositios de toda la cuenca lacustre, \u00a0respecto a ello la autoridad indic\u00f3 \u201chemos venido a ver y a poder conocer la experiencia de c\u00f3mo ha funcionado el geoparque en la regi\u00f3n de la Araucan\u00eda, ya que la provincia de General Carrera, hoy d\u00eda, est\u00e1 iniciando el trabajo del proyecto Geoparque Chelenko, con el cual esperamos ser el siguiente parque reconocido por la Unesco\u201d cerr\u00f3 Barcel\u00f3 Veas , representante la provincia donde se emplaza el geoparque aysenino.<\/p>\n<p style=\"text-align: justify;\">En esa misma l\u00ednea la presidenta de la Corporaci\u00f3n de Turismo Sustentable de la cuenca del Lago General Carrera &#8211; Patagonia Ays\u00e9n (Corporaci\u00f3n Chelenko), Jasmia Y\u00e1\u00f1ez, se\u00f1al\u00f3 sobre la posibilidad de conocer sobre el K\u00fctralkura de La Araucan\u00eda que \u201ccomo parte del equipo del dise\u00f1o Geoparque de Chelenko es una importante instancia de poder conocer su experiencia y poder aprender de ello. Replicar lo bueno, los aciertos y tambi\u00e9n aprender de esos desaf\u00edos y transformarlos tambi\u00e9n en nuestros propios desaf\u00edos como cuenca del lago General Carrera\u201d cerr\u00f3 de manera optimista y con la misma idea de ser el segundo geoparque chileno reconocido por la Unesco.<\/p>\n<p style=\"text-align: justify;\">Tras dos enriquecedoras jornadas en Valdivia se cerr\u00f3 el primer encuentro nacional de Gobernanzas Tur\u00edsticas. En paralelo el proyecto Geoparque Chelenko, lanzado este a\u00f1o, sigue creciendo, robusteci\u00e9ndose con miradas multisectoriales de cara a convertirse en el primer geoparque de la regi\u00f3n de Ays\u00e9n.<\/p>\n<\/div><\/section><\/div><div  style='height:50px' class='hr hr-invisible   avia-builder-el-6  el_after_av_one_full  el_before_av_social_share '><span class='hr-inner ' ><span class='hr-inner-style'><\/span><\/span><\/div><\/p>\n<div  class='av-social-sharing-box  avia-builder-el-7  el_after_av_hr  el_before_av_hr  '><div class='av-share-box'><h5 class='av-share-link-description av-no-toc '>Compartir esta noticia<\/h5><ul class='av-share-box-list noLightbox'><li class='av-share-link av-social-link-facebook' ><a target=\"_blank\" aria-label=\"Compartir en Facebook\" href='https:\/\/www.facebook.com\/sharer.php?u=https:\/\/radiorevelacionfm.cl\/?p=43092&#038;t=Corporaci%C3%B3n%20Chelenko%20y%20Delegaci%C3%B3n%20Provincial%20General%20Carrera%20conoce%20desarrollo%20de%20primer%20Geoparque%20en%20Chile' aria-hidden='false' data-av_icon='\ue8f3' data-av_iconfont='entypo-fontello' title='' data-avia-related-tooltip='Compartir en Facebook' rel=\"noopener\"><span class='avia_hidden_link_text'>Compartir en Facebook<\/span><\/a><\/li><li class='av-share-link av-social-link-twitter' ><a target=\"_blank\" aria-label=\"Compartir en Twitter\" href='https:\/\/twitter.com\/share?text=Corporaci%C3%B3n%20Chelenko%20y%20Delegaci%C3%B3n%20Provincial%20General%20Carrera%20conoce%20desarrollo%20de%20primer%20Geoparque%20en%20Chile&#038;url=https:\/\/radiorevelacionfm.cl\/?p=43092' aria-hidden='false' data-av_icon='\ue8f1' data-av_iconfont='entypo-fontello' title='' data-avia-related-tooltip='Compartir en Twitter' rel=\"noopener\"><span class='avia_hidden_link_text'>Compartir en Twitter<\/span><\/a><\/li><li class='av-share-link av-social-link-whatsapp' ><a target=\"_blank\" aria-label=\"Compartir en Whatsapp\" href='https:\/\/api.whatsapp.com\/send?text=https:\/\/radiorevelacionfm.cl\/?p=43092' aria-hidden='false' data-av_icon='\uf232' data-av_iconfont='entypo-fontello' title='' data-avia-related-tooltip='Compartir en Whatsapp' rel=\"noopener\"><span class='avia_hidden_link_text'>Compartir en Whatsapp<\/span><\/a><\/li><li class='av-share-link av-social-link-linkedin' ><a target=\"_blank\" aria-label=\"Compartir en LinkedIn\" href='https:\/\/linkedin.com\/shareArticle?mini=true&#038;title=Corporaci%C3%B3n%20Chelenko%20y%20Delegaci%C3%B3n%20Provincial%20General%20Carrera%20conoce%20desarrollo%20de%20primer%20Geoparque%20en%20Chile&#038;url=https:\/\/radiorevelacionfm.cl\/?p=43092' aria-hidden='false' data-av_icon='\ue8fc' data-av_iconfont='entypo-fontello' title='' data-avia-related-tooltip='Compartir en LinkedIn' rel=\"noopener\"><span class='avia_hidden_link_text'>Compartir en LinkedIn<\/span><\/a><\/li><li class='av-share-link av-social-link-mail' ><a  aria-label=\"Compartir por correo\" href='mailto:?subject=Corporaci%C3%B3n%20Chelenko%20y%20Delegaci%C3%B3n%20Provincial%20General%20Carrera%20conoce%20desarrollo%20de%20primer%20Geoparque%20en%20Chile&#038;body=https:\/\/radiorevelacionfm.cl\/?p=43092' aria-hidden='false' data-av_icon='\ue805' data-av_iconfont='entypo-fontello' title='' data-avia-related-tooltip='Compartir por correo'><span class='avia_hidden_link_text'>Compartir por correo<\/span><\/a><\/li><\/ul><\/div><\/div>\n<div  style='height:50px' class='hr hr-invisible   avia-builder-el-8  el_after_av_social_share  el_before_av_comments_list '><span class='hr-inner ' ><span class='hr-inner-style'><\/span><\/span><\/div>\n<div  class='av-buildercomment  av-blog-meta-html-info-disabled av-blog-meta-tag-disabled  '><\/div>\n","protected":false},"excerpt":{"rendered":"","protected":false},"author":1,"featured_media":43093,"comment_status":"open","ping_status":"open","sticky":false,"template":"","format":"standard","meta":{"footnotes":""},"categories":[54],"tags":[],"class_list":["post-43092","post","type-post","status-publish","format-standard","has-post-thumbnail","hentry","category-turismo"],"jetpack_featured_media_url":"https:\/\/radiorevelacionfm.cl\/wp-content\/uploads\/2024\/06\/whatsapp-image-2024-06-11-at-09_optimized.50.25-1.jpeg","_links":{"self":[{"href":"https:\/\/radiorevelacionfm.cl\/index.php?rest_route=\/wp\/v2\/posts\/43092","targetHints":{"allow":["GET"]}}],"collection":[{"href":"https:\/\/radiorevelacionfm.cl\/index.php?rest_route=\/wp\/v2\/posts"}],"about":[{"href":"https:\/\/radiorevelacionfm.cl\/index.php?rest_route=\/wp\/v2\/types\/post"}],"author":[{"embeddable":true,"href":"https:\/\/radiorevelacionfm.cl\/index.php?rest_route=\/wp\/v2\/users\/1"}],"replies":[{"embeddable":true,"href":"https:\/\/radiorevelacionfm.cl\/index.php?rest_route=%2Fwp%2Fv2%2Fcomments&post=43092"}],"version-history":[{"count":1,"href":"https:\/\/radiorevelacionfm.cl\/index.php?rest_route=\/wp\/v2\/posts\/43092\/revisions"}],"predecessor-version":[{"id":43094,"href":"https:\/\/radiorevelacionfm.cl\/index.php?rest_route=\/wp\/v2\/posts\/43092\/revisions\/43094"}],"wp:featuredmedia":[{"embeddable":true,"href":"https:\/\/radiorevelacionfm.cl\/index.php?rest_route=\/wp\/v2\/media\/43093"}],"wp:attachment":[{"href":"https:\/\/radiorevelacionfm.cl\/index.php?rest_route=%2Fwp%2Fv2%2Fmedia&parent=43092"}],"wp:term":[{"taxonomy":"category","embeddable":true,"href":"https:\/\/radiorevelacionfm.cl\/index.php?rest_route=%2Fwp%2Fv2%2Fcategories&post=43092"},{"taxonomy":"post_tag","embeddable":true,"href":"https:\/\/radiorevelacionfm.cl\/index.php?rest_route=%2Fwp%2Fv2%2Ftags&post=43092"}],"curies":[{"name":"wp","href":"https:\/\/api.w.org\/{rel}","templated":true}]}}