{"id":43089,"date":"2024-06-11T17:34:53","date_gmt":"2024-06-11T20:34:53","guid":{"rendered":"https:\/\/radiorevelacionfm.cl\/?p=43089"},"modified":"2024-06-11T17:34:53","modified_gmt":"2024-06-11T20:34:53","slug":"abren-convocatorias-de-apoyo-a-puntos-de-cultura-comunitaria-para-la-recuperacion-de-espacios-publicos","status":"publish","type":"post","link":"https:\/\/radiorevelacionfm.cl\/?p=43089","title":{"rendered":"Abren convocatorias de apoyo a Puntos de Cultura Comunitaria para la recuperaci\u00f3n de espacios p\u00fablicos"},"content":{"rendered":"<div class=\"flex_column av_one_full  flex_column_div av-zero-column-padding first  avia-builder-el-0  el_before_av_one_full  avia-builder-el-first  \" style='border-radius:0px; '><div  class='avia-image-container  av-styling-    avia-builder-el-1  avia-builder-el-no-sibling  avia-align-center '  itemprop=\"image\" itemscope=\"itemscope\" itemtype=\"https:\/\/schema.org\/ImageObject\"  ><div class='avia-image-container-inner'><div class='avia-image-overlay-wrap'><img decoding=\"async\" class='wp-image-43090 avia-img-lazy-loading-not-43090 avia_image' src=\"https:\/\/radiorevelacionfm.cl\/wp-content\/uploads\/2024\/06\/atelakoya1-1-1.jpg\" alt='' title='atelakoya1 (1) (1)' height=\"600\" width=\"985\"  itemprop=\"thumbnailUrl\" srcset=\"https:\/\/radiorevelacionfm.cl\/wp-content\/uploads\/2024\/06\/atelakoya1-1-1.jpg 985w, https:\/\/radiorevelacionfm.cl\/wp-content\/uploads\/2024\/06\/atelakoya1-1-1-300x183.jpg 300w, https:\/\/radiorevelacionfm.cl\/wp-content\/uploads\/2024\/06\/atelakoya1-1-1-768x468.jpg 768w, https:\/\/radiorevelacionfm.cl\/wp-content\/uploads\/2024\/06\/atelakoya1-1-1-705x429.jpg 705w, https:\/\/radiorevelacionfm.cl\/wp-content\/uploads\/2024\/06\/atelakoya1-1-1-450x274.jpg 450w, https:\/\/radiorevelacionfm.cl\/wp-content\/uploads\/2024\/06\/atelakoya1-1-1-600x365.jpg 600w\" sizes=\"(max-width: 985px) 100vw, 985px\" \/><\/div><\/div><\/div><\/div><div class=\"flex_column av_one_full  flex_column_div av-zero-column-padding first  avia-builder-el-2  el_after_av_one_full  el_before_av_one_full  column-top-margin\" style='border-radius:0px; '><section class=\"av_textblock_section \"  itemscope=\"itemscope\" itemtype=\"https:\/\/schema.org\/BlogPosting\" itemprop=\"blogPost\" ><div class='avia_textblock  '   itemprop=\"text\" ><p style=\"text-align: center;\"><strong><span style=\"font-size: 18pt;\">Abren convocatorias de apoyo a Puntos de Cultura Comunitaria para la recuperaci\u00f3n de espacios p\u00fablicos<\/span><\/strong><\/p>\n<div id=\"gtx-trans\" style=\"position: absolute; left: -50px; top: 4.31534px;\">\n<div class=\"gtx-trans-icon\"><\/div>\n<\/div>\n<\/div><\/section><\/div><div class=\"flex_column av_one_full  flex_column_div av-zero-column-padding first  avia-builder-el-4  el_after_av_one_full  el_before_av_hr  column-top-margin\" style='border-radius:0px; '><section class=\"av_textblock_section \"  itemscope=\"itemscope\" itemtype=\"https:\/\/schema.org\/BlogPosting\" itemprop=\"blogPost\" ><div class='avia_textblock  '   itemprop=\"text\" ><p style=\"text-align: justify;\">El Ministerio de las Culturas, las Artes y el Patrimonio, a trav\u00e9s del programa Puntos de Cultura Comunitaria del Departamento Ciudadan\u00eda Cultural, anuncia la apertura, desde este lunes 10, de dos Convocatorias de Apoyo a Puntos de Cultura Comunitaria para el a\u00f1o 2024.<\/p>\n<p style=\"text-align: justify;\">El llamado busca fortalecer el trabajo y gesti\u00f3n de redes entre distintos Puntos de Cultura y apoyar comunidades afectadas por cat\u00e1strofes clim\u00e1ticas u otras. Mediante estos procesos, se invita a todas las organizaciones validadas como Puntos de Cultura Comunitaria a participar en ambas l\u00edneas de financiamiento.<\/p>\n<p style=\"text-align: justify;\">El seremi de Culturas Ays\u00e9n, Felipe Quiroz, extendi\u00f3 la invitaci\u00f3n a todos los Puntos de Cultura Comunitaria de la Regi\u00f3n de Ays\u00e9n: \u201cQueremos fortalecer el trabajo en red y en colaboraci\u00f3n de tres Puntos de Cultura. Este tipo de iniciativas viene a generar redes y a fortalecer a las organizaciones de base comunitaria para que sean un actor clave la conformaci\u00f3n y construcci\u00f3n del tejido social en nuestro territorio\u201d.<\/p>\n<p style=\"text-align: justify;\"><strong>Apoyo a Planes de Articulaci\u00f3n<\/strong><\/p>\n<p style=\"text-align: justify;\">La primera es una convocatoria de Apoyo a Planes de Articulaci\u00f3n que busca respaldar la gesti\u00f3n de redes entre Puntos de Cultura. Las organizaciones reconocidas pueden acceder a un financiamiento entre 15 y 50 millones de pesos, dependiendo del tiempo de ejecuci\u00f3n y el n\u00famero de Puntos de Cultura involucrados.<\/p>\n<p style=\"text-align: justify;\">En este caso, se financiar\u00e1n Planes de Articulaci\u00f3n desarrollados por un grupo de a lo menos tres Puntos de Cultura Comunitaria, que respondan a las necesidades de una comunidad o barrio, que aporten a la recuperaci\u00f3n de espacios p\u00fablicos, a estrategias de convivencia e integraci\u00f3n social o de seguridad p\u00fablica, al reconocimiento y a la cohesi\u00f3n social, a partir de acciones art\u00edsticas, culturales y\/o patrimoniales. Esta convocatoria se encontrar\u00e1 abierta desde el 10 de junio hasta el viernes 30 de julio del 2024, hasta las 17:00 horas.<\/p>\n<p style=\"text-align: justify;\"><strong>Apoyo a comunidades o barrios afectados<\/strong><\/p>\n<p style=\"text-align: justify;\">La segunda es una convocatoria dirigida a Puntos de Cultura Comunitaria cuyas propuestas tengan como objetivo apoyar comunidades o barrios afectados por acciones adversas, como incendios, inundaciones, terremotos, temporales u otros, as\u00ed como por acciones de violencia e inseguridades, que afecten la seguridad p\u00fablica.<\/p>\n<p style=\"text-align: justify;\">La convocatoria financiar\u00e1 proyectos socioculturales, con montos de entre 5 y 30 millones de pesos, dependiendo del tiempo de ejecuci\u00f3n y n\u00famero de barrios o sectores beneficiados.<\/p>\n<p style=\"text-align: justify;\">Para Pamela C\u00e1rdenas, de la escuela de Danza Tribal Atelakoya, \u201ces superimportante esta conformaci\u00f3n de los Puntos de Cultura y que tengamos, adem\u00e1s, en la regi\u00f3n nueve de ellos distribuidos. Por ahora, ser\u00eda hermoso poder generar una itinerancia o un intercambio y postular de manera conjunta para obtener financiamiento que potencie a\u00fan m\u00e1s los planes de fortalecimiento que estamos sosteniendo de manera activa. Y sobre todo para activar el tejido comunitario y creativo\u201d.<\/p>\n<p style=\"text-align: justify;\">Esta convocatoria es mediante la modalidad de ventanilla abierta hasta que los recursos se agoten. Se consideran las siguientes fechas de corte para la recepci\u00f3n de proyectos: hasta las 17:00 horas del 20 de junio, del 24 de julio, del 23 de agosto, del 23 de septiembre y del 23 de octubre del 2024.<\/p>\n<p style=\"text-align: justify;\">Para participar en ambas convocatorias y obtener m\u00e1s informaci\u00f3n, ingrese al sitio web\u00a0<a href=\"https:\/\/puntos.cultura.gob.cl\/\">puntos.cultura.gob.cl<\/a><\/p>\n<\/div><\/section><\/div><div  style='height:50px' class='hr hr-invisible   avia-builder-el-6  el_after_av_one_full  el_before_av_social_share '><span class='hr-inner ' ><span class='hr-inner-style'><\/span><\/span><\/div><\/p>\n<div  class='av-social-sharing-box  avia-builder-el-7  el_after_av_hr  el_before_av_hr  '><div class='av-share-box'><h5 class='av-share-link-description av-no-toc '>Compartir esta noticia<\/h5><ul class='av-share-box-list noLightbox'><li class='av-share-link av-social-link-facebook' ><a target=\"_blank\" aria-label=\"Compartir en Facebook\" href='https:\/\/www.facebook.com\/sharer.php?u=https:\/\/radiorevelacionfm.cl\/?p=43089&#038;t=Abren%20convocatorias%20de%20apoyo%20a%20Puntos%20de%20Cultura%20Comunitaria%20para%20la%20recuperaci%C3%B3n%20de%20espacios%20p%C3%BAblicos' aria-hidden='false' data-av_icon='\ue8f3' data-av_iconfont='entypo-fontello' title='' data-avia-related-tooltip='Compartir en Facebook' rel=\"noopener\"><span class='avia_hidden_link_text'>Compartir en Facebook<\/span><\/a><\/li><li class='av-share-link av-social-link-twitter' ><a target=\"_blank\" aria-label=\"Compartir en Twitter\" href='https:\/\/twitter.com\/share?text=Abren%20convocatorias%20de%20apoyo%20a%20Puntos%20de%20Cultura%20Comunitaria%20para%20la%20recuperaci%C3%B3n%20de%20espacios%20p%C3%BAblicos&#038;url=https:\/\/radiorevelacionfm.cl\/?p=43089' aria-hidden='false' data-av_icon='\ue8f1' data-av_iconfont='entypo-fontello' title='' data-avia-related-tooltip='Compartir en Twitter' rel=\"noopener\"><span class='avia_hidden_link_text'>Compartir en Twitter<\/span><\/a><\/li><li class='av-share-link av-social-link-whatsapp' ><a target=\"_blank\" aria-label=\"Compartir en Whatsapp\" href='https:\/\/api.whatsapp.com\/send?text=https:\/\/radiorevelacionfm.cl\/?p=43089' aria-hidden='false' data-av_icon='\uf232' data-av_iconfont='entypo-fontello' title='' data-avia-related-tooltip='Compartir en Whatsapp' rel=\"noopener\"><span class='avia_hidden_link_text'>Compartir en Whatsapp<\/span><\/a><\/li><li class='av-share-link av-social-link-linkedin' ><a target=\"_blank\" aria-label=\"Compartir en LinkedIn\" href='https:\/\/linkedin.com\/shareArticle?mini=true&#038;title=Abren%20convocatorias%20de%20apoyo%20a%20Puntos%20de%20Cultura%20Comunitaria%20para%20la%20recuperaci%C3%B3n%20de%20espacios%20p%C3%BAblicos&#038;url=https:\/\/radiorevelacionfm.cl\/?p=43089' aria-hidden='false' data-av_icon='\ue8fc' data-av_iconfont='entypo-fontello' title='' data-avia-related-tooltip='Compartir en LinkedIn' rel=\"noopener\"><span class='avia_hidden_link_text'>Compartir en LinkedIn<\/span><\/a><\/li><li class='av-share-link av-social-link-mail' ><a  aria-label=\"Compartir por correo\" href='mailto:?subject=Abren%20convocatorias%20de%20apoyo%20a%20Puntos%20de%20Cultura%20Comunitaria%20para%20la%20recuperaci%C3%B3n%20de%20espacios%20p%C3%BAblicos&#038;body=https:\/\/radiorevelacionfm.cl\/?p=43089' aria-hidden='false' data-av_icon='\ue805' data-av_iconfont='entypo-fontello' title='' data-avia-related-tooltip='Compartir por correo'><span class='avia_hidden_link_text'>Compartir por correo<\/span><\/a><\/li><\/ul><\/div><\/div>\n<div  style='height:50px' class='hr hr-invisible   avia-builder-el-8  el_after_av_social_share  el_before_av_comments_list '><span class='hr-inner ' ><span class='hr-inner-style'><\/span><\/span><\/div>\n<div  class='av-buildercomment  av-blog-meta-html-info-disabled av-blog-meta-tag-disabled  '><\/div>\n","protected":false},"excerpt":{"rendered":"","protected":false},"author":1,"featured_media":43090,"comment_status":"open","ping_status":"open","sticky":false,"template":"","format":"standard","meta":{"footnotes":""},"categories":[52],"tags":[],"class_list":["post-43089","post","type-post","status-publish","format-standard","has-post-thumbnail","hentry","category-cultura"],"jetpack_featured_media_url":"https:\/\/radiorevelacionfm.cl\/wp-content\/uploads\/2024\/06\/atelakoya1-1-1.jpg","_links":{"self":[{"href":"https:\/\/radiorevelacionfm.cl\/index.php?rest_route=\/wp\/v2\/posts\/43089","targetHints":{"allow":["GET"]}}],"collection":[{"href":"https:\/\/radiorevelacionfm.cl\/index.php?rest_route=\/wp\/v2\/posts"}],"about":[{"href":"https:\/\/radiorevelacionfm.cl\/index.php?rest_route=\/wp\/v2\/types\/post"}],"author":[{"embeddable":true,"href":"https:\/\/radiorevelacionfm.cl\/index.php?rest_route=\/wp\/v2\/users\/1"}],"replies":[{"embeddable":true,"href":"https:\/\/radiorevelacionfm.cl\/index.php?rest_route=%2Fwp%2Fv2%2Fcomments&post=43089"}],"version-history":[{"count":1,"href":"https:\/\/radiorevelacionfm.cl\/index.php?rest_route=\/wp\/v2\/posts\/43089\/revisions"}],"predecessor-version":[{"id":43091,"href":"https:\/\/radiorevelacionfm.cl\/index.php?rest_route=\/wp\/v2\/posts\/43089\/revisions\/43091"}],"wp:featuredmedia":[{"embeddable":true,"href":"https:\/\/radiorevelacionfm.cl\/index.php?rest_route=\/wp\/v2\/media\/43090"}],"wp:attachment":[{"href":"https:\/\/radiorevelacionfm.cl\/index.php?rest_route=%2Fwp%2Fv2%2Fmedia&parent=43089"}],"wp:term":[{"taxonomy":"category","embeddable":true,"href":"https:\/\/radiorevelacionfm.cl\/index.php?rest_route=%2Fwp%2Fv2%2Fcategories&post=43089"},{"taxonomy":"post_tag","embeddable":true,"href":"https:\/\/radiorevelacionfm.cl\/index.php?rest_route=%2Fwp%2Fv2%2Ftags&post=43089"}],"curies":[{"name":"wp","href":"https:\/\/api.w.org\/{rel}","templated":true}]}}