{"id":43086,"date":"2024-06-11T13:13:25","date_gmt":"2024-06-11T16:13:25","guid":{"rendered":"https:\/\/radiorevelacionfm.cl\/?p=43086"},"modified":"2024-06-11T13:13:25","modified_gmt":"2024-06-11T16:13:25","slug":"ya-esta-en-marcha-la-ultima-etapa-del-censo-de-poblacion-y-vivienda-que-se-extendera-por-el-mes-de-junio","status":"publish","type":"post","link":"https:\/\/radiorevelacionfm.cl\/?p=43086","title":{"rendered":"Ya est\u00e1 en marcha la \u00faltima etapa del Censo de Poblaci\u00f3n y Vivienda, que se extender\u00e1 por el mes de junio"},"content":{"rendered":"<div class=\"flex_column av_one_full  flex_column_div av-zero-column-padding first  avia-builder-el-0  el_before_av_one_full  avia-builder-el-first  \" style='border-radius:0px; '><div  class='avia-image-container  av-styling-    avia-builder-el-1  avia-builder-el-no-sibling  avia-align-center '  itemprop=\"image\" itemscope=\"itemscope\" itemtype=\"https:\/\/schema.org\/ImageObject\"  ><div class='avia-image-container-inner'><div class='avia-image-overlay-wrap'><img decoding=\"async\" class='wp-image-43087 avia-img-lazy-loading-not-43087 avia_image' src=\"https:\/\/radiorevelacionfm.cl\/wp-content\/uploads\/2024\/06\/CENSO-2024-COYHAIQUE-1-1.jpg\" alt='' title='CENSO 2024 COYHAIQUE (1) (1)' height=\"600\" width=\"800\"  itemprop=\"thumbnailUrl\" srcset=\"https:\/\/radiorevelacionfm.cl\/wp-content\/uploads\/2024\/06\/CENSO-2024-COYHAIQUE-1-1.jpg 800w, https:\/\/radiorevelacionfm.cl\/wp-content\/uploads\/2024\/06\/CENSO-2024-COYHAIQUE-1-1-300x225.jpg 300w, https:\/\/radiorevelacionfm.cl\/wp-content\/uploads\/2024\/06\/CENSO-2024-COYHAIQUE-1-1-768x576.jpg 768w, https:\/\/radiorevelacionfm.cl\/wp-content\/uploads\/2024\/06\/CENSO-2024-COYHAIQUE-1-1-705x529.jpg 705w, https:\/\/radiorevelacionfm.cl\/wp-content\/uploads\/2024\/06\/CENSO-2024-COYHAIQUE-1-1-450x338.jpg 450w, https:\/\/radiorevelacionfm.cl\/wp-content\/uploads\/2024\/06\/CENSO-2024-COYHAIQUE-1-1-600x450.jpg 600w\" sizes=\"(max-width: 800px) 100vw, 800px\" \/><\/div><\/div><\/div><\/div><div class=\"flex_column av_one_full  flex_column_div av-zero-column-padding first  avia-builder-el-2  el_after_av_one_full  el_before_av_one_full  column-top-margin\" style='border-radius:0px; '><section class=\"av_textblock_section \"  itemscope=\"itemscope\" itemtype=\"https:\/\/schema.org\/BlogPosting\" itemprop=\"blogPost\" ><div class='avia_textblock  '   itemprop=\"text\" ><p style=\"text-align: center;\"><strong><span style=\"font-size: 18pt;\">Ya est\u00e1 en marcha la \u00faltima etapa del Censo de Poblaci\u00f3n y Vivienda, que se extender\u00e1 por el mes de junio<\/span><\/strong><\/p>\n<div id=\"gtx-trans\" style=\"position: absolute; left: -50px; top: 4.31534px;\">\n<div class=\"gtx-trans-icon\"><\/div>\n<\/div>\n<\/div><\/section><\/div><div class=\"flex_column av_one_full  flex_column_div av-zero-column-padding first  avia-builder-el-4  el_after_av_one_full  el_before_av_hr  column-top-margin\" style='border-radius:0px; '><section class=\"av_textblock_section \"  itemscope=\"itemscope\" itemtype=\"https:\/\/schema.org\/BlogPosting\" itemprop=\"blogPost\" ><div class='avia_textblock  '   itemprop=\"text\" ><p style=\"text-align: justify;\"><em>Hasta la fecha, la ciudadan\u00eda ha mostrado un gran esp\u00edritu c\u00edvico y ciudadano, recibiendo a las y los censistas y respondiendo el Censo en todo nuestro territorio.<\/em><\/p>\n<p style=\"text-align: justify;\">Mediante el Censo de Poblaci\u00f3n y Vivienda\u00a0que se ha estado desarrollando, podremos saber\u00a0\u201ccu\u00e1ntos somos\u201d y \u201cd\u00f3nde vivimos\u201d. Las respuestas a estas preguntas ofrecer\u00e1n un\u00a0perfil num\u00e9rico de la naci\u00f3n\u00a0que es, en todos los niveles: vivienda, hogares y personas; condici\u00f3n fundamental para la toma de decisiones en el sector p\u00fablico y privado. El proceso ha contado con un gran esp\u00edritu c\u00edvico por parte de la ciudadan\u00eda, a lo largo de todo el pa\u00eds y en especial en nuestra regi\u00f3n, donde el avance del proceso evidencia un excelente desempe\u00f1o de la estrategia propuesta para la recolecci\u00f3n de datos, como as\u00ed tambi\u00e9n la aplicaci\u00f3n de los instrumentos censales.<\/p>\n<p style=\"text-align: justify;\"><em>\u201cEl llamado es a no quedarse fuera de este operativo, respondiendo de manera presencial o en l\u00ednea. <\/em><em>Si por diferentes motivos la ciudadan\u00eda no ha sido censada, hemos dispuesto el fono 1525 para tener acceso al Censo en L\u00ednea. Esta modalidad complementaria a la presencial, ha sido dispuesta por el INE para que las personas que no han sido censadas puedan llamar a nuestro Fono Censo 1525, donde un equipo les proporcionar\u00e1 acceso para responder el Censo en L\u00ednea. Lo importante de esta etapa es que todas y todos los habitantes de nuestro pa\u00eds puedan ser censados.\u201d Coment\u00f3 el Seremi de Econom\u00eda<\/em>; Felipe Rojas Pizarro.<\/p>\n<p style=\"text-align: justify;\">Sobre el funcionamiento del Fono Censo 1525, el Director Regional del INE; Danilo Pavez explic\u00f3 que el fono Censo 1525, est\u00e1 disponible de lunes a domingo desde las 09:00 \u2013 21:00 horas, donde un equipo entregar\u00e1 todos los pasos a seguir para realizar el Censo en l\u00ednea.<em> \u201cEn este paso, es importante considerar que al contestar el cuestionario censal se debe incluir\u00a0 a todos los residentes habituales de su vivienda, desde los reci\u00e9n nacidos hasta las personas mayores\u201d. Puntualiz\u00f3 el director. <\/em><\/p>\n<p style=\"text-align: justify;\">El cuestionario censal est\u00e1 compuesto por 50 preguntas y las respuestas que la ciudadan\u00eda entrega, est\u00e1n protegidas por la ley que establece el Secreto Estad\u00edstico, por tanto solo ser\u00e1n utilizadas con el fin de generar los insumos necesarios para la creaci\u00f3n de m\u00e1s y mejores pol\u00edticas p\u00fablicas. La recolecci\u00f3n de datos se realizar\u00e1 todo el mes de \u00a0Junio de 2024.<\/p>\n<\/div><\/section><\/div><div  style='height:50px' class='hr hr-invisible   avia-builder-el-6  el_after_av_one_full  el_before_av_social_share '><span class='hr-inner ' ><span class='hr-inner-style'><\/span><\/span><\/div><\/p>\n<div  class='av-social-sharing-box  avia-builder-el-7  el_after_av_hr  el_before_av_hr  '><div class='av-share-box'><h5 class='av-share-link-description av-no-toc '>Compartir esta noticia<\/h5><ul class='av-share-box-list noLightbox'><li class='av-share-link av-social-link-facebook' ><a target=\"_blank\" aria-label=\"Compartir en Facebook\" href='https:\/\/www.facebook.com\/sharer.php?u=https:\/\/radiorevelacionfm.cl\/?p=43086&#038;t=Ya%20est%C3%A1%20en%20marcha%20la%20%C3%BAltima%20etapa%20del%20Censo%20de%20Poblaci%C3%B3n%20y%20Vivienda%2C%20que%20se%20extender%C3%A1%20por%20el%20mes%20de%20junio' aria-hidden='false' data-av_icon='\ue8f3' data-av_iconfont='entypo-fontello' title='' data-avia-related-tooltip='Compartir en Facebook' rel=\"noopener\"><span class='avia_hidden_link_text'>Compartir en Facebook<\/span><\/a><\/li><li class='av-share-link av-social-link-twitter' ><a target=\"_blank\" aria-label=\"Compartir en Twitter\" href='https:\/\/twitter.com\/share?text=Ya%20est%C3%A1%20en%20marcha%20la%20%C3%BAltima%20etapa%20del%20Censo%20de%20Poblaci%C3%B3n%20y%20Vivienda%2C%20que%20se%20extender%C3%A1%20por%20el%20mes%20de%20junio&#038;url=https:\/\/radiorevelacionfm.cl\/?p=43086' aria-hidden='false' data-av_icon='\ue8f1' data-av_iconfont='entypo-fontello' title='' data-avia-related-tooltip='Compartir en Twitter' rel=\"noopener\"><span class='avia_hidden_link_text'>Compartir en Twitter<\/span><\/a><\/li><li class='av-share-link av-social-link-whatsapp' ><a target=\"_blank\" aria-label=\"Compartir en Whatsapp\" href='https:\/\/api.whatsapp.com\/send?text=https:\/\/radiorevelacionfm.cl\/?p=43086' aria-hidden='false' data-av_icon='\uf232' data-av_iconfont='entypo-fontello' title='' data-avia-related-tooltip='Compartir en Whatsapp' rel=\"noopener\"><span class='avia_hidden_link_text'>Compartir en Whatsapp<\/span><\/a><\/li><li class='av-share-link av-social-link-linkedin' ><a target=\"_blank\" aria-label=\"Compartir en LinkedIn\" href='https:\/\/linkedin.com\/shareArticle?mini=true&#038;title=Ya%20est%C3%A1%20en%20marcha%20la%20%C3%BAltima%20etapa%20del%20Censo%20de%20Poblaci%C3%B3n%20y%20Vivienda%2C%20que%20se%20extender%C3%A1%20por%20el%20mes%20de%20junio&#038;url=https:\/\/radiorevelacionfm.cl\/?p=43086' aria-hidden='false' data-av_icon='\ue8fc' data-av_iconfont='entypo-fontello' title='' data-avia-related-tooltip='Compartir en LinkedIn' rel=\"noopener\"><span class='avia_hidden_link_text'>Compartir en LinkedIn<\/span><\/a><\/li><li class='av-share-link av-social-link-mail' ><a  aria-label=\"Compartir por correo\" href='mailto:?subject=Ya%20est%C3%A1%20en%20marcha%20la%20%C3%BAltima%20etapa%20del%20Censo%20de%20Poblaci%C3%B3n%20y%20Vivienda%2C%20que%20se%20extender%C3%A1%20por%20el%20mes%20de%20junio&#038;body=https:\/\/radiorevelacionfm.cl\/?p=43086' aria-hidden='false' data-av_icon='\ue805' data-av_iconfont='entypo-fontello' title='' data-avia-related-tooltip='Compartir por correo'><span class='avia_hidden_link_text'>Compartir por correo<\/span><\/a><\/li><\/ul><\/div><\/div>\n<div  style='height:50px' class='hr hr-invisible   avia-builder-el-8  el_after_av_social_share  el_before_av_comments_list '><span class='hr-inner ' ><span class='hr-inner-style'><\/span><\/span><\/div>\n<div  class='av-buildercomment  av-blog-meta-html-info-disabled av-blog-meta-tag-disabled  '><\/div>\n","protected":false},"excerpt":{"rendered":"","protected":false},"author":1,"featured_media":43087,"comment_status":"open","ping_status":"open","sticky":false,"template":"","format":"standard","meta":{"footnotes":""},"categories":[38],"tags":[],"class_list":["post-43086","post","type-post","status-publish","format-standard","has-post-thumbnail","hentry","category-regional"],"jetpack_featured_media_url":"https:\/\/radiorevelacionfm.cl\/wp-content\/uploads\/2024\/06\/CENSO-2024-COYHAIQUE-1-1.jpg","_links":{"self":[{"href":"https:\/\/radiorevelacionfm.cl\/index.php?rest_route=\/wp\/v2\/posts\/43086","targetHints":{"allow":["GET"]}}],"collection":[{"href":"https:\/\/radiorevelacionfm.cl\/index.php?rest_route=\/wp\/v2\/posts"}],"about":[{"href":"https:\/\/radiorevelacionfm.cl\/index.php?rest_route=\/wp\/v2\/types\/post"}],"author":[{"embeddable":true,"href":"https:\/\/radiorevelacionfm.cl\/index.php?rest_route=\/wp\/v2\/users\/1"}],"replies":[{"embeddable":true,"href":"https:\/\/radiorevelacionfm.cl\/index.php?rest_route=%2Fwp%2Fv2%2Fcomments&post=43086"}],"version-history":[{"count":1,"href":"https:\/\/radiorevelacionfm.cl\/index.php?rest_route=\/wp\/v2\/posts\/43086\/revisions"}],"predecessor-version":[{"id":43088,"href":"https:\/\/radiorevelacionfm.cl\/index.php?rest_route=\/wp\/v2\/posts\/43086\/revisions\/43088"}],"wp:featuredmedia":[{"embeddable":true,"href":"https:\/\/radiorevelacionfm.cl\/index.php?rest_route=\/wp\/v2\/media\/43087"}],"wp:attachment":[{"href":"https:\/\/radiorevelacionfm.cl\/index.php?rest_route=%2Fwp%2Fv2%2Fmedia&parent=43086"}],"wp:term":[{"taxonomy":"category","embeddable":true,"href":"https:\/\/radiorevelacionfm.cl\/index.php?rest_route=%2Fwp%2Fv2%2Fcategories&post=43086"},{"taxonomy":"post_tag","embeddable":true,"href":"https:\/\/radiorevelacionfm.cl\/index.php?rest_route=%2Fwp%2Fv2%2Ftags&post=43086"}],"curies":[{"name":"wp","href":"https:\/\/api.w.org\/{rel}","templated":true}]}}