{"id":43083,"date":"2024-06-11T12:28:11","date_gmt":"2024-06-11T15:28:11","guid":{"rendered":"https:\/\/radiorevelacionfm.cl\/?p=43083"},"modified":"2024-06-11T12:28:11","modified_gmt":"2024-06-11T15:28:11","slug":"a-g-feria-libre-de-aysen-potencia-su-funcionamiento-y-capacidades-con-el-fosis","status":"publish","type":"post","link":"https:\/\/radiorevelacionfm.cl\/?p=43083","title":{"rendered":"A.G. Feria Libre de Ays\u00e9n potencia su funcionamiento y capacidades con el FOSIS"},"content":{"rendered":"<div class=\"flex_column av_one_full  flex_column_div av-zero-column-padding first  avia-builder-el-0  el_before_av_one_full  avia-builder-el-first  \" style='border-radius:0px; '><div  class='avia-image-container  av-styling-    avia-builder-el-1  avia-builder-el-no-sibling  avia-align-center '  itemprop=\"image\" itemscope=\"itemscope\" itemtype=\"https:\/\/schema.org\/ImageObject\"  ><div class='avia-image-container-inner'><div class='avia-image-overlay-wrap'><img decoding=\"async\" class='wp-image-43084 avia-img-lazy-loading-not-43084 avia_image' src=\"https:\/\/radiorevelacionfm.cl\/wp-content\/uploads\/2024\/06\/1-EGA-Feria-Libre-Aysen-1-1.jpeg\" alt='' title='1 EGA Feria Libre Ays\u00e9n (1) (1)' height=\"600\" width=\"1067\"  itemprop=\"thumbnailUrl\" srcset=\"https:\/\/radiorevelacionfm.cl\/wp-content\/uploads\/2024\/06\/1-EGA-Feria-Libre-Aysen-1-1.jpeg 1067w, https:\/\/radiorevelacionfm.cl\/wp-content\/uploads\/2024\/06\/1-EGA-Feria-Libre-Aysen-1-1-300x169.jpeg 300w, https:\/\/radiorevelacionfm.cl\/wp-content\/uploads\/2024\/06\/1-EGA-Feria-Libre-Aysen-1-1-1030x579.jpeg 1030w, https:\/\/radiorevelacionfm.cl\/wp-content\/uploads\/2024\/06\/1-EGA-Feria-Libre-Aysen-1-1-768x432.jpeg 768w, https:\/\/radiorevelacionfm.cl\/wp-content\/uploads\/2024\/06\/1-EGA-Feria-Libre-Aysen-1-1-705x396.jpeg 705w, https:\/\/radiorevelacionfm.cl\/wp-content\/uploads\/2024\/06\/1-EGA-Feria-Libre-Aysen-1-1-450x253.jpeg 450w, https:\/\/radiorevelacionfm.cl\/wp-content\/uploads\/2024\/06\/1-EGA-Feria-Libre-Aysen-1-1-600x337.jpeg 600w\" sizes=\"(max-width: 1067px) 100vw, 1067px\" \/><\/div><\/div><\/div><\/div><div class=\"flex_column av_one_full  flex_column_div av-zero-column-padding first  avia-builder-el-2  el_after_av_one_full  el_before_av_one_full  column-top-margin\" style='border-radius:0px; '><section class=\"av_textblock_section \"  itemscope=\"itemscope\" itemtype=\"https:\/\/schema.org\/BlogPosting\" itemprop=\"blogPost\" ><div class='avia_textblock  '   itemprop=\"text\" ><p style=\"text-align: center;\"><span style=\"font-size: 18pt;\"><strong>A.G. Feria Libre de Ays\u00e9n potencia su funcionamiento y capacidades con el FOSIS<\/strong><\/span><\/p>\n<div id=\"gtx-trans\" style=\"position: absolute; left: -50px; top: 4.31534px;\">\n<div class=\"gtx-trans-icon\"><\/div>\n<\/div>\n<\/div><\/section><\/div><div class=\"flex_column av_one_full  flex_column_div av-zero-column-padding first  avia-builder-el-4  el_after_av_one_full  el_before_av_hr  column-top-margin\" style='border-radius:0px; '><section class=\"av_textblock_section \"  itemscope=\"itemscope\" itemtype=\"https:\/\/schema.org\/BlogPosting\" itemprop=\"blogPost\" ><div class='avia_textblock  '   itemprop=\"text\" ><p style=\"text-align: justify;\"><em>El proyecto financiado gracias al programa Emprendamos Grupal permiti\u00f3 capacitar a integrantes de esta organizaci\u00f3n productiva, junto con adquirir mobiliario y equipamiento tecnol\u00f3gico.<\/em><\/p>\n<p style=\"text-align: justify;\">La iniciativa denominada \u201cImplementaci\u00f3n de equipos tecnol\u00f3gicos, mobiliario, aprendizaje, t\u00e9cnicas en ventas, marketing y arreglo de espacio\u201d, fue ejecutada por la Asociaci\u00f3n Gremial Feria Libre de Ays\u00e9n y financiada gracias al programa Emprendamos Grupal del Fondo de Solidaridad e Inversi\u00f3n Social, FOSIS.<\/p>\n<p style=\"text-align: justify;\">El financiamiento de este proyecto hizo posible la adquisici\u00f3n de mobiliario para su espacio de venta, equipos tecnol\u00f3gicos de seguridad y entretenci\u00f3n, insumos para mejoramiento de espacios de venta, comunicaci\u00f3n y difusi\u00f3n de las diversas actividades que la organizaci\u00f3n realiza. Los y las integrantes recibieron capacitaci\u00f3n en habilidades transversales para la gesti\u00f3n de negocios, la cual incluy\u00f3 talleres en herramientas de marketing digital, atenci\u00f3n al cliente, vitrinaje y asociatividad.<\/p>\n<p style=\"text-align: justify;\">Damaris Henr\u00edquez, Presidenta de la A.G. Feria Libre de Ays\u00e9n, destac\u00f3 que \u201ccompramos mesas y sillas para las actividades. Compramos dos televisores plasma para habilitar c\u00e1maras para resguardarnos de robos o cualquier cosa que pase, para tener evidencia. Adquirimos equipos musicales, pintura, una estufa a gas para el exterior que nos sirve para nuestras reuniones. Ha sido muy positivo, hemos tenido un apoyo incondicional y siempre constante. Este proyecto nos facilita muchos aspectos y nos sirve para nuestra administraci\u00f3n\u201d.<\/p>\n<p style=\"text-align: justify;\">La Directora Regional del FOSIS en Ays\u00e9n, Fernanda Leiva, asegur\u00f3 que \u201cestamos muy contentos porque con este proyecto cerramos el periodo de ejecuci\u00f3n 2023-2024 del programa, con esta agrupaci\u00f3n muy tradicional de Puerto Ays\u00e9n, con mucha historia y una cantidad importante de socios y socias que se vieron beneficiados con los recursos y capacitaciones que pudieron ejecutarse a trav\u00e9s de este proyecto. Vamos a seguir acompa\u00f1\u00e1ndolos y viendo qu\u00e9 nuevos desaf\u00edos van a emprender. Estamos muy contentos del provecho y todo lo que pudieron obtener para el beneficio de sus integrantes y de la organizaci\u00f3n en general\u201d.<\/p>\n<p style=\"text-align: justify;\">Jorge D\u00edaz, Delegado Presidencial Provincial de Ays\u00e9n, expres\u00f3 que \u201cson personas emprendedoras, de trabajo, que tienen sue\u00f1os y por lo tanto este apoyo del FOSIS para autogestionar este proyecto que les permiti\u00f3 mejorar sus condiciones de trabajo y el espacio que ocupan es muy relevante para la labor que ellas realizan. Estas herramientas de fomento del estado hay que irlas explorando para que cada una de estas personas pueda seguir avanzando en su desarrollo y en sus proyectos comerciales. Para nosotros como Gobierno el trabajo en sociedad y en comunidad es muy importante, sobre todo en regiones como la nuestra\u201d.<\/p>\n<p style=\"text-align: justify;\">El programa Emprendamos Grupal permite que organizaciones productivas desarrollen actividades econ\u00f3micas y mejoren las condiciones de producci\u00f3n de sus negocios, fortaleciendo capacidades personales y de las organizaciones, lazos de asociatividad y acceso a redes; con el fin de aumentar sus ingresos y fomentar su autonom\u00eda econ\u00f3mica.<\/p>\n<\/div><\/section><\/div><div  style='height:50px' class='hr hr-invisible   avia-builder-el-6  el_after_av_one_full  el_before_av_social_share '><span class='hr-inner ' ><span class='hr-inner-style'><\/span><\/span><\/div><\/p>\n<div  class='av-social-sharing-box  avia-builder-el-7  el_after_av_hr  el_before_av_hr  '><div class='av-share-box'><h5 class='av-share-link-description av-no-toc '>Compartir esta noticia<\/h5><ul class='av-share-box-list noLightbox'><li class='av-share-link av-social-link-facebook' ><a target=\"_blank\" aria-label=\"Compartir en Facebook\" href='https:\/\/www.facebook.com\/sharer.php?u=https:\/\/radiorevelacionfm.cl\/?p=43083&#038;t=A.G.%20Feria%20Libre%20de%20Ays%C3%A9n%20potencia%20su%20funcionamiento%20y%20capacidades%20con%20el%20FOSIS' aria-hidden='false' data-av_icon='\ue8f3' data-av_iconfont='entypo-fontello' title='' data-avia-related-tooltip='Compartir en Facebook' rel=\"noopener\"><span class='avia_hidden_link_text'>Compartir en Facebook<\/span><\/a><\/li><li class='av-share-link av-social-link-twitter' ><a target=\"_blank\" aria-label=\"Compartir en Twitter\" href='https:\/\/twitter.com\/share?text=A.G.%20Feria%20Libre%20de%20Ays%C3%A9n%20potencia%20su%20funcionamiento%20y%20capacidades%20con%20el%20FOSIS&#038;url=https:\/\/radiorevelacionfm.cl\/?p=43083' aria-hidden='false' data-av_icon='\ue8f1' data-av_iconfont='entypo-fontello' title='' data-avia-related-tooltip='Compartir en Twitter' rel=\"noopener\"><span class='avia_hidden_link_text'>Compartir en Twitter<\/span><\/a><\/li><li class='av-share-link av-social-link-whatsapp' ><a target=\"_blank\" aria-label=\"Compartir en Whatsapp\" href='https:\/\/api.whatsapp.com\/send?text=https:\/\/radiorevelacionfm.cl\/?p=43083' aria-hidden='false' data-av_icon='\uf232' data-av_iconfont='entypo-fontello' title='' data-avia-related-tooltip='Compartir en Whatsapp' rel=\"noopener\"><span class='avia_hidden_link_text'>Compartir en Whatsapp<\/span><\/a><\/li><li class='av-share-link av-social-link-linkedin' ><a target=\"_blank\" aria-label=\"Compartir en LinkedIn\" href='https:\/\/linkedin.com\/shareArticle?mini=true&#038;title=A.G.%20Feria%20Libre%20de%20Ays%C3%A9n%20potencia%20su%20funcionamiento%20y%20capacidades%20con%20el%20FOSIS&#038;url=https:\/\/radiorevelacionfm.cl\/?p=43083' aria-hidden='false' data-av_icon='\ue8fc' data-av_iconfont='entypo-fontello' title='' data-avia-related-tooltip='Compartir en LinkedIn' rel=\"noopener\"><span class='avia_hidden_link_text'>Compartir en LinkedIn<\/span><\/a><\/li><li class='av-share-link av-social-link-mail' ><a  aria-label=\"Compartir por correo\" href='mailto:?subject=A.G.%20Feria%20Libre%20de%20Ays%C3%A9n%20potencia%20su%20funcionamiento%20y%20capacidades%20con%20el%20FOSIS&#038;body=https:\/\/radiorevelacionfm.cl\/?p=43083' aria-hidden='false' data-av_icon='\ue805' data-av_iconfont='entypo-fontello' title='' data-avia-related-tooltip='Compartir por correo'><span class='avia_hidden_link_text'>Compartir por correo<\/span><\/a><\/li><\/ul><\/div><\/div>\n<div  style='height:50px' class='hr hr-invisible   avia-builder-el-8  el_after_av_social_share  el_before_av_comments_list '><span class='hr-inner ' ><span class='hr-inner-style'><\/span><\/span><\/div>\n<div  class='av-buildercomment  av-blog-meta-html-info-disabled av-blog-meta-tag-disabled  '><\/div>\n","protected":false},"excerpt":{"rendered":"","protected":false},"author":1,"featured_media":43084,"comment_status":"open","ping_status":"open","sticky":false,"template":"","format":"standard","meta":{"footnotes":""},"categories":[38],"tags":[],"class_list":["post-43083","post","type-post","status-publish","format-standard","has-post-thumbnail","hentry","category-regional"],"jetpack_featured_media_url":"https:\/\/radiorevelacionfm.cl\/wp-content\/uploads\/2024\/06\/1-EGA-Feria-Libre-Aysen-1-1.jpeg","_links":{"self":[{"href":"https:\/\/radiorevelacionfm.cl\/index.php?rest_route=\/wp\/v2\/posts\/43083","targetHints":{"allow":["GET"]}}],"collection":[{"href":"https:\/\/radiorevelacionfm.cl\/index.php?rest_route=\/wp\/v2\/posts"}],"about":[{"href":"https:\/\/radiorevelacionfm.cl\/index.php?rest_route=\/wp\/v2\/types\/post"}],"author":[{"embeddable":true,"href":"https:\/\/radiorevelacionfm.cl\/index.php?rest_route=\/wp\/v2\/users\/1"}],"replies":[{"embeddable":true,"href":"https:\/\/radiorevelacionfm.cl\/index.php?rest_route=%2Fwp%2Fv2%2Fcomments&post=43083"}],"version-history":[{"count":1,"href":"https:\/\/radiorevelacionfm.cl\/index.php?rest_route=\/wp\/v2\/posts\/43083\/revisions"}],"predecessor-version":[{"id":43085,"href":"https:\/\/radiorevelacionfm.cl\/index.php?rest_route=\/wp\/v2\/posts\/43083\/revisions\/43085"}],"wp:featuredmedia":[{"embeddable":true,"href":"https:\/\/radiorevelacionfm.cl\/index.php?rest_route=\/wp\/v2\/media\/43084"}],"wp:attachment":[{"href":"https:\/\/radiorevelacionfm.cl\/index.php?rest_route=%2Fwp%2Fv2%2Fmedia&parent=43083"}],"wp:term":[{"taxonomy":"category","embeddable":true,"href":"https:\/\/radiorevelacionfm.cl\/index.php?rest_route=%2Fwp%2Fv2%2Fcategories&post=43083"},{"taxonomy":"post_tag","embeddable":true,"href":"https:\/\/radiorevelacionfm.cl\/index.php?rest_route=%2Fwp%2Fv2%2Ftags&post=43083"}],"curies":[{"name":"wp","href":"https:\/\/api.w.org\/{rel}","templated":true}]}}