{"id":43079,"date":"2024-06-11T20:42:55","date_gmt":"2024-06-11T23:42:55","guid":{"rendered":"https:\/\/radiorevelacionfm.cl\/?p=43079"},"modified":"2024-06-11T20:42:55","modified_gmt":"2024-06-11T23:42:55","slug":"fiscalia-organizo-capacitacion-sobre-los-tribunales-de-tratamiento-de-drogas-y-alcohol","status":"publish","type":"post","link":"https:\/\/radiorevelacionfm.cl\/?p=43079","title":{"rendered":"Fiscal\u00eda organiz\u00f3 capacitaci\u00f3n sobre los Tribunales de Tratamiento de Drogas y Alcohol"},"content":{"rendered":"<div class=\"flex_column av_one_full  flex_column_div av-zero-column-padding first  avia-builder-el-0  el_before_av_one_full  avia-builder-el-first  \" style='border-radius:0px; '><div  class='avia-image-container  av-styling-    avia-builder-el-1  avia-builder-el-no-sibling  avia-align-center '  itemprop=\"image\" itemscope=\"itemscope\" itemtype=\"https:\/\/schema.org\/ImageObject\"  ><div class='avia-image-container-inner'><div class='avia-image-overlay-wrap'><img decoding=\"async\" class='wp-image-43080 avia-img-lazy-loading-not-43080 avia_image' src=\"https:\/\/radiorevelacionfm.cl\/wp-content\/uploads\/2024\/06\/6-copia-2-1-1.jpg\" alt='' title='6 - copia (2) (1) (1)' height=\"600\" width=\"900\"  itemprop=\"thumbnailUrl\" srcset=\"https:\/\/radiorevelacionfm.cl\/wp-content\/uploads\/2024\/06\/6-copia-2-1-1.jpg 900w, https:\/\/radiorevelacionfm.cl\/wp-content\/uploads\/2024\/06\/6-copia-2-1-1-300x200.jpg 300w, https:\/\/radiorevelacionfm.cl\/wp-content\/uploads\/2024\/06\/6-copia-2-1-1-768x512.jpg 768w, https:\/\/radiorevelacionfm.cl\/wp-content\/uploads\/2024\/06\/6-copia-2-1-1-705x470.jpg 705w, https:\/\/radiorevelacionfm.cl\/wp-content\/uploads\/2024\/06\/6-copia-2-1-1-450x300.jpg 450w, https:\/\/radiorevelacionfm.cl\/wp-content\/uploads\/2024\/06\/6-copia-2-1-1-600x400.jpg 600w\" sizes=\"(max-width: 900px) 100vw, 900px\" \/><\/div><\/div><\/div><\/div><div class=\"flex_column av_one_full  flex_column_div av-zero-column-padding first  avia-builder-el-2  el_after_av_one_full  el_before_av_one_full  column-top-margin\" style='border-radius:0px; '><section class=\"av_textblock_section \"  itemscope=\"itemscope\" itemtype=\"https:\/\/schema.org\/BlogPosting\" itemprop=\"blogPost\" ><div class='avia_textblock  '   itemprop=\"text\" ><p style=\"text-align: center;\"><strong><span style=\"font-size: 18pt;\">Fiscal\u00eda organiz\u00f3 capacitaci\u00f3n sobre los Tribunales de Tratamiento de Drogas y Alcohol<\/span><\/strong><\/p>\n<div id=\"gtx-trans\" style=\"position: absolute; left: -50px; top: 4.31534px;\">\n<div class=\"gtx-trans-icon\"><\/div>\n<\/div>\n<\/div><\/section><\/div><div class=\"flex_column av_one_full  flex_column_div av-zero-column-padding first  avia-builder-el-4  el_after_av_one_full  el_before_av_hr  column-top-margin\" style='border-radius:0px; '><section class=\"av_textblock_section \"  itemscope=\"itemscope\" itemtype=\"https:\/\/schema.org\/BlogPosting\" itemprop=\"blogPost\" ><div class='avia_textblock  '   itemprop=\"text\" ><p style=\"font-weight: 400; text-align: justify;\"><em>Esta iniciativa tiene como objetivo entregar tratamiento y rehabilitaci\u00f3n a consumidores problem\u00e1ticos de estas sustancias que han cometido un delito por primera vez.<\/em><\/p>\n<p style=\"font-weight: 400; text-align: justify;\">Una Jornada de Capacitaci\u00f3n sobre el funcionamiento de los Tribunales de Tratamiento de Drogas (TTD) organiz\u00f3 la Fiscal\u00eda Regional de Ays\u00e9n en la cual particip\u00f3 el Poder Judicial, Senda, Servicio de Salud, Defensor\u00eda Penal P\u00fablica y la Seremi de Justicia y Derechos Humanos.<\/p>\n<p style=\"font-weight: 400; text-align: justify;\">El 28 de marzo de este a\u00f1o, seis entidades p\u00fablicas de la Mesa Institucional de Tribunales de Tratamiento de Drogas y Alcohol de la regi\u00f3n, firmaron un convenio para dar inicio a este exitoso programa en la jurisdicci\u00f3n de Coyhaique, el cual ya opera desde 2018 en la comuna de Puerto Ays\u00e9n.<\/p>\n<p style=\"font-weight: 400; text-align: justify;\">CAPACITACI\u00d3N<\/p>\n<p style=\"font-weight: 400; text-align: justify;\">En esta Jornada de Capacitaci\u00f3n efectuada en el auditorio del Ministerio P\u00fablico, el Fiscal Regional de Ays\u00e9n, Carlos Palma Guerra, agradeci\u00f3 la participaci\u00f3n de diversos profesionales en este tipo de instancias que finalmente benefician a la propia comunidad. Adem\u00e1s, el fiscal Carlos Palma destac\u00f3 que el Programa de Tribunales de Tratamiento de Drogas y Alcohol, tiene como objetivo entregar tratamiento y rehabilitaci\u00f3n a consumidores problem\u00e1ticos de estas sustancias que han cometido un delito por primera vez.<\/p>\n<p style=\"font-weight: 400; text-align: justify;\">En la capacitaci\u00f3n, expuso Alvaro P\u00e9rez d&#8217;Alen\u00e7on, abogado asesor de la Fiscal\u00eda Regional de Ays\u00e9n, quien explic\u00f3 lo que realizan los Tribunales de Tratamiento de Drogas en Chile. Luego, Domingo Moncada, Asesor de Tratamiento de Senda Regional, entreg\u00f3 detalles de la red de tratamiento en Ays\u00e9n y posteriormente Juan Patricio Silva, Secretario de la Ilustr\u00edsima Corte de Apelaciones de Coyhaique, expuso sobre la experiencia del Tribunal de Tratamiento de Drogas en el Juzgado de Garant\u00eda de Puerto Ays\u00e9n, donde se desempe\u00f1\u00f3 como Juez antes de asumir en la Corte de Apelaciones.<\/p>\n<p style=\"font-weight: 400; text-align: justify;\">A esta Jornada de Capacitaci\u00f3n tambi\u00e9n asisti\u00f3 la Jueza de Garant\u00eda de Coyhaique, Fabiola Mu\u00f1oz Fierro, la Jueza de Garant\u00eda de Ays\u00e9n, Dalia Illezca Carrasco, la Directora Regional de Senda, Mar\u00eda Victoria Contreras, sumado a Fiscales y abogados del Ministerio P\u00fablico, profesionales de los Tribunales de Garant\u00eda de Coyhaique y Ays\u00e9n, Senda, Servicio de Salud y abogados defensores de la Defensor\u00eda Penal P\u00fablica.<\/p>\n<p style=\"font-weight: 400; text-align: justify;\">PODER JUDICIAL<\/p>\n<p style=\"font-weight: 400; text-align: justify;\">Por su parte Juan Patricio Silva, Secretario de la Ilustr\u00edsima Corte de Apelaciones de Coyhaique, manifest\u00f3 que \u201cpara el Poder Judicial, cuyo \u00faltimo prop\u00f3sito, es procurar la paz social, constituye un grato desaf\u00edo el participar de la implementaci\u00f3n del TTD en Coyhaique, para lo cual la actividad de capacitaci\u00f3n desarrollada en dependencias del Ministerio P\u00fablico, con la participaci\u00f3n de los representantes de dicha entidad, de defensores penales p\u00fablicos y de Senda, adem\u00e1s de las magistradas que en Puerto Ays\u00e9n y Coyhaique dirigir\u00e1n las audiencias respectivas, se constituye en un primer potente paso para posibilitar que personas que re\u00fanan los requisitos para ello, puedan optar a esta especial modalidad de justicia\u201d.<\/p>\n<p style=\"font-weight: 400; text-align: justify;\">Juan Patricio Silva, a\u00f1adi\u00f3 que las personas que participen de este programa \u201cjunto con cumplir con las condiciones que se les impondr\u00e1n durante el plazo que se determine por el tribunal, recibir\u00e1n desde el sistema de salud las intervenciones que se estimen adecuadas para superar el consumo problem\u00e1tico de sustancias, a consecuencia de las que desajustaron su comportamiento conforme a las normas de convivencia social, incurriendo en la comisi\u00f3n de il\u00edcitos penales\u201d.<\/p>\n<\/div><\/section><\/div><div  style='height:50px' class='hr hr-invisible   avia-builder-el-6  el_after_av_one_full  el_before_av_social_share '><span class='hr-inner ' ><span class='hr-inner-style'><\/span><\/span><\/div><\/p>\n<div  class='av-social-sharing-box  avia-builder-el-7  el_after_av_hr  el_before_av_hr  '><div class='av-share-box'><h5 class='av-share-link-description av-no-toc '>Compartir esta noticia<\/h5><ul class='av-share-box-list noLightbox'><li class='av-share-link av-social-link-facebook' ><a target=\"_blank\" aria-label=\"Compartir en Facebook\" href='https:\/\/www.facebook.com\/sharer.php?u=https:\/\/radiorevelacionfm.cl\/?p=43079&#038;t=Fiscal%C3%ADa%20organiz%C3%B3%20capacitaci%C3%B3n%20sobre%20los%20Tribunales%20de%20Tratamiento%20de%20Drogas%20y%20Alcohol' aria-hidden='false' data-av_icon='\ue8f3' data-av_iconfont='entypo-fontello' title='' data-avia-related-tooltip='Compartir en Facebook' rel=\"noopener\"><span class='avia_hidden_link_text'>Compartir en Facebook<\/span><\/a><\/li><li class='av-share-link av-social-link-twitter' ><a target=\"_blank\" aria-label=\"Compartir en Twitter\" href='https:\/\/twitter.com\/share?text=Fiscal%C3%ADa%20organiz%C3%B3%20capacitaci%C3%B3n%20sobre%20los%20Tribunales%20de%20Tratamiento%20de%20Drogas%20y%20Alcohol&#038;url=https:\/\/radiorevelacionfm.cl\/?p=43079' aria-hidden='false' data-av_icon='\ue8f1' data-av_iconfont='entypo-fontello' title='' data-avia-related-tooltip='Compartir en Twitter' rel=\"noopener\"><span class='avia_hidden_link_text'>Compartir en Twitter<\/span><\/a><\/li><li class='av-share-link av-social-link-whatsapp' ><a target=\"_blank\" aria-label=\"Compartir en Whatsapp\" href='https:\/\/api.whatsapp.com\/send?text=https:\/\/radiorevelacionfm.cl\/?p=43079' aria-hidden='false' data-av_icon='\uf232' data-av_iconfont='entypo-fontello' title='' data-avia-related-tooltip='Compartir en Whatsapp' rel=\"noopener\"><span class='avia_hidden_link_text'>Compartir en Whatsapp<\/span><\/a><\/li><li class='av-share-link av-social-link-linkedin' ><a target=\"_blank\" aria-label=\"Compartir en LinkedIn\" href='https:\/\/linkedin.com\/shareArticle?mini=true&#038;title=Fiscal%C3%ADa%20organiz%C3%B3%20capacitaci%C3%B3n%20sobre%20los%20Tribunales%20de%20Tratamiento%20de%20Drogas%20y%20Alcohol&#038;url=https:\/\/radiorevelacionfm.cl\/?p=43079' aria-hidden='false' data-av_icon='\ue8fc' data-av_iconfont='entypo-fontello' title='' data-avia-related-tooltip='Compartir en LinkedIn' rel=\"noopener\"><span class='avia_hidden_link_text'>Compartir en LinkedIn<\/span><\/a><\/li><li class='av-share-link av-social-link-mail' ><a  aria-label=\"Compartir por correo\" href='mailto:?subject=Fiscal%C3%ADa%20organiz%C3%B3%20capacitaci%C3%B3n%20sobre%20los%20Tribunales%20de%20Tratamiento%20de%20Drogas%20y%20Alcohol&#038;body=https:\/\/radiorevelacionfm.cl\/?p=43079' aria-hidden='false' data-av_icon='\ue805' data-av_iconfont='entypo-fontello' title='' data-avia-related-tooltip='Compartir por correo'><span class='avia_hidden_link_text'>Compartir por correo<\/span><\/a><\/li><\/ul><\/div><\/div>\n<div  style='height:50px' class='hr hr-invisible   avia-builder-el-8  el_after_av_social_share  el_before_av_comments_list '><span class='hr-inner ' ><span class='hr-inner-style'><\/span><\/span><\/div>\n<div  class='av-buildercomment  av-blog-meta-html-info-disabled av-blog-meta-tag-disabled  '><\/div>\n","protected":false},"excerpt":{"rendered":"","protected":false},"author":1,"featured_media":43080,"comment_status":"open","ping_status":"open","sticky":false,"template":"","format":"standard","meta":{"footnotes":""},"categories":[55],"tags":[],"class_list":["post-43079","post","type-post","status-publish","format-standard","has-post-thumbnail","hentry","category-justicia"],"jetpack_featured_media_url":"https:\/\/radiorevelacionfm.cl\/wp-content\/uploads\/2024\/06\/6-copia-2-1-1.jpg","_links":{"self":[{"href":"https:\/\/radiorevelacionfm.cl\/index.php?rest_route=\/wp\/v2\/posts\/43079","targetHints":{"allow":["GET"]}}],"collection":[{"href":"https:\/\/radiorevelacionfm.cl\/index.php?rest_route=\/wp\/v2\/posts"}],"about":[{"href":"https:\/\/radiorevelacionfm.cl\/index.php?rest_route=\/wp\/v2\/types\/post"}],"author":[{"embeddable":true,"href":"https:\/\/radiorevelacionfm.cl\/index.php?rest_route=\/wp\/v2\/users\/1"}],"replies":[{"embeddable":true,"href":"https:\/\/radiorevelacionfm.cl\/index.php?rest_route=%2Fwp%2Fv2%2Fcomments&post=43079"}],"version-history":[{"count":1,"href":"https:\/\/radiorevelacionfm.cl\/index.php?rest_route=\/wp\/v2\/posts\/43079\/revisions"}],"predecessor-version":[{"id":43081,"href":"https:\/\/radiorevelacionfm.cl\/index.php?rest_route=\/wp\/v2\/posts\/43079\/revisions\/43081"}],"wp:featuredmedia":[{"embeddable":true,"href":"https:\/\/radiorevelacionfm.cl\/index.php?rest_route=\/wp\/v2\/media\/43080"}],"wp:attachment":[{"href":"https:\/\/radiorevelacionfm.cl\/index.php?rest_route=%2Fwp%2Fv2%2Fmedia&parent=43079"}],"wp:term":[{"taxonomy":"category","embeddable":true,"href":"https:\/\/radiorevelacionfm.cl\/index.php?rest_route=%2Fwp%2Fv2%2Fcategories&post=43079"},{"taxonomy":"post_tag","embeddable":true,"href":"https:\/\/radiorevelacionfm.cl\/index.php?rest_route=%2Fwp%2Fv2%2Ftags&post=43079"}],"curies":[{"name":"wp","href":"https:\/\/api.w.org\/{rel}","templated":true}]}}