{"id":43075,"date":"2024-06-11T11:31:43","date_gmt":"2024-06-11T14:31:43","guid":{"rendered":"https:\/\/radiorevelacionfm.cl\/?p=43075"},"modified":"2024-06-11T11:31:43","modified_gmt":"2024-06-11T14:31:43","slug":"lanzan-campana-de-prevencion-y-seguridad-invernal","status":"publish","type":"post","link":"https:\/\/radiorevelacionfm.cl\/?p=43075","title":{"rendered":"Lanzan campa\u00f1a de prevenci\u00f3n y seguridad invernal"},"content":{"rendered":"<div class=\"flex_column av_one_full  flex_column_div av-zero-column-padding first  avia-builder-el-0  el_before_av_one_full  avia-builder-el-first  \" style='border-radius:0px; '><div  class='avia-image-container  av-styling-    avia-builder-el-1  avia-builder-el-no-sibling  avia-align-center '  itemprop=\"image\" itemscope=\"itemscope\" itemtype=\"https:\/\/schema.org\/ImageObject\"  ><div class='avia-image-container-inner'><div class='avia-image-overlay-wrap'><img decoding=\"async\" class='wp-image-43077 avia-img-lazy-loading-not-43077 avia_image' src=\"https:\/\/radiorevelacionfm.cl\/wp-content\/uploads\/2024\/06\/hito-invierno-20240-1_optimized.jpeg\" alt='' title='hito-invierno-20240-(1)_optimized' height=\"600\" width=\"800\"  itemprop=\"thumbnailUrl\" srcset=\"https:\/\/radiorevelacionfm.cl\/wp-content\/uploads\/2024\/06\/hito-invierno-20240-1_optimized.jpeg 800w, https:\/\/radiorevelacionfm.cl\/wp-content\/uploads\/2024\/06\/hito-invierno-20240-1_optimized-300x225.jpeg 300w, https:\/\/radiorevelacionfm.cl\/wp-content\/uploads\/2024\/06\/hito-invierno-20240-1_optimized-768x576.jpeg 768w, https:\/\/radiorevelacionfm.cl\/wp-content\/uploads\/2024\/06\/hito-invierno-20240-1_optimized-705x529.jpeg 705w, https:\/\/radiorevelacionfm.cl\/wp-content\/uploads\/2024\/06\/hito-invierno-20240-1_optimized-450x338.jpeg 450w, https:\/\/radiorevelacionfm.cl\/wp-content\/uploads\/2024\/06\/hito-invierno-20240-1_optimized-600x450.jpeg 600w\" sizes=\"(max-width: 800px) 100vw, 800px\" \/><\/div><\/div><\/div><\/div><div class=\"flex_column av_one_full  flex_column_div av-zero-column-padding first  avia-builder-el-2  el_after_av_one_full  el_before_av_one_full  column-top-margin\" style='border-radius:0px; '><section class=\"av_textblock_section \"  itemscope=\"itemscope\" itemtype=\"https:\/\/schema.org\/BlogPosting\" itemprop=\"blogPost\" ><div class='avia_textblock  '   itemprop=\"text\" ><p style=\"text-align: center;\"><strong><span style=\"font-size: 18pt;\">Lanzan campa\u00f1a de prevenci\u00f3n y seguridad invernal <\/span><\/strong><\/p>\n<div id=\"gtx-trans\" style=\"position: absolute; left: -50px; top: 4.31534px;\">\n<div class=\"gtx-trans-icon\"><\/div>\n<\/div>\n<\/div><\/section><\/div><div class=\"flex_column av_one_full  flex_column_div av-zero-column-padding first  avia-builder-el-4  el_after_av_one_full  el_before_av_hr  column-top-margin\" style='border-radius:0px; '><section class=\"av_textblock_section \"  itemscope=\"itemscope\" itemtype=\"https:\/\/schema.org\/BlogPosting\" itemprop=\"blogPost\" ><div class='avia_textblock  '   itemprop=\"text\" ><p style=\"text-align: justify;\">Edelaysen en colaboraci\u00f3n con Sodimac de la comuna de Coyhaique, junto al alcalde de Coyhaique, Senapred, Bomberos y Carabineros se unieron para entregar una serie de recomendaciones, enfocadas en la seguridad y responsabilidad para la comunidad. En la cita se brindaron recomendaciones para garantizar una temporada invernal segura y sin contratiempos.<\/p>\n<p style=\"text-align: justify;\">Patricio Raimilla, jefe de Servicio al Cliente de Edelaysen expres\u00f3 que: \u201cEsta iniciativa conjunta tiene como objetivo fomentar una mayor conciencia y preparaci\u00f3n entre la comunidad para enfrentar los desaf\u00edos de un nuevo invierno que se avecina. Queremos que todos nuestros vecinos y vecinas se sientan seguros y protegidos durante estos meses. Es por ello, que trabajando juntos, podemos asegurar que las familias est\u00e9n bien equipadas para manejar las condiciones invernales de manera segura y responsable\u201d.<\/p>\n<p style=\"text-align: justify;\">Durante la actividad, se enfatiz\u00f3 en la importancia del uso de artefactos el\u00e9ctricos certificados con el sello SEC para evitar accidentes dom\u00e9sticos, adem\u00e1s de evitar la sobrecarga de enchufes, una pr\u00e1ctica com\u00fan pero que puede resultar en accidentes peligrosos para el hogar.<\/p>\n<p style=\"text-align: justify;\">De acuerdo con ello Sidi Bravo, director de Senapred de la regi\u00f3n coment\u00f3 que: \u201cEstamos en esta campa\u00f1a que impulsa el \u00e1rea privada en donde nosotros tambi\u00e9n volvemos a insistir en el autocuidado, la prevenci\u00f3n en esta temporada. Ya se prev\u00e9 una condici\u00f3n de invierno un poco m\u00e1s extensa que a\u00f1os anteriores y adem\u00e1s con m\u00e1s bajas temperaturas y por lo tanto podemos aumentar la calefacci\u00f3n de nuestros hogares sobre todo en la parte el\u00e9ctrica. El llamado es a prevenir y utilizar elementos que cuenten con la certificaci\u00f3n SEC\u201d.<\/p>\n<p style=\"text-align: justify;\">Por su parte, carabineros proporcion\u00f3 valiosos consejos sobre la seguridad vial, destacando la necesidad de tomar precauciones espec\u00edficas durante el invierno tales como conducir a la defensiva en calles resbaladizas y el uso adecuado de cadenas en los neum\u00e1ticos para mejorar la tracci\u00f3n y reducir el riesgo de accidentes en nieve.<\/p>\n<p style=\"text-align: justify;\">\u201cAgradecer al \u00e1rea privada de esta campa\u00f1a de invierno que se est\u00e1 realizando ya que todos somos co-responsables de la seguridad en nuestros hogares. El principal llamado es adquirir productos certificados y en locales establecidos. Como carabineros, en el \u00e1rea de tr\u00e1nsito, hacer un llamado es a conducir con las medidas de resguardo, revisar neum\u00e1ticos y conducir con los neum\u00e1ticos adecuados de invierno y la principal recomendaci\u00f3n, conducir a una velocidad razonable y prudente para as\u00ed no perder el control en las rutas y resultar en eventuales accidentes\u201d, destac\u00f3 Teniente C\u00e1ceres de la Primera Comisar\u00eda de Coyhaique.<\/p>\n<p style=\"text-align: justify;\">Finalmente el alcalde de la comuna Carlos Gatica, valor\u00f3 la instancia, agregando qu\u00e9 \u201cDesde el municipio hacemos un llamado a todos nuestros vecinos a generar el auto-cuidado, ya sea en el hogar como en los desplazamientos y a revisar nuestras instalaciones el\u00e9ctricas y siempre estar acorde a las normas, no sobrecargar las l\u00edneas y finalmente para que sea un invierno tranquilo sin nada que lamentar, poder hacer caso siempre a las indicaciones que nos den los organismos t\u00e9cnicos como Edelaysen\u201d.<\/p>\n<p style=\"text-align: justify;\">En la oportunidad, la el\u00e9ctrica reforz\u00f3 adem\u00e1s la comunicaci\u00f3n con los clientes y comunidad a trav\u00e9s de los distintos canales de contacto como su web\u00a0<a href=\"https:\/\/nam10.safelinks.protection.outlook.com\/?url=http%3A%2F%2Fwww.edelaysen.cl%2F&amp;data=05%7C02%7Cmaria.marchant%40saesa.cl%7Cf37271f57728488f357e08dc898c7a2c%7C136d6ab55b55496f97cb2424247715ed%7C0%7C0%7C638536483647766441%7CUnknown%7CTWFpbGZsb3d8eyJWIjoiMC4wLjAwMDAiLCJQIjoiV2luMzIiLCJBTiI6Ik1haWwiLCJXVCI6Mn0%3D%7C0%7C%7C%7C&amp;sdata=NAYq6%2FPiXnaapwZZt4X9RZqLbbs5OTMKK1nThPSdVAA%3D&amp;reserved=0\">www.edelaysen.cl<\/a>\u00a0la APP Edelaysen y su l\u00ednea gratuita al 600 800 603.<\/p>\n<\/div><\/section><\/div><div  style='height:50px' class='hr hr-invisible   avia-builder-el-6  el_after_av_one_full  el_before_av_social_share '><span class='hr-inner ' ><span class='hr-inner-style'><\/span><\/span><\/div><\/p>\n<div  class='av-social-sharing-box  avia-builder-el-7  el_after_av_hr  el_before_av_hr  '><div class='av-share-box'><h5 class='av-share-link-description av-no-toc '>Compartir esta noticia<\/h5><ul class='av-share-box-list noLightbox'><li class='av-share-link av-social-link-facebook' ><a target=\"_blank\" aria-label=\"Compartir en Facebook\" href='https:\/\/www.facebook.com\/sharer.php?u=https:\/\/radiorevelacionfm.cl\/?p=43075&#038;t=Lanzan%20campa%C3%B1a%20de%20prevenci%C3%B3n%20y%20seguridad%20invernal' aria-hidden='false' data-av_icon='\ue8f3' data-av_iconfont='entypo-fontello' title='' data-avia-related-tooltip='Compartir en Facebook' rel=\"noopener\"><span class='avia_hidden_link_text'>Compartir en Facebook<\/span><\/a><\/li><li class='av-share-link av-social-link-twitter' ><a target=\"_blank\" aria-label=\"Compartir en Twitter\" href='https:\/\/twitter.com\/share?text=Lanzan%20campa%C3%B1a%20de%20prevenci%C3%B3n%20y%20seguridad%20invernal&#038;url=https:\/\/radiorevelacionfm.cl\/?p=43075' aria-hidden='false' data-av_icon='\ue8f1' data-av_iconfont='entypo-fontello' title='' data-avia-related-tooltip='Compartir en Twitter' rel=\"noopener\"><span class='avia_hidden_link_text'>Compartir en Twitter<\/span><\/a><\/li><li class='av-share-link av-social-link-whatsapp' ><a target=\"_blank\" aria-label=\"Compartir en Whatsapp\" href='https:\/\/api.whatsapp.com\/send?text=https:\/\/radiorevelacionfm.cl\/?p=43075' aria-hidden='false' data-av_icon='\uf232' data-av_iconfont='entypo-fontello' title='' data-avia-related-tooltip='Compartir en Whatsapp' rel=\"noopener\"><span class='avia_hidden_link_text'>Compartir en Whatsapp<\/span><\/a><\/li><li class='av-share-link av-social-link-linkedin' ><a target=\"_blank\" aria-label=\"Compartir en LinkedIn\" href='https:\/\/linkedin.com\/shareArticle?mini=true&#038;title=Lanzan%20campa%C3%B1a%20de%20prevenci%C3%B3n%20y%20seguridad%20invernal&#038;url=https:\/\/radiorevelacionfm.cl\/?p=43075' aria-hidden='false' data-av_icon='\ue8fc' data-av_iconfont='entypo-fontello' title='' data-avia-related-tooltip='Compartir en LinkedIn' rel=\"noopener\"><span class='avia_hidden_link_text'>Compartir en LinkedIn<\/span><\/a><\/li><li class='av-share-link av-social-link-mail' ><a  aria-label=\"Compartir por correo\" href='mailto:?subject=Lanzan%20campa%C3%B1a%20de%20prevenci%C3%B3n%20y%20seguridad%20invernal&#038;body=https:\/\/radiorevelacionfm.cl\/?p=43075' aria-hidden='false' data-av_icon='\ue805' data-av_iconfont='entypo-fontello' title='' data-avia-related-tooltip='Compartir por correo'><span class='avia_hidden_link_text'>Compartir por correo<\/span><\/a><\/li><\/ul><\/div><\/div>\n<div  style='height:50px' class='hr hr-invisible   avia-builder-el-8  el_after_av_social_share  el_before_av_comments_list '><span class='hr-inner ' ><span class='hr-inner-style'><\/span><\/span><\/div>\n<div  class='av-buildercomment  av-blog-meta-html-info-disabled av-blog-meta-tag-disabled  '><\/div>\n","protected":false},"excerpt":{"rendered":"","protected":false},"author":1,"featured_media":43077,"comment_status":"open","ping_status":"open","sticky":false,"template":"","format":"standard","meta":{"footnotes":""},"categories":[38],"tags":[],"class_list":["post-43075","post","type-post","status-publish","format-standard","has-post-thumbnail","hentry","category-regional"],"jetpack_featured_media_url":"https:\/\/radiorevelacionfm.cl\/wp-content\/uploads\/2024\/06\/hito-invierno-20240-1_optimized.jpeg","_links":{"self":[{"href":"https:\/\/radiorevelacionfm.cl\/index.php?rest_route=\/wp\/v2\/posts\/43075","targetHints":{"allow":["GET"]}}],"collection":[{"href":"https:\/\/radiorevelacionfm.cl\/index.php?rest_route=\/wp\/v2\/posts"}],"about":[{"href":"https:\/\/radiorevelacionfm.cl\/index.php?rest_route=\/wp\/v2\/types\/post"}],"author":[{"embeddable":true,"href":"https:\/\/radiorevelacionfm.cl\/index.php?rest_route=\/wp\/v2\/users\/1"}],"replies":[{"embeddable":true,"href":"https:\/\/radiorevelacionfm.cl\/index.php?rest_route=%2Fwp%2Fv2%2Fcomments&post=43075"}],"version-history":[{"count":1,"href":"https:\/\/radiorevelacionfm.cl\/index.php?rest_route=\/wp\/v2\/posts\/43075\/revisions"}],"predecessor-version":[{"id":43078,"href":"https:\/\/radiorevelacionfm.cl\/index.php?rest_route=\/wp\/v2\/posts\/43075\/revisions\/43078"}],"wp:featuredmedia":[{"embeddable":true,"href":"https:\/\/radiorevelacionfm.cl\/index.php?rest_route=\/wp\/v2\/media\/43077"}],"wp:attachment":[{"href":"https:\/\/radiorevelacionfm.cl\/index.php?rest_route=%2Fwp%2Fv2%2Fmedia&parent=43075"}],"wp:term":[{"taxonomy":"category","embeddable":true,"href":"https:\/\/radiorevelacionfm.cl\/index.php?rest_route=%2Fwp%2Fv2%2Fcategories&post=43075"},{"taxonomy":"post_tag","embeddable":true,"href":"https:\/\/radiorevelacionfm.cl\/index.php?rest_route=%2Fwp%2Fv2%2Ftags&post=43075"}],"curies":[{"name":"wp","href":"https:\/\/api.w.org\/{rel}","templated":true}]}}