{"id":43071,"date":"2024-06-15T17:30:43","date_gmt":"2024-06-15T20:30:43","guid":{"rendered":"https:\/\/radiorevelacionfm.cl\/?p=43071"},"modified":"2024-06-15T17:30:43","modified_gmt":"2024-06-15T20:30:43","slug":"ojo-de-pescado-lanza-concurso-de-ilustracion-para-ninos-ninas-y-jovenes-sobre-el-cuidado-del-medioambiente-y-el-derecho-a-la-ciudadania","status":"publish","type":"post","link":"https:\/\/radiorevelacionfm.cl\/?p=43071","title":{"rendered":"Ojo de Pescado lanza Concurso de Ilustraci\u00f3n para ni\u00f1os, ni\u00f1as y j\u00f3venes sobre el cuidado del medioambiente y el derecho a la ciudadan\u00eda"},"content":{"rendered":"<div class=\"flex_column av_one_full  flex_column_div av-zero-column-padding first  avia-builder-el-0  el_before_av_one_full  avia-builder-el-first  \" style='border-radius:0px; '><div  class='avia-image-container  av-styling-    avia-builder-el-1  avia-builder-el-no-sibling  avia-align-center '  itemprop=\"image\" itemscope=\"itemscope\" itemtype=\"https:\/\/schema.org\/ImageObject\"  ><div class='avia-image-container-inner'><div class='avia-image-overlay-wrap'><img decoding=\"async\" class='wp-image-43072 avia-img-lazy-loading-not-43072 avia_image' src=\"https:\/\/radiorevelacionfm.cl\/wp-content\/uploads\/2024\/06\/Ojo-de-Pescado-1-1-1.jpg\" alt='' title='Ojo de Pescado 1 (1) (1)' height=\"600\" width=\"800\"  itemprop=\"thumbnailUrl\" srcset=\"https:\/\/radiorevelacionfm.cl\/wp-content\/uploads\/2024\/06\/Ojo-de-Pescado-1-1-1.jpg 800w, https:\/\/radiorevelacionfm.cl\/wp-content\/uploads\/2024\/06\/Ojo-de-Pescado-1-1-1-300x225.jpg 300w, https:\/\/radiorevelacionfm.cl\/wp-content\/uploads\/2024\/06\/Ojo-de-Pescado-1-1-1-768x576.jpg 768w, https:\/\/radiorevelacionfm.cl\/wp-content\/uploads\/2024\/06\/Ojo-de-Pescado-1-1-1-705x529.jpg 705w, https:\/\/radiorevelacionfm.cl\/wp-content\/uploads\/2024\/06\/Ojo-de-Pescado-1-1-1-450x338.jpg 450w, https:\/\/radiorevelacionfm.cl\/wp-content\/uploads\/2024\/06\/Ojo-de-Pescado-1-1-1-600x450.jpg 600w\" sizes=\"(max-width: 800px) 100vw, 800px\" \/><\/div><\/div><\/div><\/div><div class=\"flex_column av_one_full  flex_column_div av-zero-column-padding first  avia-builder-el-2  el_after_av_one_full  el_before_av_one_full  column-top-margin\" style='border-radius:0px; '><section class=\"av_textblock_section \"  itemscope=\"itemscope\" itemtype=\"https:\/\/schema.org\/BlogPosting\" itemprop=\"blogPost\" ><div class='avia_textblock  '   itemprop=\"text\" ><p style=\"text-align: center;\"><strong><span style=\"font-size: 18pt;\">Ojo de Pescado lanza Concurso de Ilustraci\u00f3n para ni\u00f1os, ni\u00f1as y j\u00f3venes sobre el cuidado del medioambiente y el derecho a la ciudadan\u00eda<\/span><\/strong><\/p>\n<div id=\"gtx-trans\" style=\"position: absolute; left: -50px; top: 4.31534px;\">\n<div class=\"gtx-trans-icon\"><\/div>\n<\/div>\n<\/div><\/section><\/div><div class=\"flex_column av_one_full  flex_column_div av-zero-column-padding first  avia-builder-el-4  el_after_av_one_full  el_before_av_hr  column-top-margin\" style='border-radius:0px; '><section class=\"av_textblock_section \"  itemscope=\"itemscope\" itemtype=\"https:\/\/schema.org\/BlogPosting\" itemprop=\"blogPost\" ><div class='avia_textblock  '   itemprop=\"text\" ><p style=\"text-align: justify;\">Con el objetivo de motivar la creatividad y la libertad de expresi\u00f3n de las ni\u00f1eces en torno al cuidado del medioambiente y el derecho a la ciudadan\u00eda, el 13\u00b0 Festival Internacional de Cine Ojo de Pescado lanza un <a href=\"http:\/\/www.ojodepescado.cl\/concurso-dibujo\">concurso de ilustraci\u00f3n<\/a> para ni\u00f1os, ni\u00f1as y j\u00f3venes de todo Chile, quienes pueden participar con sus creaciones hasta el viernes 12 de julio de 2024.<\/p>\n<p style=\"text-align: justify;\">A trav\u00e9s de este concurso, Ojo de Pescado \u2015proyecto que cuenta con el financiamiento del Ministerio de las Culturas, las Artes y el Patrimonio a trav\u00e9s de su Programa de Apoyo a Organizaciones Culturales Colaboradoras\u2015 busca activar la reflexi\u00f3n cr\u00edtica en torno a los problemas ambientales que afectan a Chile y al resto del mundo, y pensar de qu\u00e9 manera las y los ni\u00f1os pueden hacer uso de su derecho a la ciudadan\u00eda para aportar soluciones a esta situaci\u00f3n.<\/p>\n<p style=\"text-align: justify;\">\u00abUna de las preocupaciones m\u00e1s importantes para las ni\u00f1eces es el cuidado del medioambiente, por lo que decidimos posicionar esta tem\u00e1tica como una de las directrices program\u00e1ticas para este a\u00f1o. Este concurso contin\u00faa esa senda de ser una ventana de expresi\u00f3n al pa\u00eds, donde ni\u00f1os y ni\u00f1as puedan materializar sus miradas y sue\u00f1os alrededor de una tem\u00e1tica relevante y de inter\u00e9s general, a trav\u00e9s de una obra gr\u00e1fica que sintetice su sentir\u00bb, explica Carlos Urquieta, director ejecutivo de Ojo de Pescado.<\/p>\n<p style=\"text-align: justify;\">La convocatoria, cuyas bases y formulario de participaci\u00f3n ya est\u00e1n disponibles en <a href=\"http:\/\/www.ojodepescado.cl\">www.ojodepescado.cl<\/a>, se encuentra abierta para ni\u00f1os, ni\u00f1as y j\u00f3venes de todo Chile, quienes pueden participar con dibujos escaneados, que utilicen cualquier t\u00e9cnica y estilo.<\/p>\n<p style=\"text-align: justify;\">Es importante destacar que las y los ganadores recibir\u00e1n packs de productos Giotto, adem\u00e1s, una de las ilustraciones ganadoras ser\u00e1 elegida como la imagen oficial del 13\u00b0 Festival Ojo de Pescado, que se desarrollar\u00e1 entre el 5 y el 15 de noviembre. Tambi\u00e9n se realizar\u00e1 una selecci\u00f3n de ilustraciones que formar\u00e1n parte de una exposici\u00f3n que tendr\u00e1 lugar en la ciudad de Valpara\u00edso, el segundo semestre de este a\u00f1o.<\/p>\n<p style=\"text-align: justify;\"><strong><u>Convocatoria J\u00f3venes Cineastas<\/u><\/strong><\/p>\n<p style=\"text-align: justify;\">Del mismo modo, ya est\u00e1n abiertas las postulaciones para que estudiantes de Chile y Latinoam\u00e9rica postulen sus cortometrajes a la competencia \u201cJ\u00f3venes Cineastas\u201d del 13\u00b0 Festival Internacional de Cine para Ni\u00f1os, Ni\u00f1as y J\u00f3venes Ojo de Pescado.<\/p>\n<p style=\"text-align: justify;\">En esta categor\u00eda en competencia pueden postular hasta el 7 de julio \u2014a trav\u00e9s del formulario alojado en <a href=\"http:\/\/www.ojodepescado.cl\">www.ojodepescado.cl<\/a>\u2014 cortometrajes de ficci\u00f3n, animaci\u00f3n o no ficci\u00f3n, hechos por ni\u00f1os, ni\u00f1as y j\u00f3venes que, al momento de la realizaci\u00f3n de su obra, hayan tenido hasta 18 a\u00f1os de edad. La duraci\u00f3n del cortometraje debe ser igual o inferior a 30 minutos con cr\u00e9ditos incluidos.<\/p>\n<p style=\"text-align: justify;\">Las obras seleccionadas para participar ser\u00e1n exhibidas en salas de cine de Valpara\u00edso durante la semana del Festival, para que un jurado compuesto por profesores y profesoras de distintos lugares de Chile elija a los\/as ganadores\/as.<\/p>\n<p style=\"text-align: justify;\">En ese sentido, la directora art\u00edstica de Ojo de Pescado, Alejandra Fritis Zapata, se refiri\u00f3 al aporte que este tipo de actividades generan para el desarrollo formativo de ni\u00f1os y ni\u00f1as:<\/p>\n<p style=\"text-align: justify;\">\u00abComo disciplina art\u00edstica, el cine propone una mirada cr\u00edtica sobre la realidad y releva la construcci\u00f3n situada y colectiva del conocimiento; como herramienta comunicativa y expresiva, contribuye a garantizar derechos de las infancias relativos a la libertad de expresi\u00f3n y consideraci\u00f3n de sus opiniones, y como proceso pedag\u00f3gico, activa un di\u00e1logo entre las distintas asignaturas, articuladas en torno a un proyecto, al aprender haciendo, al trabajo en equipo, y a la colaboraci\u00f3n necesaria para el logro de metas significativas\u00bb.<\/p>\n<p style=\"text-align: justify;\">De este modo, Ojo de Pescado abre nuevamente diferentes espacios para que ni\u00f1os, ni\u00f1as y j\u00f3venes compartan su creatividad a trav\u00e9s del arte y el mundo audiovisual.<\/p>\n<p style=\"text-align: justify;\"><em>La Corporaci\u00f3n Cultural Ojo de Pescado forma parte del Programa de Apoyo a Organizaciones Culturales Colaboradoras del Ministerio de las Culturas, las Artes y el Patrimonio, que busca fortalecer y dar continuidad a instituciones y organizaciones culturales de derecho privado y sin fines de lucro. Este programa adem\u00e1s es parte del Sistema de Financiamiento a Organizaciones e Infraestructura Cultural del Ministerio de las Culturas, las Artes y el Patrimonio que integra, articula y coordina de forma transversal los planes, programas y fondos orientados al fomento y apoyo de las organizaciones, de la infraestructura cultural, y de la mediaci\u00f3n art\u00edstica. Todo esto con una vocaci\u00f3n descentralizada, mecanismos participativos, y la promoci\u00f3n de la creaci\u00f3n de redes y asociaciones.<\/em><\/p>\n<\/div><\/section><\/div><div  style='height:50px' class='hr hr-invisible   avia-builder-el-6  el_after_av_one_full  el_before_av_social_share '><span class='hr-inner ' ><span class='hr-inner-style'><\/span><\/span><\/div><\/p>\n<div  class='av-social-sharing-box  avia-builder-el-7  el_after_av_hr  el_before_av_hr  '><div class='av-share-box'><h5 class='av-share-link-description av-no-toc '>Compartir esta noticia<\/h5><ul class='av-share-box-list noLightbox'><li class='av-share-link av-social-link-facebook' ><a target=\"_blank\" aria-label=\"Compartir en Facebook\" href='https:\/\/www.facebook.com\/sharer.php?u=https:\/\/radiorevelacionfm.cl\/?p=43071&#038;t=Ojo%20de%20Pescado%20lanza%20Concurso%20de%20Ilustraci%C3%B3n%20para%20ni%C3%B1os%2C%20ni%C3%B1as%20y%20j%C3%B3venes%20sobre%20el%20cuidado%20del%20medioambiente%20y%20el%20derecho%20a%20la%20ciudadan%C3%ADa' aria-hidden='false' data-av_icon='\ue8f3' data-av_iconfont='entypo-fontello' title='' data-avia-related-tooltip='Compartir en Facebook' rel=\"noopener\"><span class='avia_hidden_link_text'>Compartir en Facebook<\/span><\/a><\/li><li class='av-share-link av-social-link-twitter' ><a target=\"_blank\" aria-label=\"Compartir en Twitter\" href='https:\/\/twitter.com\/share?text=Ojo%20de%20Pescado%20lanza%20Concurso%20de%20Ilustraci%C3%B3n%20para%20ni%C3%B1os%2C%20ni%C3%B1as%20y%20j%C3%B3venes%20sobre%20el%20cuidado%20del%20medioambiente%20y%20el%20derecho%20a%20la%20ciudadan%C3%ADa&#038;url=https:\/\/radiorevelacionfm.cl\/?p=43071' aria-hidden='false' data-av_icon='\ue8f1' data-av_iconfont='entypo-fontello' title='' data-avia-related-tooltip='Compartir en Twitter' rel=\"noopener\"><span class='avia_hidden_link_text'>Compartir en Twitter<\/span><\/a><\/li><li class='av-share-link av-social-link-whatsapp' ><a target=\"_blank\" aria-label=\"Compartir en Whatsapp\" href='https:\/\/api.whatsapp.com\/send?text=https:\/\/radiorevelacionfm.cl\/?p=43071' aria-hidden='false' data-av_icon='\uf232' data-av_iconfont='entypo-fontello' title='' data-avia-related-tooltip='Compartir en Whatsapp' rel=\"noopener\"><span class='avia_hidden_link_text'>Compartir en Whatsapp<\/span><\/a><\/li><li class='av-share-link av-social-link-linkedin' ><a target=\"_blank\" aria-label=\"Compartir en LinkedIn\" href='https:\/\/linkedin.com\/shareArticle?mini=true&#038;title=Ojo%20de%20Pescado%20lanza%20Concurso%20de%20Ilustraci%C3%B3n%20para%20ni%C3%B1os%2C%20ni%C3%B1as%20y%20j%C3%B3venes%20sobre%20el%20cuidado%20del%20medioambiente%20y%20el%20derecho%20a%20la%20ciudadan%C3%ADa&#038;url=https:\/\/radiorevelacionfm.cl\/?p=43071' aria-hidden='false' data-av_icon='\ue8fc' data-av_iconfont='entypo-fontello' title='' data-avia-related-tooltip='Compartir en LinkedIn' rel=\"noopener\"><span class='avia_hidden_link_text'>Compartir en LinkedIn<\/span><\/a><\/li><li class='av-share-link av-social-link-mail' ><a  aria-label=\"Compartir por correo\" href='mailto:?subject=Ojo%20de%20Pescado%20lanza%20Concurso%20de%20Ilustraci%C3%B3n%20para%20ni%C3%B1os%2C%20ni%C3%B1as%20y%20j%C3%B3venes%20sobre%20el%20cuidado%20del%20medioambiente%20y%20el%20derecho%20a%20la%20ciudadan%C3%ADa&#038;body=https:\/\/radiorevelacionfm.cl\/?p=43071' aria-hidden='false' data-av_icon='\ue805' data-av_iconfont='entypo-fontello' title='' data-avia-related-tooltip='Compartir por correo'><span class='avia_hidden_link_text'>Compartir por correo<\/span><\/a><\/li><\/ul><\/div><\/div>\n<div  style='height:50px' class='hr hr-invisible   avia-builder-el-8  el_after_av_social_share  el_before_av_comments_list '><span class='hr-inner ' ><span class='hr-inner-style'><\/span><\/span><\/div>\n<div  class='av-buildercomment  av-blog-meta-html-info-disabled av-blog-meta-tag-disabled  '><\/div>\n","protected":false},"excerpt":{"rendered":"","protected":false},"author":1,"featured_media":43072,"comment_status":"open","ping_status":"open","sticky":false,"template":"","format":"standard","meta":{"footnotes":""},"categories":[52],"tags":[],"class_list":["post-43071","post","type-post","status-publish","format-standard","has-post-thumbnail","hentry","category-cultura"],"jetpack_featured_media_url":"https:\/\/radiorevelacionfm.cl\/wp-content\/uploads\/2024\/06\/Ojo-de-Pescado-1-1-1.jpg","_links":{"self":[{"href":"https:\/\/radiorevelacionfm.cl\/index.php?rest_route=\/wp\/v2\/posts\/43071","targetHints":{"allow":["GET"]}}],"collection":[{"href":"https:\/\/radiorevelacionfm.cl\/index.php?rest_route=\/wp\/v2\/posts"}],"about":[{"href":"https:\/\/radiorevelacionfm.cl\/index.php?rest_route=\/wp\/v2\/types\/post"}],"author":[{"embeddable":true,"href":"https:\/\/radiorevelacionfm.cl\/index.php?rest_route=\/wp\/v2\/users\/1"}],"replies":[{"embeddable":true,"href":"https:\/\/radiorevelacionfm.cl\/index.php?rest_route=%2Fwp%2Fv2%2Fcomments&post=43071"}],"version-history":[{"count":1,"href":"https:\/\/radiorevelacionfm.cl\/index.php?rest_route=\/wp\/v2\/posts\/43071\/revisions"}],"predecessor-version":[{"id":43073,"href":"https:\/\/radiorevelacionfm.cl\/index.php?rest_route=\/wp\/v2\/posts\/43071\/revisions\/43073"}],"wp:featuredmedia":[{"embeddable":true,"href":"https:\/\/radiorevelacionfm.cl\/index.php?rest_route=\/wp\/v2\/media\/43072"}],"wp:attachment":[{"href":"https:\/\/radiorevelacionfm.cl\/index.php?rest_route=%2Fwp%2Fv2%2Fmedia&parent=43071"}],"wp:term":[{"taxonomy":"category","embeddable":true,"href":"https:\/\/radiorevelacionfm.cl\/index.php?rest_route=%2Fwp%2Fv2%2Fcategories&post=43071"},{"taxonomy":"post_tag","embeddable":true,"href":"https:\/\/radiorevelacionfm.cl\/index.php?rest_route=%2Fwp%2Fv2%2Ftags&post=43071"}],"curies":[{"name":"wp","href":"https:\/\/api.w.org\/{rel}","templated":true}]}}