{"id":43067,"date":"2024-06-10T20:18:46","date_gmt":"2024-06-10T23:18:46","guid":{"rendered":"https:\/\/radiorevelacionfm.cl\/?p=43067"},"modified":"2024-06-10T20:18:46","modified_gmt":"2024-06-10T23:18:46","slug":"tras-allanamiento-carabineros-del-os-7-aysen-detuvo-a-sujeto-por-trafico-de-drogas-en-coyhaique","status":"publish","type":"post","link":"https:\/\/radiorevelacionfm.cl\/?p=43067","title":{"rendered":"Tras allanamiento Carabineros del OS-7 Ays\u00e9n detuvo a sujeto por tr\u00e1fico de drogas en Coyhaique"},"content":{"rendered":"<div class=\"flex_column av_one_full  flex_column_div av-zero-column-padding first  avia-builder-el-0  el_before_av_one_full  avia-builder-el-first  \" style='border-radius:0px; '><div  class='avia-image-container  av-styling-    avia-builder-el-1  avia-builder-el-no-sibling  avia-align-center '  itemprop=\"image\" itemscope=\"itemscope\" itemtype=\"https:\/\/schema.org\/ImageObject\"  ><div class='avia-image-container-inner'><div class='avia-image-overlay-wrap'><img decoding=\"async\" class='wp-image-43068 avia-img-lazy-loading-not-43068 avia_image' src=\"https:\/\/radiorevelacionfm.cl\/wp-content\/uploads\/2024\/06\/4222a8b1-bdad-4b27-8d2d-4636d61593af-1_optimized-1_optimized-1.jpg\" alt='' title='4222a8b1-bdad-4b27-8d2d-4636d61593af-(1)_optimized-(1)_optimized (1)' height=\"600\" width=\"1058\"  itemprop=\"thumbnailUrl\" srcset=\"https:\/\/radiorevelacionfm.cl\/wp-content\/uploads\/2024\/06\/4222a8b1-bdad-4b27-8d2d-4636d61593af-1_optimized-1_optimized-1.jpg 1058w, https:\/\/radiorevelacionfm.cl\/wp-content\/uploads\/2024\/06\/4222a8b1-bdad-4b27-8d2d-4636d61593af-1_optimized-1_optimized-1-300x170.jpg 300w, https:\/\/radiorevelacionfm.cl\/wp-content\/uploads\/2024\/06\/4222a8b1-bdad-4b27-8d2d-4636d61593af-1_optimized-1_optimized-1-1030x584.jpg 1030w, https:\/\/radiorevelacionfm.cl\/wp-content\/uploads\/2024\/06\/4222a8b1-bdad-4b27-8d2d-4636d61593af-1_optimized-1_optimized-1-768x436.jpg 768w, https:\/\/radiorevelacionfm.cl\/wp-content\/uploads\/2024\/06\/4222a8b1-bdad-4b27-8d2d-4636d61593af-1_optimized-1_optimized-1-705x400.jpg 705w, https:\/\/radiorevelacionfm.cl\/wp-content\/uploads\/2024\/06\/4222a8b1-bdad-4b27-8d2d-4636d61593af-1_optimized-1_optimized-1-450x255.jpg 450w, https:\/\/radiorevelacionfm.cl\/wp-content\/uploads\/2024\/06\/4222a8b1-bdad-4b27-8d2d-4636d61593af-1_optimized-1_optimized-1-600x340.jpg 600w\" sizes=\"(max-width: 1058px) 100vw, 1058px\" \/><\/div><\/div><\/div><\/div><div class=\"flex_column av_one_full  flex_column_div av-zero-column-padding first  avia-builder-el-2  el_after_av_one_full  el_before_av_one_full  column-top-margin\" style='border-radius:0px; '><section class=\"av_textblock_section \"  itemscope=\"itemscope\" itemtype=\"https:\/\/schema.org\/BlogPosting\" itemprop=\"blogPost\" ><div class='avia_textblock  '   itemprop=\"text\" ><p style=\"text-align: center;\"><strong><span style=\"font-size: 18pt;\">Tras allanamiento Carabineros del OS-7 Ays\u00e9n detuvo a sujeto por tr\u00e1fico de drogas en Coyhaique<\/span><\/strong><\/p>\n<div id=\"gtx-trans\" style=\"position: absolute; left: -50px; top: 4.31534px;\">\n<div class=\"gtx-trans-icon\"><\/div>\n<\/div>\n<\/div><\/section><\/div><div class=\"flex_column av_one_full  flex_column_div av-zero-column-padding first  avia-builder-el-4  el_after_av_one_full  el_before_av_hr  column-top-margin\" style='border-radius:0px; '><section class=\"av_textblock_section \"  itemscope=\"itemscope\" itemtype=\"https:\/\/schema.org\/BlogPosting\" itemprop=\"blogPost\" ><div class='avia_textblock  '   itemprop=\"text\" ><div>\n<p class=\"v1MsoNormal\" style=\"text-align: justify;\"><span lang=\"ES-MX\">La diligencia desarrollada en coordinaci\u00f3n con la Fiscal\u00eda permiti\u00f3 sacar de circulaci\u00f3n marihuana, sumado a la incautaci\u00f3n de un veh\u00edculo, dinero en efectivo y elementos asociados a la comisi\u00f3n de este delito.<\/span><\/p>\n<p class=\"v1MsoNormal\" style=\"text-align: justify;\"><span lang=\"ES-MX\">El imputado quien fue dejado sujeto a la medida cautelar de prisi\u00f3n preventiva, registra 15 reiteraciones previas por diversos delitos.<\/span><\/p>\n<p class=\"v1MsoNormal\" style=\"text-align: justify;\"><span lang=\"ES-MX\">Diligencias investigativas desarrolladas por Carabineros de dotaci\u00f3n de la Secci\u00f3n OS-7 Ays\u00e9n, culminaron con la detenci\u00f3n de un sujeto por el delito de tr\u00e1fico il\u00edcito de drogas en la ciudad de Coyhaique.<\/span><\/p>\n<p class=\"v1MsoNormal\" style=\"text-align: justify;\"><span lang=\"ES-MX\">Mediante t\u00e9cnicas contempladas en la ley 20.000, agentes especializados de Carabineros detectaron de manera flagrante una transacci\u00f3n ilegal de drogas, efectuando una fiscalizaci\u00f3n.<\/span><\/p>\n<p class=\"v1MsoNormal\" style=\"text-align: justify;\"><span lang=\"ES-MX\">Los antecedentes del procedimiento fueron informados a la Fiscal\u00eda local de esta ciudad, logrando obtener una orden de ingreso y registro a un inmueble, diligencia que fue apoyada por servicios especializados integrados por el GOPE, 5ta Comisar\u00eda de Control del Orden P\u00fablico (COP) y la 1ra Comisar\u00eda de Coyhaique, logrando obtener diversa evidencia asociada al delito investigado.<\/span><\/p>\n<p class=\"v1MsoNormal\" style=\"text-align: justify;\"><span lang=\"ES-MX\">Al interior de una propiedad, Carabineros decomis\u00f3 tres bolsas contenedoras de 249,9 grs de marihuana, 149 mil pesos en dinero en efectivo, adem\u00e1s de un veh\u00edculo y otros elementos asociados al il\u00edcito, los cuales fueron incautados.<\/span><\/p>\n<p class=\"v1MsoNormal\" style=\"text-align: justify;\"><span lang=\"ES-MX\">El detenido fue formalizado por delito de tr\u00e1fico de drogas, quedando sujeto a la medida cautelar de prisi\u00f3n preventiva, siendo fijado un plazo de 60 d\u00edas para el cierre de la investigaci\u00f3n.<\/span><\/p>\n<p class=\"v1MsoNormal\" style=\"text-align: justify;\"><span lang=\"ES-MX\">El sujeto registra 15 reiteraciones previas por diversos delitos entre los que destacan; cuatro aprehensiones por robo, dos por hurto, dos por amenazas, porte arma blanca, oponerse a la acci\u00f3n de la autoridad p\u00fablica, lesiones con arma blanca, porte de arma prohibida, entre otros.<\/span><\/p>\n<p class=\"v1MsoNormal\" style=\"text-align: justify;\"><span lang=\"ES-MX\">Cabe se\u00f1alar que, desde el mes de enero al 2 de junio del presente a\u00f1o, la Instituci\u00f3n uniformada ha detenido a 2.037 personas en la regi\u00f3n, de las cuales 94 son por infracci\u00f3n a la ley de drogas (de estas, un 24% registra detenciones previas por parte de Carabineros), logrando el decomiso de 2,8 kg de sustancias prohibidas, mismo periodo en el cual -en coordinaci\u00f3n con la Fiscal\u00eda- se han efectuado 11 allanamientos en la regi\u00f3n.<\/span><\/p>\n<p class=\"v1MsoNormal\" style=\"text-align: justify;\"><span lang=\"ES-MX\">Carabineros del OS-7 Ays\u00e9n reiter\u00f3 el llamado a la comunidad a denunciar de manera an\u00f3nima y gratuita materias relacionadas con este flagelo al fono drogas 135, el cual es atendido las 24 horas del d\u00eda y los 365 d\u00edas del a\u00f1o por agentes especializados del OS-7, permitiendo iniciar procesos investigativos y derivar los antecedentes a los Tribunales de Justicia.\u00a0 \u00a0 \u00a0<\/span><\/p>\n<\/div>\n<div style=\"text-align: justify;\"><\/div>\n<\/div><\/section><\/div><div  style='height:50px' class='hr hr-invisible   avia-builder-el-6  el_after_av_one_full  el_before_av_social_share '><span class='hr-inner ' ><span class='hr-inner-style'><\/span><\/span><\/div><\/p>\n<div  class='av-social-sharing-box  avia-builder-el-7  el_after_av_hr  el_before_av_hr  '><div class='av-share-box'><h5 class='av-share-link-description av-no-toc '>Compartir esta noticia<\/h5><ul class='av-share-box-list noLightbox'><li class='av-share-link av-social-link-facebook' ><a target=\"_blank\" aria-label=\"Compartir en Facebook\" href='https:\/\/www.facebook.com\/sharer.php?u=https:\/\/radiorevelacionfm.cl\/?p=43067&#038;t=Tras%20allanamiento%20Carabineros%20del%20OS-7%20Ays%C3%A9n%20detuvo%20a%20sujeto%20por%20tr%C3%A1fico%20de%20drogas%20en%20Coyhaique' aria-hidden='false' data-av_icon='\ue8f3' data-av_iconfont='entypo-fontello' title='' data-avia-related-tooltip='Compartir en Facebook' rel=\"noopener\"><span class='avia_hidden_link_text'>Compartir en Facebook<\/span><\/a><\/li><li class='av-share-link av-social-link-twitter' ><a target=\"_blank\" aria-label=\"Compartir en Twitter\" href='https:\/\/twitter.com\/share?text=Tras%20allanamiento%20Carabineros%20del%20OS-7%20Ays%C3%A9n%20detuvo%20a%20sujeto%20por%20tr%C3%A1fico%20de%20drogas%20en%20Coyhaique&#038;url=https:\/\/radiorevelacionfm.cl\/?p=43067' aria-hidden='false' data-av_icon='\ue8f1' data-av_iconfont='entypo-fontello' title='' data-avia-related-tooltip='Compartir en Twitter' rel=\"noopener\"><span class='avia_hidden_link_text'>Compartir en Twitter<\/span><\/a><\/li><li class='av-share-link av-social-link-whatsapp' ><a target=\"_blank\" aria-label=\"Compartir en Whatsapp\" href='https:\/\/api.whatsapp.com\/send?text=https:\/\/radiorevelacionfm.cl\/?p=43067' aria-hidden='false' data-av_icon='\uf232' data-av_iconfont='entypo-fontello' title='' data-avia-related-tooltip='Compartir en Whatsapp' rel=\"noopener\"><span class='avia_hidden_link_text'>Compartir en Whatsapp<\/span><\/a><\/li><li class='av-share-link av-social-link-linkedin' ><a target=\"_blank\" aria-label=\"Compartir en LinkedIn\" href='https:\/\/linkedin.com\/shareArticle?mini=true&#038;title=Tras%20allanamiento%20Carabineros%20del%20OS-7%20Ays%C3%A9n%20detuvo%20a%20sujeto%20por%20tr%C3%A1fico%20de%20drogas%20en%20Coyhaique&#038;url=https:\/\/radiorevelacionfm.cl\/?p=43067' aria-hidden='false' data-av_icon='\ue8fc' data-av_iconfont='entypo-fontello' title='' data-avia-related-tooltip='Compartir en LinkedIn' rel=\"noopener\"><span class='avia_hidden_link_text'>Compartir en LinkedIn<\/span><\/a><\/li><li class='av-share-link av-social-link-mail' ><a  aria-label=\"Compartir por correo\" href='mailto:?subject=Tras%20allanamiento%20Carabineros%20del%20OS-7%20Ays%C3%A9n%20detuvo%20a%20sujeto%20por%20tr%C3%A1fico%20de%20drogas%20en%20Coyhaique&#038;body=https:\/\/radiorevelacionfm.cl\/?p=43067' aria-hidden='false' data-av_icon='\ue805' data-av_iconfont='entypo-fontello' title='' data-avia-related-tooltip='Compartir por correo'><span class='avia_hidden_link_text'>Compartir por correo<\/span><\/a><\/li><\/ul><\/div><\/div>\n<div  style='height:50px' class='hr hr-invisible   avia-builder-el-8  el_after_av_social_share  el_before_av_comments_list '><span class='hr-inner ' ><span class='hr-inner-style'><\/span><\/span><\/div>\n<div  class='av-buildercomment  av-blog-meta-html-info-disabled av-blog-meta-tag-disabled  '><\/div>\n","protected":false},"excerpt":{"rendered":"","protected":false},"author":1,"featured_media":43068,"comment_status":"open","ping_status":"open","sticky":false,"template":"","format":"standard","meta":{"footnotes":""},"categories":[36],"tags":[],"class_list":["post-43067","post","type-post","status-publish","format-standard","has-post-thumbnail","hentry","category-policial"],"jetpack_featured_media_url":"https:\/\/radiorevelacionfm.cl\/wp-content\/uploads\/2024\/06\/4222a8b1-bdad-4b27-8d2d-4636d61593af-1_optimized-1_optimized-1.jpg","_links":{"self":[{"href":"https:\/\/radiorevelacionfm.cl\/index.php?rest_route=\/wp\/v2\/posts\/43067","targetHints":{"allow":["GET"]}}],"collection":[{"href":"https:\/\/radiorevelacionfm.cl\/index.php?rest_route=\/wp\/v2\/posts"}],"about":[{"href":"https:\/\/radiorevelacionfm.cl\/index.php?rest_route=\/wp\/v2\/types\/post"}],"author":[{"embeddable":true,"href":"https:\/\/radiorevelacionfm.cl\/index.php?rest_route=\/wp\/v2\/users\/1"}],"replies":[{"embeddable":true,"href":"https:\/\/radiorevelacionfm.cl\/index.php?rest_route=%2Fwp%2Fv2%2Fcomments&post=43067"}],"version-history":[{"count":1,"href":"https:\/\/radiorevelacionfm.cl\/index.php?rest_route=\/wp\/v2\/posts\/43067\/revisions"}],"predecessor-version":[{"id":43069,"href":"https:\/\/radiorevelacionfm.cl\/index.php?rest_route=\/wp\/v2\/posts\/43067\/revisions\/43069"}],"wp:featuredmedia":[{"embeddable":true,"href":"https:\/\/radiorevelacionfm.cl\/index.php?rest_route=\/wp\/v2\/media\/43068"}],"wp:attachment":[{"href":"https:\/\/radiorevelacionfm.cl\/index.php?rest_route=%2Fwp%2Fv2%2Fmedia&parent=43067"}],"wp:term":[{"taxonomy":"category","embeddable":true,"href":"https:\/\/radiorevelacionfm.cl\/index.php?rest_route=%2Fwp%2Fv2%2Fcategories&post=43067"},{"taxonomy":"post_tag","embeddable":true,"href":"https:\/\/radiorevelacionfm.cl\/index.php?rest_route=%2Fwp%2Fv2%2Ftags&post=43067"}],"curies":[{"name":"wp","href":"https:\/\/api.w.org\/{rel}","templated":true}]}}