{"id":43064,"date":"2024-06-10T19:57:23","date_gmt":"2024-06-10T22:57:23","guid":{"rendered":"https:\/\/radiorevelacionfm.cl\/?p=43064"},"modified":"2024-06-10T20:19:36","modified_gmt":"2024-06-10T23:19:36","slug":"copa-chile-2024-autorizan-partido-entre-club-alas-portuarias-de-puerto-aysen-y-deportes-puerto-montt","status":"publish","type":"post","link":"https:\/\/radiorevelacionfm.cl\/?p=43064","title":{"rendered":"Copa Chile 2024: Autorizan partido entre Club Alas Portuarias de Ays\u00e9n y Deportes Puerto Montt"},"content":{"rendered":"<div class=\"flex_column av_one_full  flex_column_div av-zero-column-padding first  avia-builder-el-0  el_before_av_one_full  avia-builder-el-first  \" style='border-radius:0px; '><div  class='avia-image-container  av-styling-    avia-builder-el-1  avia-builder-el-no-sibling  avia-align-center '  itemprop=\"image\" itemscope=\"itemscope\" itemtype=\"https:\/\/schema.org\/ImageObject\"  ><div class='avia-image-container-inner'><div class='avia-image-overlay-wrap'><img decoding=\"async\" class='wp-image-43065 avia-img-lazy-loading-not-43065 avia_image' src=\"https:\/\/radiorevelacionfm.cl\/wp-content\/uploads\/2024\/06\/estadio-anfa-aysen2-1_optimized.jpg\" alt='' title='estadio-anfa-aysen2-(1)_optimized' height=\"600\" width=\"1069\"  itemprop=\"thumbnailUrl\" srcset=\"https:\/\/radiorevelacionfm.cl\/wp-content\/uploads\/2024\/06\/estadio-anfa-aysen2-1_optimized.jpg 1069w, https:\/\/radiorevelacionfm.cl\/wp-content\/uploads\/2024\/06\/estadio-anfa-aysen2-1_optimized-300x168.jpg 300w, https:\/\/radiorevelacionfm.cl\/wp-content\/uploads\/2024\/06\/estadio-anfa-aysen2-1_optimized-1030x578.jpg 1030w, https:\/\/radiorevelacionfm.cl\/wp-content\/uploads\/2024\/06\/estadio-anfa-aysen2-1_optimized-768x431.jpg 768w, https:\/\/radiorevelacionfm.cl\/wp-content\/uploads\/2024\/06\/estadio-anfa-aysen2-1_optimized-705x396.jpg 705w, https:\/\/radiorevelacionfm.cl\/wp-content\/uploads\/2024\/06\/estadio-anfa-aysen2-1_optimized-450x253.jpg 450w, https:\/\/radiorevelacionfm.cl\/wp-content\/uploads\/2024\/06\/estadio-anfa-aysen2-1_optimized-600x337.jpg 600w\" sizes=\"(max-width: 1069px) 100vw, 1069px\" \/><\/div><\/div><\/div><\/div>\n<div class=\"flex_column av_one_full  flex_column_div av-zero-column-padding first  avia-builder-el-2  el_after_av_one_full  el_before_av_one_full  column-top-margin\" style='border-radius:0px; '><section class=\"av_textblock_section \"  itemscope=\"itemscope\" itemtype=\"https:\/\/schema.org\/BlogPosting\" itemprop=\"blogPost\" ><div class='avia_textblock  '   itemprop=\"text\" ><p style=\"text-align: center;\"><strong><span style=\"font-size: 18pt;\">Copa Chile 2024: Autorizan partido entre Club Alas Portuarias de Ays\u00e9n y Deportes Puerto Montt<\/span><\/strong><\/p>\n<div id=\"gtx-trans\" style=\"position: absolute; left: -50px; top: 4.31534px;\">\n<div class=\"gtx-trans-icon\"><\/div>\n<\/div>\n<\/div><\/section><\/div><div class=\"flex_column av_one_full  flex_column_div av-zero-column-padding first  avia-builder-el-4  el_after_av_one_full  el_before_av_hr  column-top-margin\" style='border-radius:0px; '><section class=\"av_textblock_section \"  itemscope=\"itemscope\" itemtype=\"https:\/\/schema.org\/BlogPosting\" itemprop=\"blogPost\" ><div class='avia_textblock  '   itemprop=\"text\" ><p style=\"text-align: justify;\">La Delegaci\u00f3n Presidencial Regional de Ays\u00e9n autoriz\u00f3 el partido entre Club Alas Portuarias de Puerto Ays\u00e9n y Deportes Puerto Montt en el marco de la Copa Chile 2024, programado para este domingo 16 de junio, a las 14:00 horas en el Estadio ANFA de Puerto Ays\u00e9n.<\/p>\n<p style=\"text-align: justify;\">As\u00ed lo inform\u00f3 el Delegado Presidencial Regional, Rodrigo Araya, tras una reuni\u00f3n junto al Subprefecto de los servicios de la Prefectura de Carabineros Ays\u00e9n, Jean Paul Aravena Carrasco; el presidente del Club, Luis Curiqueo, director t\u00e9cnico Jorge \u00c1lvarez; presidente Anfa Puerto Ays\u00e9n, Esquivel Bravo, y el presidente regional del F\u00fatbol Amateur, Patricio Sald\u00edas.<\/p>\n<p style=\"text-align: justify;\">\u201cHemos revisado el informe de Carabineros con respecto a los temas de seguridad, que es lo que nos compete como Delegaci\u00f3n Presidencial, y el Club ha respondido todos los puntos, haciendo un esfuerzo muy importante para tener todos los elementos de seguridad pertinentes para que se efect\u00fae este partido en Puerto Ays\u00e9n. Les deseamos \u00e9xito, pero advertimos que vamos a estar atentos a que se cumplan los compromisos, para que vengan otros partidos importantes seguros y las familias puedan participar\u201d, indic\u00f3.<\/p>\n<p style=\"text-align: justify;\">Luis Curiqueo Medina, presidente del Club Deportivo Alas de Puerto Ays\u00e9n, a\u00f1adi\u00f3 que se pudieron abordar todos los puntos, por lo que solo resta preparar los detalles para el encuentro de este domingo.<\/p>\n<p style=\"text-align: justify;\">\u201cEstamos s\u00faper contentos, porque ten\u00edamos este sue\u00f1o de realizar el partido en nuestra localidad, sobre todo, porque queremos dar un espect\u00e1culo que desde hace mucho tiempo no se ve\u00eda en nuestra regi\u00f3n. Estamos agradecidos de todos quienes ayudaron desde el primer d\u00eda y, sobre todo, que se realiz\u00f3 este sue\u00f1o. La idea es seguir creciendo como comunidad, la parte deportiva y tener recintos acordes para traer equipos profesionales, para dar espect\u00e1culos de buena calidad para la gente que va a presenciar este partido\u201d, enfatiz\u00f3.<\/p>\n<p style=\"text-align: justify;\">Jean Paul Aravena Carrasco, subprefecto de los servicios Prefectura Ays\u00e9n, precis\u00f3 que \u201ccomo Carabineros nos encontramos muy contentos y orgullosos de poder cooperar con esta actividad en Ays\u00e9n, esperando que sea una actividad familiar. Invitamos a que las familias puedan concurrir en forma segura, ya que todos nuestros esfuerzos est\u00e1n orientados a dar seguridad a los asistentes. Las personas que concurran deben acatar las disposiciones de seguridad, destinadas a brindar seguridad a quienes concurren\u201d.<\/p>\n<p style=\"text-align: justify;\">Las entradas tienen un valor de 4.000 pesos por persona, con preventa disponible desde este martes en la sede del Club Deportivo Alas en Teniente Merino 346, portando c\u00e9dula de identidad.<\/p>\n<p style=\"text-align: justify;\">En tanto, el Estadio ANFA de Puerto Ays\u00e9n tiene un aforo cercano a las 1.300 personas.<\/p>\n<\/div><\/section><\/div><\/p>\n<div  style='height:50px' class='hr hr-invisible   avia-builder-el-6  el_after_av_one_full  el_before_av_social_share '><span class='hr-inner ' ><span class='hr-inner-style'><\/span><\/span><\/div>\n<div  class='av-social-sharing-box  avia-builder-el-7  el_after_av_hr  el_before_av_hr  '><div class='av-share-box'><h5 class='av-share-link-description av-no-toc '>Compartir esta noticia<\/h5><ul class='av-share-box-list noLightbox'><li class='av-share-link av-social-link-facebook' ><a target=\"_blank\" aria-label=\"Compartir en Facebook\" href='https:\/\/www.facebook.com\/sharer.php?u=https:\/\/radiorevelacionfm.cl\/?p=43064&#038;t=Copa%20Chile%202024%3A%20Autorizan%20partido%20entre%20Club%20Alas%20Portuarias%20de%20Ays%C3%A9n%20y%20Deportes%20Puerto%20Montt' aria-hidden='false' data-av_icon='\ue8f3' data-av_iconfont='entypo-fontello' title='' data-avia-related-tooltip='Compartir en Facebook' rel=\"noopener\"><span class='avia_hidden_link_text'>Compartir en Facebook<\/span><\/a><\/li><li class='av-share-link av-social-link-twitter' ><a target=\"_blank\" aria-label=\"Compartir en Twitter\" href='https:\/\/twitter.com\/share?text=Copa%20Chile%202024%3A%20Autorizan%20partido%20entre%20Club%20Alas%20Portuarias%20de%20Ays%C3%A9n%20y%20Deportes%20Puerto%20Montt&#038;url=https:\/\/radiorevelacionfm.cl\/?p=43064' aria-hidden='false' data-av_icon='\ue8f1' data-av_iconfont='entypo-fontello' title='' data-avia-related-tooltip='Compartir en Twitter' rel=\"noopener\"><span class='avia_hidden_link_text'>Compartir en Twitter<\/span><\/a><\/li><li class='av-share-link av-social-link-whatsapp' ><a target=\"_blank\" aria-label=\"Compartir en Whatsapp\" href='https:\/\/api.whatsapp.com\/send?text=https:\/\/radiorevelacionfm.cl\/?p=43064' aria-hidden='false' data-av_icon='\uf232' data-av_iconfont='entypo-fontello' title='' data-avia-related-tooltip='Compartir en Whatsapp' rel=\"noopener\"><span class='avia_hidden_link_text'>Compartir en Whatsapp<\/span><\/a><\/li><li class='av-share-link av-social-link-linkedin' ><a target=\"_blank\" aria-label=\"Compartir en LinkedIn\" href='https:\/\/linkedin.com\/shareArticle?mini=true&#038;title=Copa%20Chile%202024%3A%20Autorizan%20partido%20entre%20Club%20Alas%20Portuarias%20de%20Ays%C3%A9n%20y%20Deportes%20Puerto%20Montt&#038;url=https:\/\/radiorevelacionfm.cl\/?p=43064' aria-hidden='false' data-av_icon='\ue8fc' data-av_iconfont='entypo-fontello' title='' data-avia-related-tooltip='Compartir en LinkedIn' rel=\"noopener\"><span class='avia_hidden_link_text'>Compartir en LinkedIn<\/span><\/a><\/li><li class='av-share-link av-social-link-mail' ><a  aria-label=\"Compartir por correo\" href='mailto:?subject=Copa%20Chile%202024%3A%20Autorizan%20partido%20entre%20Club%20Alas%20Portuarias%20de%20Ays%C3%A9n%20y%20Deportes%20Puerto%20Montt&#038;body=https:\/\/radiorevelacionfm.cl\/?p=43064' aria-hidden='false' data-av_icon='\ue805' data-av_iconfont='entypo-fontello' title='' data-avia-related-tooltip='Compartir por correo'><span class='avia_hidden_link_text'>Compartir por correo<\/span><\/a><\/li><\/ul><\/div><\/div>\n<div  style='height:50px' class='hr hr-invisible   avia-builder-el-8  el_after_av_social_share  el_before_av_comments_list '><span class='hr-inner ' ><span class='hr-inner-style'><\/span><\/span><\/div>\n<div  class='av-buildercomment  av-blog-meta-html-info-disabled av-blog-meta-tag-disabled  '><\/div>\n","protected":false},"excerpt":{"rendered":"","protected":false},"author":1,"featured_media":43065,"comment_status":"open","ping_status":"open","sticky":false,"template":"","format":"standard","meta":{"footnotes":""},"categories":[40],"tags":[],"class_list":["post-43064","post","type-post","status-publish","format-standard","has-post-thumbnail","hentry","category-deportes"],"jetpack_featured_media_url":"https:\/\/radiorevelacionfm.cl\/wp-content\/uploads\/2024\/06\/estadio-anfa-aysen2-1_optimized.jpg","_links":{"self":[{"href":"https:\/\/radiorevelacionfm.cl\/index.php?rest_route=\/wp\/v2\/posts\/43064","targetHints":{"allow":["GET"]}}],"collection":[{"href":"https:\/\/radiorevelacionfm.cl\/index.php?rest_route=\/wp\/v2\/posts"}],"about":[{"href":"https:\/\/radiorevelacionfm.cl\/index.php?rest_route=\/wp\/v2\/types\/post"}],"author":[{"embeddable":true,"href":"https:\/\/radiorevelacionfm.cl\/index.php?rest_route=\/wp\/v2\/users\/1"}],"replies":[{"embeddable":true,"href":"https:\/\/radiorevelacionfm.cl\/index.php?rest_route=%2Fwp%2Fv2%2Fcomments&post=43064"}],"version-history":[{"count":2,"href":"https:\/\/radiorevelacionfm.cl\/index.php?rest_route=\/wp\/v2\/posts\/43064\/revisions"}],"predecessor-version":[{"id":43070,"href":"https:\/\/radiorevelacionfm.cl\/index.php?rest_route=\/wp\/v2\/posts\/43064\/revisions\/43070"}],"wp:featuredmedia":[{"embeddable":true,"href":"https:\/\/radiorevelacionfm.cl\/index.php?rest_route=\/wp\/v2\/media\/43065"}],"wp:attachment":[{"href":"https:\/\/radiorevelacionfm.cl\/index.php?rest_route=%2Fwp%2Fv2%2Fmedia&parent=43064"}],"wp:term":[{"taxonomy":"category","embeddable":true,"href":"https:\/\/radiorevelacionfm.cl\/index.php?rest_route=%2Fwp%2Fv2%2Fcategories&post=43064"},{"taxonomy":"post_tag","embeddable":true,"href":"https:\/\/radiorevelacionfm.cl\/index.php?rest_route=%2Fwp%2Fv2%2Ftags&post=43064"}],"curies":[{"name":"wp","href":"https:\/\/api.w.org\/{rel}","templated":true}]}}