{"id":43061,"date":"2024-06-10T23:08:46","date_gmt":"2024-06-11T02:08:46","guid":{"rendered":"https:\/\/radiorevelacionfm.cl\/?p=43061"},"modified":"2024-06-10T23:08:46","modified_gmt":"2024-06-11T02:08:46","slug":"gobierno-reconoce-pesqueria-del-puye-en-el-area-de-conservacion-de-multiples-usos-pitipalena-anihue","status":"publish","type":"post","link":"https:\/\/radiorevelacionfm.cl\/?p=43061","title":{"rendered":"Gobierno reconoce Pesquer\u00eda del Puye en el \u00e1rea de conservaci\u00f3n de m\u00faltiples usos Pitipalena-A\u00f1ihue"},"content":{"rendered":"<div class=\"flex_column av_one_full  flex_column_div av-zero-column-padding first  avia-builder-el-0  el_before_av_one_full  avia-builder-el-first  \" style='border-radius:0px; '><div  class='avia-image-container  av-styling-    avia-builder-el-1  avia-builder-el-no-sibling  avia-align-center '  itemprop=\"image\" itemscope=\"itemscope\" itemtype=\"https:\/\/schema.org\/ImageObject\"  ><div class='avia-image-container-inner'><div class='avia-image-overlay-wrap'><img decoding=\"async\" class='wp-image-43062 avia-img-lazy-loading-not-43062 avia_image' src=\"https:\/\/radiorevelacionfm.cl\/wp-content\/uploads\/2024\/06\/img_6227-1_optimized-1.jpg\" alt='' title='img_6227-(1)_optimized (1)' height=\"600\" width=\"1067\"  itemprop=\"thumbnailUrl\" srcset=\"https:\/\/radiorevelacionfm.cl\/wp-content\/uploads\/2024\/06\/img_6227-1_optimized-1.jpg 1067w, https:\/\/radiorevelacionfm.cl\/wp-content\/uploads\/2024\/06\/img_6227-1_optimized-1-300x169.jpg 300w, https:\/\/radiorevelacionfm.cl\/wp-content\/uploads\/2024\/06\/img_6227-1_optimized-1-1030x579.jpg 1030w, https:\/\/radiorevelacionfm.cl\/wp-content\/uploads\/2024\/06\/img_6227-1_optimized-1-768x432.jpg 768w, https:\/\/radiorevelacionfm.cl\/wp-content\/uploads\/2024\/06\/img_6227-1_optimized-1-705x396.jpg 705w, https:\/\/radiorevelacionfm.cl\/wp-content\/uploads\/2024\/06\/img_6227-1_optimized-1-450x253.jpg 450w, https:\/\/radiorevelacionfm.cl\/wp-content\/uploads\/2024\/06\/img_6227-1_optimized-1-600x337.jpg 600w\" sizes=\"(max-width: 1067px) 100vw, 1067px\" \/><\/div><\/div><\/div><\/div>\n<div class=\"flex_column av_one_full  flex_column_div av-zero-column-padding first  avia-builder-el-2  el_after_av_one_full  el_before_av_one_full  column-top-margin\" style='border-radius:0px; '><section class=\"av_textblock_section \"  itemscope=\"itemscope\" itemtype=\"https:\/\/schema.org\/BlogPosting\" itemprop=\"blogPost\" ><div class='avia_textblock  '   itemprop=\"text\" ><p style=\"text-align: center;\"><strong><span style=\"font-size: 18pt;\">Gobierno reconoce Pesquer\u00eda del Puye en el \u00e1rea de conservaci\u00f3n de m\u00faltiples usos Pitipalena-A\u00f1ihue<\/span><\/strong><\/p>\n<div id=\"gtx-trans\" style=\"position: absolute; left: -50px; top: 4.31534px;\">\n<div class=\"gtx-trans-icon\"><\/div>\n<\/div>\n<\/div><\/section><\/div><div class=\"flex_column av_one_full  flex_column_div av-zero-column-padding first  avia-builder-el-4  el_after_av_one_full  el_before_av_hr  column-top-margin\" style='border-radius:0px; '><section class=\"av_textblock_section \"  itemscope=\"itemscope\" itemtype=\"https:\/\/schema.org\/BlogPosting\" itemprop=\"blogPost\" ><div class='avia_textblock  '   itemprop=\"text\" ><p style=\"text-align: justify;\">En una ceremonia que tuvo lugar en la localidad de Puerto Ra\u00fal Mar\u00edn Balmaceda, 71 puyeros y puyeras de la localidad recibieron las resoluciones que reconocen la pesquer\u00eda del Puye, en un hito hist\u00f3rico nacional de pesquer\u00eda en peque\u00f1a escala para pescadores de orilla.<\/p>\n<p style=\"text-align: justify;\">\u201cLo que logramos ac\u00e1 es un hito que marca una gesti\u00f3n que llevaba mucho tiempo, que tiene una demanda de la localidad y que mediante la articulaci\u00f3n de distintos ministerios, logra una resoluci\u00f3n que conecta con este impacto y que permite so\u00f1ar con una gesti\u00f3n distinta de c\u00f3mo podemos hacer un trabajo en los distintos lugares. El Presidente Gabriel Boric en su cuenta p\u00fablica, mencionaba el desarrollo justo, resiliente y sostenible, y particularmente pensar en que podamos llegar con una pesquer\u00eda a peque\u00f1a escala, con recolectores de orilla en el marco de un \u00e1rea marina,\u00a0 en el nivel de especificidad de este proceso, ten\u00eda muchas dificultades, pero lograr subsanarlas tambi\u00e9n es motivo de orgullo. Ustedes son los primeros pescadores reconocidos a nivel nacional y eso nos tiene que llenar de orgullo a todos y todas la regi\u00f3n\u201d, declar\u00f3 el Seremi del Medio Ambiente Yoal D\u00edaz.<\/p>\n<p style=\"text-align: justify;\">La actividad cont\u00f3 con la presencia del Delegado Presidencial Provincial de Ays\u00e9n, Alcalde de Cisnes, Director Regional (s) Sernapesca, y Direcci\u00f3n Zonal de Pesca, dando cuenta del importante trabajo de gobernanza\u00a0 desarrollado durante el proceso, donde fueron apoyados tambi\u00e9n por IFOP y el proyecto GEF-FAO de Gobernanza Marina, que en alianza permitieron la concreci\u00f3n de este proyecto, donde se destaca con la amplia participaci\u00f3n de la comunidad y se reconoce el logro comunitario mediante el fortalecimiento de la ciudadan\u00eda \u00a0organizada.<\/p>\n<p style=\"text-align: justify;\">\u201cEsto tambi\u00e9n surgi\u00f3 justamente por el tema del decreto del \u00c1rea Marina Costera Protegida, un hito sumamente importante, porque ya teniendo el \u00e1rea marina nos permit\u00eda revisar una serie de otras cosas que para nosotros en lo normativo era pr\u00e1cticamente impensado y adicional al tema del hito de la inscripci\u00f3n de empuje que ustedes tienen ahora como recolectores de orilla. Yo creo que tambi\u00e9n marc\u00f3 un tema, un hito interinstitucional\u201d, declar\u00f3 el Director regional (s) Sernapesca, Juan Carlos Orellana.<\/p>\n<p style=\"text-align: justify;\">El \u00c1rea de Conservaci\u00f3n de M\u00faltiples Usos (ACMU) Pitipalena-A\u00f1ihue, perteneciente a la Comuna de Cisnes, se crea con el objetivo de conservar la calidad ambiental de los sistemas ecol\u00f3gicos fluviales, estuarinos y marinos, y fomentar su conservaci\u00f3n en el \u00e1rea de influencia, para mantener la integridad del paisaje, la biodiversidad y la productividad biol\u00f3gica, as\u00ed como recuperar los recursos marinos para el uso sustentable de la comunidad de Ra\u00fal Mar\u00edn Balmaceda y potenciar oportunidades de desarrollo compatibles con los usos del territorio y la zona costera.<\/p>\n<p style=\"text-align: justify;\">Dentro de los objetos de protecci\u00f3n del \u00e1rea se consideran las poblaciones de especies de importancia comercial, la calidad de paisaje y las comunidades de peces como el Puye (Galaxias maculatus).<\/p>\n<p style=\"text-align: justify;\">El Plan de Manejo del \u00c1rea Pitipalena A\u00f1ihue est\u00e1 orientado a minimizar las amenazas cr\u00edticas detectadas y priorizadas. Para lo cual se elaboran Estrategias de manejo efectivas, que permitan cumplir con el objetivo de creaci\u00f3n del \u00e1rea, y la mantenci\u00f3n de la calidad de los objetos de conservaci\u00f3n, para lo cual se deber\u00e1n desarrollar actividades econ\u00f3micas compatibles con el \u00e1rea y que no pongan en peligro sus objetos de conservaci\u00f3n.<\/p>\n<p style=\"text-align: justify;\">En ese sentido, el trabajo realizado de la mano de IFOP junto a la comunidad, a trav\u00e9s de Alejandra Lafon, ha permitido a puyeros y puyeras conocer, vivenciar y tomar acuerdos respecto de la pesca sustentable del recurso Puye,<\/p>\n<p style=\"text-align: justify;\">\u201cEsto ya viene como de muchas generaciones y esta es ya como la \u00faltima generaci\u00f3n, que m\u00e1s o menos ahora es de 35, 36. Entonces dan las gracias porque uno tiene que ser agradecido en la vida y dar las gracias todo lo que el esfuerzo que se hizo desde el primer instancia con la se\u00f1ora Alejandra Lafon hasta poder llegar a donde estamos hoy en d\u00eda, las cosas cuestan, pero con esfuerzo y perseverancia se consigue\u201d manifest\u00f3 el presidente de la Cooperativa de pescadores de Ra\u00fal Mar\u00edn y de la AG de puyeros R\u00edo Palena, Jos\u00e9 Rivera, compartiendo al deseo de exportar el recurso en un futuro.<\/p>\n<p style=\"text-align: justify;\">As\u00ed tambi\u00e9n el Delegado Presidencial Provincial de Ays\u00e9n, Jorge D\u00edaz inst\u00f3 a la comunidad organizada a seguir trabajando y potenciando acciones futuras \u201caqu\u00ed hay un camino que recorrer, luego habr\u00e1n tambi\u00e9n inquietudes, a lo mejor se van a asociar, generar una cooperativa, hay instrumentos en Sercotec, en Corfo o sea, de aqu\u00ed para adelante tambi\u00e9n ustedes pueden so\u00f1ar y pueden ver todas las alternativas que se pueden abrir en funci\u00f3n de este recurso pesquero que por primera vez en el pa\u00eds, se reconoce este recurso hidrobiol\u00f3gico de nuestra regi\u00f3n\u201d, propuso, recordando que las puertas del Gobierno est\u00e1n abiertas para apoyar en nuevas iniciativas.<\/p>\n<p style=\"text-align: justify;\"><strong>Mesa del Puye<\/strong><\/p>\n<p style=\"text-align: justify;\">Una vez entregadas las resoluciones a cada puyero y puyera, el equipo de Medio Ambiente present\u00f3 a la comunidad los lineamientos para las pr\u00f3ximas acciones a seguir. La Estrategia de la pesquer\u00eda del puye busca \u201cConstituir una Mesa de trabajo local para elaborar un Plan de Manejo de la Pesquer\u00eda del Puye\u201d donde la Mesa Local de Puye sea una instancia de ordenamiento pesquero que se traduzca en avanzar hacia el dise\u00f1o de un Plan de Manejo y\/o Conservaci\u00f3n de las poblaciones de puye al interior del ACMU, para lo cual se constituir\u00e1 una mesa de trabajo local, entre la comunidad que hace uso del recurso y los servicios p\u00fablicos con competencia, considerando representatividad mediante votaciones y participaci\u00f3n activa de sus miembros.<\/p>\n<p style=\"text-align: justify;\">Finalmente, el Presidente de la fundaci\u00f3n Pitipalena A\u00f1ihue, Rodrigo Parra, destac\u00f3 que el logro es posible gracias al plan de manejo co-construido entre la comunidad y los servicios atingentes, \u201cese plan de manejo ya tiene cinco a\u00f1os y estamos a punto de renovarlo. Entonces la invitaci\u00f3n es tambi\u00e9n a participar en cuanto comencemos con la renovaci\u00f3n, en el dise\u00f1o comunitario de un nuevo plan de manejo\u201d, concluy\u00f3.<\/p>\n<\/div><\/section><\/div><div  style='height:50px' class='hr hr-invisible   avia-builder-el-6  el_after_av_one_full  el_before_av_social_share '><span class='hr-inner ' ><span class='hr-inner-style'><\/span><\/span><\/div><\/p>\n<div  class='av-social-sharing-box  avia-builder-el-7  el_after_av_hr  el_before_av_hr  '><div class='av-share-box'><h5 class='av-share-link-description av-no-toc '>Compartir esta noticia<\/h5><ul class='av-share-box-list noLightbox'><li class='av-share-link av-social-link-facebook' ><a target=\"_blank\" aria-label=\"Compartir en Facebook\" href='https:\/\/www.facebook.com\/sharer.php?u=https:\/\/radiorevelacionfm.cl\/?p=43061&#038;t=Gobierno%20reconoce%20Pesquer%C3%ADa%20del%20Puye%20en%20el%20%C3%A1rea%20de%20conservaci%C3%B3n%20de%20m%C3%BAltiples%20usos%20Pitipalena-A%C3%B1ihue' aria-hidden='false' data-av_icon='\ue8f3' data-av_iconfont='entypo-fontello' title='' data-avia-related-tooltip='Compartir en Facebook' rel=\"noopener\"><span class='avia_hidden_link_text'>Compartir en Facebook<\/span><\/a><\/li><li class='av-share-link av-social-link-twitter' ><a target=\"_blank\" aria-label=\"Compartir en Twitter\" href='https:\/\/twitter.com\/share?text=Gobierno%20reconoce%20Pesquer%C3%ADa%20del%20Puye%20en%20el%20%C3%A1rea%20de%20conservaci%C3%B3n%20de%20m%C3%BAltiples%20usos%20Pitipalena-A%C3%B1ihue&#038;url=https:\/\/radiorevelacionfm.cl\/?p=43061' aria-hidden='false' data-av_icon='\ue8f1' data-av_iconfont='entypo-fontello' title='' data-avia-related-tooltip='Compartir en Twitter' rel=\"noopener\"><span class='avia_hidden_link_text'>Compartir en Twitter<\/span><\/a><\/li><li class='av-share-link av-social-link-whatsapp' ><a target=\"_blank\" aria-label=\"Compartir en Whatsapp\" href='https:\/\/api.whatsapp.com\/send?text=https:\/\/radiorevelacionfm.cl\/?p=43061' aria-hidden='false' data-av_icon='\uf232' data-av_iconfont='entypo-fontello' title='' data-avia-related-tooltip='Compartir en Whatsapp' rel=\"noopener\"><span class='avia_hidden_link_text'>Compartir en Whatsapp<\/span><\/a><\/li><li class='av-share-link av-social-link-linkedin' ><a target=\"_blank\" aria-label=\"Compartir en LinkedIn\" href='https:\/\/linkedin.com\/shareArticle?mini=true&#038;title=Gobierno%20reconoce%20Pesquer%C3%ADa%20del%20Puye%20en%20el%20%C3%A1rea%20de%20conservaci%C3%B3n%20de%20m%C3%BAltiples%20usos%20Pitipalena-A%C3%B1ihue&#038;url=https:\/\/radiorevelacionfm.cl\/?p=43061' aria-hidden='false' data-av_icon='\ue8fc' data-av_iconfont='entypo-fontello' title='' data-avia-related-tooltip='Compartir en LinkedIn' rel=\"noopener\"><span class='avia_hidden_link_text'>Compartir en LinkedIn<\/span><\/a><\/li><li class='av-share-link av-social-link-mail' ><a  aria-label=\"Compartir por correo\" href='mailto:?subject=Gobierno%20reconoce%20Pesquer%C3%ADa%20del%20Puye%20en%20el%20%C3%A1rea%20de%20conservaci%C3%B3n%20de%20m%C3%BAltiples%20usos%20Pitipalena-A%C3%B1ihue&#038;body=https:\/\/radiorevelacionfm.cl\/?p=43061' aria-hidden='false' data-av_icon='\ue805' data-av_iconfont='entypo-fontello' title='' data-avia-related-tooltip='Compartir por correo'><span class='avia_hidden_link_text'>Compartir por correo<\/span><\/a><\/li><\/ul><\/div><\/div>\n<div  style='height:50px' class='hr hr-invisible   avia-builder-el-8  el_after_av_social_share  el_before_av_comments_list '><span class='hr-inner ' ><span class='hr-inner-style'><\/span><\/span><\/div>\n<div  class='av-buildercomment  av-blog-meta-html-info-disabled av-blog-meta-tag-disabled  '><\/div>\n","protected":false},"excerpt":{"rendered":"","protected":false},"author":1,"featured_media":43062,"comment_status":"open","ping_status":"open","sticky":false,"template":"","format":"standard","meta":{"footnotes":""},"categories":[38],"tags":[],"class_list":["post-43061","post","type-post","status-publish","format-standard","has-post-thumbnail","hentry","category-regional"],"jetpack_featured_media_url":"https:\/\/radiorevelacionfm.cl\/wp-content\/uploads\/2024\/06\/img_6227-1_optimized-1.jpg","_links":{"self":[{"href":"https:\/\/radiorevelacionfm.cl\/index.php?rest_route=\/wp\/v2\/posts\/43061","targetHints":{"allow":["GET"]}}],"collection":[{"href":"https:\/\/radiorevelacionfm.cl\/index.php?rest_route=\/wp\/v2\/posts"}],"about":[{"href":"https:\/\/radiorevelacionfm.cl\/index.php?rest_route=\/wp\/v2\/types\/post"}],"author":[{"embeddable":true,"href":"https:\/\/radiorevelacionfm.cl\/index.php?rest_route=\/wp\/v2\/users\/1"}],"replies":[{"embeddable":true,"href":"https:\/\/radiorevelacionfm.cl\/index.php?rest_route=%2Fwp%2Fv2%2Fcomments&post=43061"}],"version-history":[{"count":2,"href":"https:\/\/radiorevelacionfm.cl\/index.php?rest_route=\/wp\/v2\/posts\/43061\/revisions"}],"predecessor-version":[{"id":43074,"href":"https:\/\/radiorevelacionfm.cl\/index.php?rest_route=\/wp\/v2\/posts\/43061\/revisions\/43074"}],"wp:featuredmedia":[{"embeddable":true,"href":"https:\/\/radiorevelacionfm.cl\/index.php?rest_route=\/wp\/v2\/media\/43062"}],"wp:attachment":[{"href":"https:\/\/radiorevelacionfm.cl\/index.php?rest_route=%2Fwp%2Fv2%2Fmedia&parent=43061"}],"wp:term":[{"taxonomy":"category","embeddable":true,"href":"https:\/\/radiorevelacionfm.cl\/index.php?rest_route=%2Fwp%2Fv2%2Fcategories&post=43061"},{"taxonomy":"post_tag","embeddable":true,"href":"https:\/\/radiorevelacionfm.cl\/index.php?rest_route=%2Fwp%2Fv2%2Ftags&post=43061"}],"curies":[{"name":"wp","href":"https:\/\/api.w.org\/{rel}","templated":true}]}}