{"id":4305,"date":"2021-05-19T17:38:08","date_gmt":"2021-05-19T20:38:08","guid":{"rendered":"https:\/\/radiorevelacionfm.cl\/?p=4305"},"modified":"2021-05-19T17:43:15","modified_gmt":"2021-05-19T20:43:15","slug":"alcalde-roncagliolo-y-reeleccion-es-un-desafio-en-obras-y-tambien-en-lo-social","status":"publish","type":"post","link":"https:\/\/radiorevelacionfm.cl\/?p=4305","title":{"rendered":"Alcalde Roncagliolo y reelecci\u00f3n \u201ces un desaf\u00edo en obras y tambi\u00e9n en lo social\u201d"},"content":{"rendered":"<div class=\"flex_column av_one_full  flex_column_div av-zero-column-padding first  avia-builder-el-0  el_before_av_one_full  avia-builder-el-first  \" style='border-radius:0px; '><div  class='avia-image-container  av-styling-    avia-builder-el-1  avia-builder-el-no-sibling  avia-align-center '  itemprop=\"image\" itemscope=\"itemscope\" itemtype=\"https:\/\/schema.org\/ImageObject\"  ><div class='avia-image-container-inner'><div class='avia-image-overlay-wrap'><img decoding=\"async\" class='wp-image-0 avia-img-lazy-loading-not-0 avia_image' src=\"https:\/\/radiorevelacionfm.cl\/wp-content\/uploads\/2021\/05\/Francisco-Roncagliolo-1.jpg\" alt='' title=''   itemprop=\"thumbnailUrl\"  \/><\/div><\/div><\/div><\/div><div class=\"flex_column av_one_full  flex_column_div av-zero-column-padding first  avia-builder-el-2  el_after_av_one_full  el_before_av_one_full  column-top-margin\" style='border-radius:0px; '><section class=\"av_textblock_section \"  itemscope=\"itemscope\" itemtype=\"https:\/\/schema.org\/BlogPosting\" itemprop=\"blogPost\" ><div class='avia_textblock  '   itemprop=\"text\" ><p style=\"text-align: center;\"><strong><span style=\"font-size: 18pt;\">Alcalde Roncagliolo y reelecci\u00f3n \u201ces un desaf\u00edo en obras y tambi\u00e9n en lo social\u201d<\/span><\/strong><\/p>\n<div id=\"gtx-trans\" style=\"position: absolute; left: -50px; top: 4.31534px;\">\n<div class=\"gtx-trans-icon\"><\/div>\n<\/div>\n<\/div><\/section><\/div><div class=\"flex_column av_one_full  flex_column_div av-zero-column-padding first  avia-builder-el-4  el_after_av_one_full  el_before_av_hr  column-top-margin\" style='border-radius:0px; '><section class=\"av_textblock_section \"  itemscope=\"itemscope\" itemtype=\"https:\/\/schema.org\/BlogPosting\" itemprop=\"blogPost\" ><div class='avia_textblock  '   itemprop=\"text\" ><p style=\"text-align: justify;\">En las elecciones del fin de semana pasado la ciudadan\u00eda ratific\u00f3 la reelecci\u00f3n de Francisco Roncagliolo Lepio, Alcalde de la comuna de Cisnes, quien tras su primer periodo con grandes obras ejecutadas y otras en ejecuci\u00f3n sumado al permanente trabajo y apoyo en el \u00e1rea social, busc\u00f3 un segundo periodo mediante un acto democr\u00e1tico como fue el vivido los d\u00edas 15 y 16 de mayo.<\/p>\n<p style=\"text-align: justify;\">La comunidad habl\u00f3 y dio mayor respaldo al actual edil, quien agradeci\u00f3 la confianza de los electores.<\/p>\n<p style=\"text-align: justify;\">\u201cMuy contento y agradecido por la confianza depositada por nuestra gente ac\u00e1 en la comuna de Cisnes, un agradecimiento a cada una de las localidades que participaron en esta fiesta de la democracia. Esto ratifica tambi\u00e9n, un trabajo que no es de corto plazo, es de largo plazo, de desarrollo comunal, de posicionamiento de la comuna de Cisnes y que tambi\u00e9n marca muchos desaf\u00edos, no solamente en lo que es infraestructura, en lo que es obras, sino que tambi\u00e9n, un desaf\u00edo social. Este ha sido el sello que hemos trabajado durante estos cuatro a\u00f1os de administraci\u00f3n y que obviamente esperamos fortalecer en este pr\u00f3ximo periodo, en beneficio directo de cada uno de los vecinos de nuestra comuna\u201d.<\/p>\n<p style=\"text-align: justify;\">Roncagliolo, destac\u00f3 adem\u00e1s, que de los seis Concejales tres son parte del Conglomerado pol\u00edtico al cual representa.<\/p>\n<p style=\"text-align: justify;\">\u201cEstamos muy contentos por los resultados, obtuvimos tres de los seis Concejales, por lo tanto, eso nos plantea un desaf\u00edo importante de lo que se viene hacia adelante. Y la invitaci\u00f3n con el nuevo cuerpo colegiado es a trabajar en conjunto, pensando en el beneficio y bienestar de nuestra comuna de Cisnes, llegar a la mayor cantidad de consensos posibles para seguir avanzando. Obviamente la comunidad ha puesto la confianza en cada uno de nosotros para que as\u00ed sea, ahora, avanzar con este nuevo equipo de trabajo, este nuevo grupo de representantes, en beneficio de la comuna de Cisnes\u201d.<\/p>\n<p style=\"text-align: justify;\">Para todo el mundo, Chile y nuestra regi\u00f3n la pandemia ha significado grandes desaf\u00edos y m\u00e9todos para enfrentar el coronavirus. En el caso de la comuna de Cisnes, la Municipalidad liderada por su Alcalde Francisco Roncagliolo, ha realizado una serie de acciones en beneficio de la comunidad y de manera coordinada con el sector salud.<\/p>\n<p style=\"text-align: justify;\">\u201cNuestra apuesta y nuestro trabajo est\u00e1 enfocado en mantenernos en fase 4, hemos tenido algunas situaciones puntuales, como por ejemplo la sucedida en La Junta, en que se tuvo que retroceder a fase 1 para contener un brote bastante agresivo. Pero prontamente esperamos retomar la senda de la fase 4 y as\u00ed permitir que nuestra gente pueda llevar adelante sus labores y tareas habituales. En ello, hemos estado trabajando muy fuertemente con el equipo de salud, nosotros valoramos much\u00edsimo este tremendo trabajo y despliegue que ha hecho el personal sanitario. Este trabajo coordinado ha permitido ir trazando, ha permitido dar tranquilidad en muchos casos a nuestros vecinos y vecinas de la comuna\u201d.<\/p>\n<p style=\"text-align: justify;\">Finalmente, el Alcalde reelecto en Cisnes, Francisco Roncagliolo, enfatiz\u00f3 en la importancia del trabajo en conjunto al Servicio de Salud, relevando tambi\u00e9n el proceso de vacunaci\u00f3n y la labor preventiva, que permitir\u00e1 en un futuro pr\u00f3ximo continuar realizando actividades y proyectos con el objetivo de avanzar en el crecimiento integral de la comuna.<\/p>\n<\/div><\/section><\/div><div  style='height:50px' class='hr hr-invisible   avia-builder-el-6  el_after_av_one_full  el_before_av_social_share '><span class='hr-inner ' ><span class='hr-inner-style'><\/span><\/span><\/div><\/p>\n<div  class='av-social-sharing-box  avia-builder-el-7  el_after_av_hr  el_before_av_hr  '><div class='av-share-box'><h5 class='av-share-link-description av-no-toc '>Compartir esta noticia<\/h5><ul class='av-share-box-list noLightbox'><li class='av-share-link av-social-link-facebook' ><a target=\"_blank\" aria-label=\"Compartir en Facebook\" href='https:\/\/www.facebook.com\/sharer.php?u=https:\/\/radiorevelacionfm.cl\/?p=4305&#038;t=Alcalde%20Roncagliolo%20y%20reelecci%C3%B3n%20%E2%80%9Ces%20un%20desaf%C3%ADo%20en%20obras%20y%20tambi%C3%A9n%20en%20lo%20social%E2%80%9D' aria-hidden='false' data-av_icon='\ue8f3' data-av_iconfont='entypo-fontello' title='' data-avia-related-tooltip='Compartir en Facebook' rel=\"noopener\"><span class='avia_hidden_link_text'>Compartir en Facebook<\/span><\/a><\/li><li class='av-share-link av-social-link-twitter' ><a target=\"_blank\" aria-label=\"Compartir en Twitter\" href='https:\/\/twitter.com\/share?text=Alcalde%20Roncagliolo%20y%20reelecci%C3%B3n%20%E2%80%9Ces%20un%20desaf%C3%ADo%20en%20obras%20y%20tambi%C3%A9n%20en%20lo%20social%E2%80%9D&#038;url=https:\/\/radiorevelacionfm.cl\/?p=4305' aria-hidden='false' data-av_icon='\ue8f1' data-av_iconfont='entypo-fontello' title='' data-avia-related-tooltip='Compartir en Twitter' rel=\"noopener\"><span class='avia_hidden_link_text'>Compartir en Twitter<\/span><\/a><\/li><li class='av-share-link av-social-link-whatsapp' ><a target=\"_blank\" aria-label=\"Compartir en Whatsapp\" href='https:\/\/api.whatsapp.com\/send?text=https:\/\/radiorevelacionfm.cl\/?p=4305' aria-hidden='false' data-av_icon='\uf232' data-av_iconfont='entypo-fontello' title='' data-avia-related-tooltip='Compartir en Whatsapp' rel=\"noopener\"><span class='avia_hidden_link_text'>Compartir en Whatsapp<\/span><\/a><\/li><li class='av-share-link av-social-link-linkedin' ><a target=\"_blank\" aria-label=\"Compartir en LinkedIn\" href='https:\/\/linkedin.com\/shareArticle?mini=true&#038;title=Alcalde%20Roncagliolo%20y%20reelecci%C3%B3n%20%E2%80%9Ces%20un%20desaf%C3%ADo%20en%20obras%20y%20tambi%C3%A9n%20en%20lo%20social%E2%80%9D&#038;url=https:\/\/radiorevelacionfm.cl\/?p=4305' aria-hidden='false' data-av_icon='\ue8fc' data-av_iconfont='entypo-fontello' title='' data-avia-related-tooltip='Compartir en LinkedIn' rel=\"noopener\"><span class='avia_hidden_link_text'>Compartir en LinkedIn<\/span><\/a><\/li><li class='av-share-link av-social-link-mail' ><a  aria-label=\"Compartir por correo\" href='mailto:?subject=Alcalde%20Roncagliolo%20y%20reelecci%C3%B3n%20%E2%80%9Ces%20un%20desaf%C3%ADo%20en%20obras%20y%20tambi%C3%A9n%20en%20lo%20social%E2%80%9D&#038;body=https:\/\/radiorevelacionfm.cl\/?p=4305' aria-hidden='false' data-av_icon='\ue805' data-av_iconfont='entypo-fontello' title='' data-avia-related-tooltip='Compartir por correo'><span class='avia_hidden_link_text'>Compartir por correo<\/span><\/a><\/li><\/ul><\/div><\/div>\n<div  style='height:50px' class='hr hr-invisible   avia-builder-el-8  el_after_av_social_share  el_before_av_comments_list '><span class='hr-inner ' ><span class='hr-inner-style'><\/span><\/span><\/div>\n<div  class='av-buildercomment  av-blog-meta-html-info-disabled av-blog-meta-tag-disabled  '><\/div>\n","protected":false},"excerpt":{"rendered":"","protected":false},"author":1,"featured_media":4310,"comment_status":"open","ping_status":"open","sticky":false,"template":"","format":"standard","meta":{"footnotes":""},"categories":[35],"tags":[],"class_list":["post-4305","post","type-post","status-publish","format-standard","has-post-thumbnail","hentry","category-politica"],"jetpack_featured_media_url":"https:\/\/radiorevelacionfm.cl\/wp-content\/uploads\/2021\/05\/Francisco-Roncagliolo-2.jpg","_links":{"self":[{"href":"https:\/\/radiorevelacionfm.cl\/index.php?rest_route=\/wp\/v2\/posts\/4305","targetHints":{"allow":["GET"]}}],"collection":[{"href":"https:\/\/radiorevelacionfm.cl\/index.php?rest_route=\/wp\/v2\/posts"}],"about":[{"href":"https:\/\/radiorevelacionfm.cl\/index.php?rest_route=\/wp\/v2\/types\/post"}],"author":[{"embeddable":true,"href":"https:\/\/radiorevelacionfm.cl\/index.php?rest_route=\/wp\/v2\/users\/1"}],"replies":[{"embeddable":true,"href":"https:\/\/radiorevelacionfm.cl\/index.php?rest_route=%2Fwp%2Fv2%2Fcomments&post=4305"}],"version-history":[{"count":1,"href":"https:\/\/radiorevelacionfm.cl\/index.php?rest_route=\/wp\/v2\/posts\/4305\/revisions"}],"predecessor-version":[{"id":4308,"href":"https:\/\/radiorevelacionfm.cl\/index.php?rest_route=\/wp\/v2\/posts\/4305\/revisions\/4308"}],"wp:featuredmedia":[{"embeddable":true,"href":"https:\/\/radiorevelacionfm.cl\/index.php?rest_route=\/wp\/v2\/media\/4310"}],"wp:attachment":[{"href":"https:\/\/radiorevelacionfm.cl\/index.php?rest_route=%2Fwp%2Fv2%2Fmedia&parent=4305"}],"wp:term":[{"taxonomy":"category","embeddable":true,"href":"https:\/\/radiorevelacionfm.cl\/index.php?rest_route=%2Fwp%2Fv2%2Fcategories&post=4305"},{"taxonomy":"post_tag","embeddable":true,"href":"https:\/\/radiorevelacionfm.cl\/index.php?rest_route=%2Fwp%2Fv2%2Ftags&post=4305"}],"curies":[{"name":"wp","href":"https:\/\/api.w.org\/{rel}","templated":true}]}}