{"id":43021,"date":"2024-06-10T16:02:57","date_gmt":"2024-06-10T19:02:57","guid":{"rendered":"https:\/\/radiorevelacionfm.cl\/?p=43021"},"modified":"2024-06-10T16:03:51","modified_gmt":"2024-06-10T19:03:51","slug":"elecciones-primarias-2024-carabineros-aysen-desplego-110-efectivos-para-resguardar-seguridad-en-perimetro-exterior-de-locales-de-votacion","status":"publish","type":"post","link":"https:\/\/radiorevelacionfm.cl\/?p=43021","title":{"rendered":"Carabineros Ays\u00e9n despleg\u00f3 110 efectivos para resguardar seguridad en per\u00edmetro exterior de locales de votaci\u00f3n por Elecciones Primarias 2024"},"content":{"rendered":"<div class=\"flex_column av_one_full  flex_column_div av-zero-column-padding first  avia-builder-el-0  el_before_av_one_full  avia-builder-el-first  \" style='border-radius:0px; '><div  class='avia-image-container  av-styling-    avia-builder-el-1  avia-builder-el-no-sibling  avia-align-center '  itemprop=\"image\" itemscope=\"itemscope\" itemtype=\"https:\/\/schema.org\/ImageObject\"  ><div class='avia-image-container-inner'><div class='avia-image-overlay-wrap'><img decoding=\"async\" class='wp-image-43022 avia-img-lazy-loading-not-43022 avia_image' src=\"https:\/\/radiorevelacionfm.cl\/wp-content\/uploads\/2024\/06\/0921122c-a987-472c-8823-ed4cd212a2f5-1_optimized-1.jpg\" alt='' title='0921122c-a987-472c-8823-ed4cd212a2f5-(1)_optimized (1)' height=\"600\" width=\"800\"  itemprop=\"thumbnailUrl\" srcset=\"https:\/\/radiorevelacionfm.cl\/wp-content\/uploads\/2024\/06\/0921122c-a987-472c-8823-ed4cd212a2f5-1_optimized-1.jpg 800w, https:\/\/radiorevelacionfm.cl\/wp-content\/uploads\/2024\/06\/0921122c-a987-472c-8823-ed4cd212a2f5-1_optimized-1-300x225.jpg 300w, https:\/\/radiorevelacionfm.cl\/wp-content\/uploads\/2024\/06\/0921122c-a987-472c-8823-ed4cd212a2f5-1_optimized-1-768x576.jpg 768w, https:\/\/radiorevelacionfm.cl\/wp-content\/uploads\/2024\/06\/0921122c-a987-472c-8823-ed4cd212a2f5-1_optimized-1-705x529.jpg 705w, https:\/\/radiorevelacionfm.cl\/wp-content\/uploads\/2024\/06\/0921122c-a987-472c-8823-ed4cd212a2f5-1_optimized-1-450x338.jpg 450w, https:\/\/radiorevelacionfm.cl\/wp-content\/uploads\/2024\/06\/0921122c-a987-472c-8823-ed4cd212a2f5-1_optimized-1-600x450.jpg 600w\" sizes=\"(max-width: 800px) 100vw, 800px\" \/><\/div><\/div><\/div><\/div>\n<div class=\"flex_column av_one_full  flex_column_div av-zero-column-padding first  avia-builder-el-2  el_after_av_one_full  el_before_av_one_full  column-top-margin\" style='border-radius:0px; '><section class=\"av_textblock_section \"  itemscope=\"itemscope\" itemtype=\"https:\/\/schema.org\/BlogPosting\" itemprop=\"blogPost\" ><div class='avia_textblock  '   itemprop=\"text\" ><p style=\"text-align: center;\"><strong><span style=\"font-size: 18pt;\">Carabineros Ays\u00e9n despleg\u00f3 110 efectivos para resguardar seguridad en per\u00edmetro exterior de locales de votaci\u00f3n por Elecciones Primarias 2024<\/span><\/strong><\/p>\n<div id=\"gtx-trans\" style=\"position: absolute; left: -50px; top: 4.31534px;\">\n<div class=\"gtx-trans-icon\"><\/div>\n<\/div>\n<\/div><\/section><\/div><div class=\"flex_column av_one_full  flex_column_div av-zero-column-padding first  avia-builder-el-4  el_after_av_one_full  el_before_av_hr  column-top-margin\" style='border-radius:0px; '><section class=\"av_textblock_section \"  itemscope=\"itemscope\" itemtype=\"https:\/\/schema.org\/BlogPosting\" itemprop=\"blogPost\" ><div class='avia_textblock  '   itemprop=\"text\" ><p style=\"text-align: justify;\"><em>Durante el proceso hubo tres personas detenidas y una denunciada, adem\u00e1s de tres denuncias por venta de alcoholes.<\/em><\/p>\n<p class=\"v1MsoNormal\" style=\"text-align: justify;\"><span lang=\"ES-MX\">A trav\u00e9s del despliegue operativo de 110 carabineros, la Instituci\u00f3n garantiz\u00f3 la seguridad y prevenci\u00f3n en el per\u00edmetro exterior de los 34 locales de votaci\u00f3n, durante las elecciones primarias en la regi\u00f3n de Ays\u00e9n, jornada que culmin\u00f3 con tres personas detenidas vinculadas a este proceso.<\/span><\/p>\n<p class=\"v1MsoNormal\" style=\"text-align: justify;\"><span lang=\"ES-MX\">\u00abNo tuvimos grandes inconvenientes, tuvimos tres detenidos y una persona denunciada. Se hicieron tres denuncias por venta de alcoholes, recordemos que ayer hab\u00eda ley seca. Respecto a las tres personas detenidas, dos son por haberse negado a ser vocales de mesa y una tercera persona que estando cumpliendo la labor de vocal de mesa -vinculada con un delito previo de un accidente de tr\u00e1nsito (volcamiento) bajo la influencia del alcohol- se hizo la prueba respiratoria y arroj\u00f3 0,74 grs de alcohol por litro de sangre, fue detenida esa persona y se tomaron las medidas por el delegado del local de votaci\u00f3n en cuanto a su reemplazo y la denuncia respectiva\u00bb, detall\u00f3 el Jefe de Zona de Carabineros Ays\u00e9n, General Patricio Santos Poblete.<\/span><\/p>\n<p class=\"v1MsoNormal\" style=\"text-align: justify;\"><span lang=\"ES-MX\">Asimismo, el Oficial General indic\u00f3 que en la Escuela Pedro Quintana Mansilla \u00abuno de los vocales de mesa sali\u00f3 a tomar aire y no volvi\u00f3 m\u00e1s, esa persona tambi\u00e9n fue denunciada\u00bb, a\u00f1adi\u00f3.<\/span><\/p>\n<p class=\"v1MsoNormal\" style=\"text-align: justify;\"><span lang=\"ES-MX\">Frente a lo anterior el Jefe de Zona Ays\u00e9n manifest\u00f3 que situaciones como estas se dan por aquellas variables que -Carabineros como parte de las estructuras sociales- no controla, cual es, el comportamiento de las personas.<\/span><\/p>\n<p class=\"v1MsoNormal\" style=\"text-align: justify;\"><span lang=\"ES-MX\">\u00abEn t\u00e9rminos generales el comportamiento fue ideal, tuvimos tanto en nuestra capital regional y tambi\u00e9n en las ciudades, comportamientos ejemplares, con escasos flujos que evaluamos en forma a\u00e9rea con los medios, pero fue una jornada sin mayores problemas en cuanto a lo policial\u00bb, resalt\u00f3.<\/span><\/p>\n<p class=\"v1MsoNormal\" style=\"text-align: justify;\"><span lang=\"ES-MX\">Asimismo, durante la jornada de primarias, Carabineros cumpli\u00f3 un rol facilitador, especialmente enfocado en adultos mayores y personas de la tercera edad, brindando apoyo y asistencia en sus desplazamientos, permitiendo un acceso expedito a los locales de votaci\u00f3n. \u00a0<\/span><\/p>\n<\/div><\/section><\/div><\/p>\n<div  style='height:50px' class='hr hr-invisible   avia-builder-el-6  el_after_av_one_full  el_before_av_social_share '><span class='hr-inner ' ><span class='hr-inner-style'><\/span><\/span><\/div>\n<div  class='av-social-sharing-box  avia-builder-el-7  el_after_av_hr  el_before_av_hr  '><div class='av-share-box'><h5 class='av-share-link-description av-no-toc '>Compartir esta noticia<\/h5><ul class='av-share-box-list noLightbox'><li class='av-share-link av-social-link-facebook' ><a target=\"_blank\" aria-label=\"Compartir en Facebook\" href='https:\/\/www.facebook.com\/sharer.php?u=https:\/\/radiorevelacionfm.cl\/?p=43021&#038;t=Carabineros%20Ays%C3%A9n%20despleg%C3%B3%20110%20efectivos%20para%20resguardar%20seguridad%20en%20per%C3%ADmetro%20exterior%20de%20locales%20de%20votaci%C3%B3n%20por%20Elecciones%20Primarias%202024' aria-hidden='false' data-av_icon='\ue8f3' data-av_iconfont='entypo-fontello' title='' data-avia-related-tooltip='Compartir en Facebook' rel=\"noopener\"><span class='avia_hidden_link_text'>Compartir en Facebook<\/span><\/a><\/li><li class='av-share-link av-social-link-twitter' ><a target=\"_blank\" aria-label=\"Compartir en Twitter\" href='https:\/\/twitter.com\/share?text=Carabineros%20Ays%C3%A9n%20despleg%C3%B3%20110%20efectivos%20para%20resguardar%20seguridad%20en%20per%C3%ADmetro%20exterior%20de%20locales%20de%20votaci%C3%B3n%20por%20Elecciones%20Primarias%202024&#038;url=https:\/\/radiorevelacionfm.cl\/?p=43021' aria-hidden='false' data-av_icon='\ue8f1' data-av_iconfont='entypo-fontello' title='' data-avia-related-tooltip='Compartir en Twitter' rel=\"noopener\"><span class='avia_hidden_link_text'>Compartir en Twitter<\/span><\/a><\/li><li class='av-share-link av-social-link-whatsapp' ><a target=\"_blank\" aria-label=\"Compartir en Whatsapp\" href='https:\/\/api.whatsapp.com\/send?text=https:\/\/radiorevelacionfm.cl\/?p=43021' aria-hidden='false' data-av_icon='\uf232' data-av_iconfont='entypo-fontello' title='' data-avia-related-tooltip='Compartir en Whatsapp' rel=\"noopener\"><span class='avia_hidden_link_text'>Compartir en Whatsapp<\/span><\/a><\/li><li class='av-share-link av-social-link-linkedin' ><a target=\"_blank\" aria-label=\"Compartir en LinkedIn\" href='https:\/\/linkedin.com\/shareArticle?mini=true&#038;title=Carabineros%20Ays%C3%A9n%20despleg%C3%B3%20110%20efectivos%20para%20resguardar%20seguridad%20en%20per%C3%ADmetro%20exterior%20de%20locales%20de%20votaci%C3%B3n%20por%20Elecciones%20Primarias%202024&#038;url=https:\/\/radiorevelacionfm.cl\/?p=43021' aria-hidden='false' data-av_icon='\ue8fc' data-av_iconfont='entypo-fontello' title='' data-avia-related-tooltip='Compartir en LinkedIn' rel=\"noopener\"><span class='avia_hidden_link_text'>Compartir en LinkedIn<\/span><\/a><\/li><li class='av-share-link av-social-link-mail' ><a  aria-label=\"Compartir por correo\" href='mailto:?subject=Carabineros%20Ays%C3%A9n%20despleg%C3%B3%20110%20efectivos%20para%20resguardar%20seguridad%20en%20per%C3%ADmetro%20exterior%20de%20locales%20de%20votaci%C3%B3n%20por%20Elecciones%20Primarias%202024&#038;body=https:\/\/radiorevelacionfm.cl\/?p=43021' aria-hidden='false' data-av_icon='\ue805' data-av_iconfont='entypo-fontello' title='' data-avia-related-tooltip='Compartir por correo'><span class='avia_hidden_link_text'>Compartir por correo<\/span><\/a><\/li><\/ul><\/div><\/div>\n<div  style='height:50px' class='hr hr-invisible   avia-builder-el-8  el_after_av_social_share  el_before_av_comments_list '><span class='hr-inner ' ><span class='hr-inner-style'><\/span><\/span><\/div>\n<div  class='av-buildercomment  av-blog-meta-html-info-disabled av-blog-meta-tag-disabled  '><\/div>\n","protected":false},"excerpt":{"rendered":"","protected":false},"author":1,"featured_media":43022,"comment_status":"open","ping_status":"open","sticky":false,"template":"","format":"standard","meta":{"footnotes":""},"categories":[36],"tags":[],"class_list":["post-43021","post","type-post","status-publish","format-standard","has-post-thumbnail","hentry","category-policial"],"jetpack_featured_media_url":"https:\/\/radiorevelacionfm.cl\/wp-content\/uploads\/2024\/06\/0921122c-a987-472c-8823-ed4cd212a2f5-1_optimized-1.jpg","_links":{"self":[{"href":"https:\/\/radiorevelacionfm.cl\/index.php?rest_route=\/wp\/v2\/posts\/43021","targetHints":{"allow":["GET"]}}],"collection":[{"href":"https:\/\/radiorevelacionfm.cl\/index.php?rest_route=\/wp\/v2\/posts"}],"about":[{"href":"https:\/\/radiorevelacionfm.cl\/index.php?rest_route=\/wp\/v2\/types\/post"}],"author":[{"embeddable":true,"href":"https:\/\/radiorevelacionfm.cl\/index.php?rest_route=\/wp\/v2\/users\/1"}],"replies":[{"embeddable":true,"href":"https:\/\/radiorevelacionfm.cl\/index.php?rest_route=%2Fwp%2Fv2%2Fcomments&post=43021"}],"version-history":[{"count":2,"href":"https:\/\/radiorevelacionfm.cl\/index.php?rest_route=\/wp\/v2\/posts\/43021\/revisions"}],"predecessor-version":[{"id":43024,"href":"https:\/\/radiorevelacionfm.cl\/index.php?rest_route=\/wp\/v2\/posts\/43021\/revisions\/43024"}],"wp:featuredmedia":[{"embeddable":true,"href":"https:\/\/radiorevelacionfm.cl\/index.php?rest_route=\/wp\/v2\/media\/43022"}],"wp:attachment":[{"href":"https:\/\/radiorevelacionfm.cl\/index.php?rest_route=%2Fwp%2Fv2%2Fmedia&parent=43021"}],"wp:term":[{"taxonomy":"category","embeddable":true,"href":"https:\/\/radiorevelacionfm.cl\/index.php?rest_route=%2Fwp%2Fv2%2Fcategories&post=43021"},{"taxonomy":"post_tag","embeddable":true,"href":"https:\/\/radiorevelacionfm.cl\/index.php?rest_route=%2Fwp%2Fv2%2Ftags&post=43021"}],"curies":[{"name":"wp","href":"https:\/\/api.w.org\/{rel}","templated":true}]}}