{"id":43018,"date":"2024-06-10T16:10:54","date_gmt":"2024-06-10T19:10:54","guid":{"rendered":"https:\/\/radiorevelacionfm.cl\/?p=43018"},"modified":"2024-06-10T16:10:54","modified_gmt":"2024-06-10T19:10:54","slug":"nexos-deportivos-entre-comodoro-y-aysen-buscan-potenciar-diversas-disciplinas","status":"publish","type":"post","link":"https:\/\/radiorevelacionfm.cl\/?p=43018","title":{"rendered":"Nexos deportivos entre Comodoro y Ays\u00e9n buscan potenciar diversas disciplinas"},"content":{"rendered":"<div class=\"flex_column av_one_full  flex_column_div av-zero-column-padding first  avia-builder-el-0  el_before_av_one_full  avia-builder-el-first  \" style='border-radius:0px; '><div  class='avia-image-container  av-styling-    avia-builder-el-1  avia-builder-el-no-sibling  avia-align-center '  itemprop=\"image\" itemscope=\"itemscope\" itemtype=\"https:\/\/schema.org\/ImageObject\"  ><div class='avia-image-container-inner'><div class='avia-image-overlay-wrap'><img decoding=\"async\" class='wp-image-43019 avia-img-lazy-loading-not-43019 avia_image' src=\"https:\/\/radiorevelacionfm.cl\/wp-content\/uploads\/2024\/06\/comodoro-aysen-3-1_optimized-1.jpg\" alt='' title='comodoro-ays\u00e9n-3-(1)_optimized (1)' height=\"600\" width=\"1067\"  itemprop=\"thumbnailUrl\" srcset=\"https:\/\/radiorevelacionfm.cl\/wp-content\/uploads\/2024\/06\/comodoro-aysen-3-1_optimized-1.jpg 1067w, https:\/\/radiorevelacionfm.cl\/wp-content\/uploads\/2024\/06\/comodoro-aysen-3-1_optimized-1-300x169.jpg 300w, https:\/\/radiorevelacionfm.cl\/wp-content\/uploads\/2024\/06\/comodoro-aysen-3-1_optimized-1-1030x579.jpg 1030w, https:\/\/radiorevelacionfm.cl\/wp-content\/uploads\/2024\/06\/comodoro-aysen-3-1_optimized-1-768x432.jpg 768w, https:\/\/radiorevelacionfm.cl\/wp-content\/uploads\/2024\/06\/comodoro-aysen-3-1_optimized-1-705x396.jpg 705w, https:\/\/radiorevelacionfm.cl\/wp-content\/uploads\/2024\/06\/comodoro-aysen-3-1_optimized-1-450x253.jpg 450w, https:\/\/radiorevelacionfm.cl\/wp-content\/uploads\/2024\/06\/comodoro-aysen-3-1_optimized-1-600x337.jpg 600w\" sizes=\"(max-width: 1067px) 100vw, 1067px\" \/><\/div><\/div><\/div><\/div><div class=\"flex_column av_one_full  flex_column_div av-zero-column-padding first  avia-builder-el-2  el_after_av_one_full  el_before_av_one_full  column-top-margin\" style='border-radius:0px; '><section class=\"av_textblock_section \"  itemscope=\"itemscope\" itemtype=\"https:\/\/schema.org\/BlogPosting\" itemprop=\"blogPost\" ><div class='avia_textblock  '   itemprop=\"text\" ><p style=\"text-align: center;\"><strong><span style=\"font-size: 18pt;\">Nexos deportivos entre Comodoro y Ays\u00e9n buscan potenciar diversas disciplinas<\/span><\/strong><\/p>\n<div id=\"gtx-trans\" style=\"position: absolute; left: -50px; top: 4.31534px;\">\n<div class=\"gtx-trans-icon\"><\/div>\n<\/div>\n<\/div><\/section><\/div><div class=\"flex_column av_one_full  flex_column_div av-zero-column-padding first  avia-builder-el-4  el_after_av_one_full  el_before_av_hr  column-top-margin\" style='border-radius:0px; '><section class=\"av_textblock_section \"  itemscope=\"itemscope\" itemtype=\"https:\/\/schema.org\/BlogPosting\" itemprop=\"blogPost\" ><div class='avia_textblock  '   itemprop=\"text\" ><p style=\"text-align: justify;\">Una productiva reuni\u00f3n fue la que propiciaron la Gobernadora Regional Andrea Mac\u00edas, el director regional de Sernatur Claudio Montecinos, la Seremi del Deporte Mar\u00eda Eugenia Dur\u00e1n y el Alcalde Julio Uribe con dirigentes de Puerto Ays\u00e9n, con miras a iniciar un trabajo conjunto que busca potenciar diversas disciplinas desde los m\u00e1s peque\u00f1os hasta las series adultas.<\/p>\n<p style=\"text-align: justify;\">\u201cNosotros en este rol articulador los recibimos y les pudimos generar una agenda con los principales actores del deporte en nuestra regi\u00f3n, en las comunas de Coyhaique y Ays\u00e9n, ellos vinieron por dos d\u00edas, al menos la asociada al deporte y hemos tenido una agenda intensa. Nos reunimos con la administraci\u00f3n del centro de monta\u00f1a el Fraile, ahora, en el polideportivo con la Corporaci\u00f3n Municipal del Deporte, con participaci\u00f3n del Alcalde don Julio Uribe, que nos recibi\u00f3 y nos pudieron dar un recorrido por el recinto, tambi\u00e9n se integraron organizaciones deportivas, donde hab\u00eda disciplinas que le interes\u00f3 a esta delegaci\u00f3n de Comodoro poder hacer intercambio, que es, basquetbol, voleibol, rugby y jockey\u201d, se\u00f1al\u00f3 la Seremi del Deporte, Mar\u00eda Eugenia Dur\u00e1n.<\/p>\n<p style=\"text-align: justify;\">Para el Alcalde, Julio Uribe, este trabajo colaborativo entre Comodoro y el territorio comunal es una tremenda posibilidad para potenciar disciplinas que han ido creciendo e interesando cada vez m\u00e1s a los ni\u00f1os, j\u00f3venes y adultos. \u201cEs muy importante para nosotros porque vamos a potenciar nuestro deporte, vamos a tener posibilidades de hacer campeonatos, ligas y eso viene en total beneficio a nuestros deportistas, sobre todo a la parte formativa, a que nuestros entrenadores est\u00e9n preparados, que est\u00e9n capacitados por entrenadores argentinos, nos vienen muy bien estos lazos de amistad. La idea es ir potenciando la relaci\u00f3n existente entre ambos pa\u00edses, ya sea en el turismo como en el deporte, as\u00ed es que, fueron reuniones muy buenas y vamos a seguir fortaleciendo estos lazos, para llegar a concretar el intercambio de disciplinas deportivas\u201d.<\/p>\n<p style=\"text-align: justify;\">Marcos Davies, de la organizaci\u00f3n \u201cComodoro Deportes\u201d, reafirm\u00f3 que el principal objetivo de la reuni\u00f3n fue establecer coordinaciones que permitan a dirigentes y deportistas ayseninos conocer la realidad argentina, intercambiar conocimientos y generar competencias.<\/p>\n<p style=\"text-align: justify;\">\u201cLa idea es hacer alianzas, empezar a charlar, a tener v\u00ednculos, para entre las dos partes, tanto Chile como Argentina, poder llevar adelante distintos eventos deportivos. Destacar que, a esta misi\u00f3n deportiva vino gente del rugby, jockey, atletismo, basquetbol y del voleibol. Es por ello que se han llevado a cabo reuniones, para que, a futuro, por ejemplo, el equipo de voleibol o de basquetbol de la ciudad de Comodoro Rivadavia que representa a la liga nacional, pueda venir ac\u00e1, no solamente a disputar partidos amistosos con los equipos locales, sino que, a tener capacitaciones, porque estos equipos que est\u00e1n en la alta competencia pueden transmitir sus conocimientos a los jugadores locales\u201d.<\/p>\n<p style=\"text-align: justify;\">Para el dirigente y monitor del club \u201cManada\u201d Rugby de Ays\u00e9n, Nicol\u00e1s Ibacache, este tipo de reuniones son valoradas por los resultados y el apoyo que puede traer al deporte en la regi\u00f3n. \u201cMuy importante estos lazos, esta informaci\u00f3n y ver que todos los deportes en la comuna y en la regi\u00f3n est\u00e1n potenci\u00e1ndose, eso es lo principal. Mientras m\u00e1s deportes haya, mientras m\u00e1s ni\u00f1os jueguen, m\u00e1s formas y actividades hay para desenvolverse, especialmente en este lugar, donde la ayuda es constante y las ganas de estar son permanentes y las ganas de surgir en el deporte, en la actividad f\u00edsica, la vida sana, es lo m\u00e1s importante\u201d.<\/p>\n<p style=\"text-align: justify;\">Desde la Municipalidad de Ays\u00e9n, el propio Alcalde Julio Uribe, reiter\u00f3 la importancia que esta administraci\u00f3n ha dado al deporte y mientras se puedan ir generando nuevos espacios, competencias, capacitaciones, se har\u00e1 todo lo posible por colaborar para concretar estas iniciativas.<\/p>\n<\/div><\/section><\/div><div  style='height:50px' class='hr hr-invisible   avia-builder-el-6  el_after_av_one_full  el_before_av_social_share '><span class='hr-inner ' ><span class='hr-inner-style'><\/span><\/span><\/div><\/p>\n<div  class='av-social-sharing-box  avia-builder-el-7  el_after_av_hr  el_before_av_hr  '><div class='av-share-box'><h5 class='av-share-link-description av-no-toc '>Compartir esta noticia<\/h5><ul class='av-share-box-list noLightbox'><li class='av-share-link av-social-link-facebook' ><a target=\"_blank\" aria-label=\"Compartir en Facebook\" href='https:\/\/www.facebook.com\/sharer.php?u=https:\/\/radiorevelacionfm.cl\/?p=43018&#038;t=Nexos%20deportivos%20entre%20Comodoro%20y%20Ays%C3%A9n%20buscan%20potenciar%20diversas%20disciplinas' aria-hidden='false' data-av_icon='\ue8f3' data-av_iconfont='entypo-fontello' title='' data-avia-related-tooltip='Compartir en Facebook' rel=\"noopener\"><span class='avia_hidden_link_text'>Compartir en Facebook<\/span><\/a><\/li><li class='av-share-link av-social-link-twitter' ><a target=\"_blank\" aria-label=\"Compartir en Twitter\" href='https:\/\/twitter.com\/share?text=Nexos%20deportivos%20entre%20Comodoro%20y%20Ays%C3%A9n%20buscan%20potenciar%20diversas%20disciplinas&#038;url=https:\/\/radiorevelacionfm.cl\/?p=43018' aria-hidden='false' data-av_icon='\ue8f1' data-av_iconfont='entypo-fontello' title='' data-avia-related-tooltip='Compartir en Twitter' rel=\"noopener\"><span class='avia_hidden_link_text'>Compartir en Twitter<\/span><\/a><\/li><li class='av-share-link av-social-link-whatsapp' ><a target=\"_blank\" aria-label=\"Compartir en Whatsapp\" href='https:\/\/api.whatsapp.com\/send?text=https:\/\/radiorevelacionfm.cl\/?p=43018' aria-hidden='false' data-av_icon='\uf232' data-av_iconfont='entypo-fontello' title='' data-avia-related-tooltip='Compartir en Whatsapp' rel=\"noopener\"><span class='avia_hidden_link_text'>Compartir en Whatsapp<\/span><\/a><\/li><li class='av-share-link av-social-link-linkedin' ><a target=\"_blank\" aria-label=\"Compartir en LinkedIn\" href='https:\/\/linkedin.com\/shareArticle?mini=true&#038;title=Nexos%20deportivos%20entre%20Comodoro%20y%20Ays%C3%A9n%20buscan%20potenciar%20diversas%20disciplinas&#038;url=https:\/\/radiorevelacionfm.cl\/?p=43018' aria-hidden='false' data-av_icon='\ue8fc' data-av_iconfont='entypo-fontello' title='' data-avia-related-tooltip='Compartir en LinkedIn' rel=\"noopener\"><span class='avia_hidden_link_text'>Compartir en LinkedIn<\/span><\/a><\/li><li class='av-share-link av-social-link-mail' ><a  aria-label=\"Compartir por correo\" href='mailto:?subject=Nexos%20deportivos%20entre%20Comodoro%20y%20Ays%C3%A9n%20buscan%20potenciar%20diversas%20disciplinas&#038;body=https:\/\/radiorevelacionfm.cl\/?p=43018' aria-hidden='false' data-av_icon='\ue805' data-av_iconfont='entypo-fontello' title='' data-avia-related-tooltip='Compartir por correo'><span class='avia_hidden_link_text'>Compartir por correo<\/span><\/a><\/li><\/ul><\/div><\/div>\n<div  style='height:50px' class='hr hr-invisible   avia-builder-el-8  el_after_av_social_share  el_before_av_comments_list '><span class='hr-inner ' ><span class='hr-inner-style'><\/span><\/span><\/div>\n<div  class='av-buildercomment  av-blog-meta-html-info-disabled av-blog-meta-tag-disabled  '><\/div>\n","protected":false},"excerpt":{"rendered":"","protected":false},"author":1,"featured_media":43019,"comment_status":"open","ping_status":"open","sticky":false,"template":"","format":"standard","meta":{"footnotes":""},"categories":[40],"tags":[],"class_list":["post-43018","post","type-post","status-publish","format-standard","has-post-thumbnail","hentry","category-deportes"],"jetpack_featured_media_url":"https:\/\/radiorevelacionfm.cl\/wp-content\/uploads\/2024\/06\/comodoro-aysen-3-1_optimized-1.jpg","_links":{"self":[{"href":"https:\/\/radiorevelacionfm.cl\/index.php?rest_route=\/wp\/v2\/posts\/43018","targetHints":{"allow":["GET"]}}],"collection":[{"href":"https:\/\/radiorevelacionfm.cl\/index.php?rest_route=\/wp\/v2\/posts"}],"about":[{"href":"https:\/\/radiorevelacionfm.cl\/index.php?rest_route=\/wp\/v2\/types\/post"}],"author":[{"embeddable":true,"href":"https:\/\/radiorevelacionfm.cl\/index.php?rest_route=\/wp\/v2\/users\/1"}],"replies":[{"embeddable":true,"href":"https:\/\/radiorevelacionfm.cl\/index.php?rest_route=%2Fwp%2Fv2%2Fcomments&post=43018"}],"version-history":[{"count":1,"href":"https:\/\/radiorevelacionfm.cl\/index.php?rest_route=\/wp\/v2\/posts\/43018\/revisions"}],"predecessor-version":[{"id":43020,"href":"https:\/\/radiorevelacionfm.cl\/index.php?rest_route=\/wp\/v2\/posts\/43018\/revisions\/43020"}],"wp:featuredmedia":[{"embeddable":true,"href":"https:\/\/radiorevelacionfm.cl\/index.php?rest_route=\/wp\/v2\/media\/43019"}],"wp:attachment":[{"href":"https:\/\/radiorevelacionfm.cl\/index.php?rest_route=%2Fwp%2Fv2%2Fmedia&parent=43018"}],"wp:term":[{"taxonomy":"category","embeddable":true,"href":"https:\/\/radiorevelacionfm.cl\/index.php?rest_route=%2Fwp%2Fv2%2Fcategories&post=43018"},{"taxonomy":"post_tag","embeddable":true,"href":"https:\/\/radiorevelacionfm.cl\/index.php?rest_route=%2Fwp%2Fv2%2Ftags&post=43018"}],"curies":[{"name":"wp","href":"https:\/\/api.w.org\/{rel}","templated":true}]}}