{"id":43015,"date":"2024-06-10T12:22:31","date_gmt":"2024-06-10T15:22:31","guid":{"rendered":"https:\/\/radiorevelacionfm.cl\/?p=43015"},"modified":"2024-06-10T12:22:31","modified_gmt":"2024-06-10T15:22:31","slug":"mision-cumplida-se-estrecharon-lazos-estrategicos-para-el-desarrollo-turistico-y-comercial-entre-argentina-y-chile","status":"publish","type":"post","link":"https:\/\/radiorevelacionfm.cl\/?p=43015","title":{"rendered":"Misi\u00f3n Cumplida: Se estrecharon lazos estrat\u00e9gicos para el desarrollo tur\u00edstico y comercial entre Argentina y Chile"},"content":{"rendered":"<div class=\"flex_column av_one_full  flex_column_div av-zero-column-padding first  avia-builder-el-0  el_before_av_one_full  avia-builder-el-first  \" style='border-radius:0px; '><div  class='avia-image-container  av-styling-    avia-builder-el-1  avia-builder-el-no-sibling  avia-align-center '  itemprop=\"image\" itemscope=\"itemscope\" itemtype=\"https:\/\/schema.org\/ImageObject\"  ><div class='avia-image-container-inner'><div class='avia-image-overlay-wrap'><img decoding=\"async\" class='wp-image-43016 avia-img-lazy-loading-not-43016 avia_image' src=\"https:\/\/radiorevelacionfm.cl\/wp-content\/uploads\/2024\/06\/img-20240608-wa0056-1_optimized.jpg\" alt='' title='img-20240608-wa0056-(1)_optimized' height=\"600\" width=\"945\"  itemprop=\"thumbnailUrl\" srcset=\"https:\/\/radiorevelacionfm.cl\/wp-content\/uploads\/2024\/06\/img-20240608-wa0056-1_optimized.jpg 945w, https:\/\/radiorevelacionfm.cl\/wp-content\/uploads\/2024\/06\/img-20240608-wa0056-1_optimized-300x190.jpg 300w, https:\/\/radiorevelacionfm.cl\/wp-content\/uploads\/2024\/06\/img-20240608-wa0056-1_optimized-768x488.jpg 768w, https:\/\/radiorevelacionfm.cl\/wp-content\/uploads\/2024\/06\/img-20240608-wa0056-1_optimized-705x448.jpg 705w, https:\/\/radiorevelacionfm.cl\/wp-content\/uploads\/2024\/06\/img-20240608-wa0056-1_optimized-450x286.jpg 450w, https:\/\/radiorevelacionfm.cl\/wp-content\/uploads\/2024\/06\/img-20240608-wa0056-1_optimized-600x381.jpg 600w\" sizes=\"(max-width: 945px) 100vw, 945px\" \/><\/div><\/div><\/div><\/div><div class=\"flex_column av_one_full  flex_column_div av-zero-column-padding first  avia-builder-el-2  el_after_av_one_full  el_before_av_one_full  column-top-margin\" style='border-radius:0px; '><section class=\"av_textblock_section \"  itemscope=\"itemscope\" itemtype=\"https:\/\/schema.org\/BlogPosting\" itemprop=\"blogPost\" ><div class='avia_textblock  '   itemprop=\"text\" ><p style=\"text-align: center;\"><strong><span style=\"font-size: 18pt;\">Misi\u00f3n Cumplida: Se estrecharon lazos estrat\u00e9gicos para el desarrollo tur\u00edstico y comercial entre Argentina y Chile<\/span><\/strong><\/p>\n<div id=\"gtx-trans\" style=\"position: absolute; left: -50px; top: 4.31534px;\">\n<div class=\"gtx-trans-icon\"><\/div>\n<\/div>\n<\/div><\/section><\/div><div class=\"flex_column av_one_full  flex_column_div av-zero-column-padding first  avia-builder-el-4  el_after_av_one_full  el_before_av_hr  column-top-margin\" style='border-radius:0px; '><section class=\"av_textblock_section \"  itemscope=\"itemscope\" itemtype=\"https:\/\/schema.org\/BlogPosting\" itemprop=\"blogPost\" ><div class='avia_textblock  '   itemprop=\"text\" ><p style=\"text-align: justify;\">Una delegaci\u00f3n de m\u00e1s de 60 personas de distintos \u00e1mbitos p\u00fablicos y privados, regres\u00f3 recientemente de una exitosa Misi\u00f3n Tur\u00edstica y Comercial a la Regi\u00f3n de Ays\u00e9n, Chile. La misma fue liderada por Comodoro Turismo organizada en conjunto con el Servicio Nacional de Turismo de Chile y el Gobierno Regional de Ays\u00e9n. Con la participaci\u00f3n de la Secretar\u00eda de Cultura, Deportes y Salud Municipal de Comodoro Rivadavia.<\/p>\n<p style=\"text-align: justify;\">Con el objetivo principal de fortalecer los lazos bilaterales entre Argentina y Chile, la agenda de la misi\u00f3n realizada el jueves 6 y viernes 7 de junio, incluy\u00f3 una serie de presentaciones, recorridas, reuniones privadas y rondas de negocios con empresas y organizaciones de la regi\u00f3n de Ays\u00e9n, donde se establecieron contactos y se exploraron posibles proyectos conjuntos, en busca de \u00a0oportunidades de colaboraci\u00f3n en turismo, salud, deportes, cultura, comercio y desarrollo.<\/p>\n<p style=\"text-align: justify;\">El acto de apertura cont\u00f3 con la presencia de importantes autoridades de la Regi\u00f3n de Ays\u00e9n y de la ciudad de Comodoro Rivadavia, en el cual se firmaron actas de intenci\u00f3n para la reciprocidad de la visita en la cual, representantes chilenos programen visitar al menos dos de los eventos m\u00e1s relevantes de nuestra ciudad como lo son la Expo Turismo en agosto y la Feria Internacional del Libro en Patagonia, programada par el mes de septiembre.<\/p>\n<p style=\"text-align: justify;\">La misi\u00f3n acerc\u00f3 presentaciones y propuestas de diferentes firmas e instituciones p\u00fablicas y privadas tales como: Extremo Viajes, DOSOM AIR, FeDeComEx, Etap, Hotel Wam, TransAustral, Hotel Comodoro, Proyecto Ra\u00edz- Del marqu\u00e9s, \u00a0Ley Seca, Kalaf -Asociaci\u00f3n Cervecera, Instituto Cuina, Streaming Comodoro, La aldea, Fusi\u00f3n Sur, Escuela de Buceo Zeus, Ubuntu Trekking, Eventos Comodoro, \u201cLos Rebeldes\u201d Cabalgatas, Maqu\u00e9 Teatro, Waiwen Voley, Uni\u00f3n Rugby Austral, Penta, Diagnos, Cabin, Sanatorio La Espa\u00f1ola, Altamira y por parte de la Municipalidad de Comodoro Rivadavia, presentaciones a cargo de la Secretar\u00eda de Cultura, \u00a0Salud, el Ente Comodoro Deportes y la Direcci\u00f3n General de Turismo.<\/p>\n<p style=\"text-align: justify;\">\u201cFueron jornadas intensas y propicias para la integraci\u00f3n de diferentes sectores y una oportunidad de establecer relaciones y \u00a0generar un clima de confianza para futuras iniciativas de cooperaci\u00f3n. Nos enorgullece haber concretado esta misi\u00f3n en una idea de Patagonia integrada, buscando posicionar a Comodoro como ciudad destino y promoviendo el desarrollo tur\u00edstico regional. En esta oportunidad, consideramos que result\u00f3 muy satisfactoria y estaremos concretando nuevos encuentros para el balance final de esta misi\u00f3n\u201d mencion\u00f3 Eduardo Carrasco, Gerente de Comodoro Turismo, agradeciendo a todas las partes que la hicieron posible.<\/p>\n<p style=\"text-align: justify;\">Por su parte, el Secretario de Econom\u00eda y Finanzas de la Municipalidad y Presidente del Ente Comodoro Turismo, Fernando Barr\u00eda, manifest\u00f3 que \u201cEl turismo y la cuesti\u00f3n econ\u00f3mica van de la mano, esta misi\u00f3n promete impactar positivamente en una vinculaci\u00f3n con el pa\u00eds vecino, pensando en los eventos futuros. Lo m\u00e1s importante es poder haber concretado una mesa de trabajo conjunta\u201d.<\/p>\n<p style=\"text-align: justify;\"><strong>Actividades de Promoci\u00f3n Tur\u00edstica<\/strong><\/p>\n<p style=\"text-align: justify;\">En paralelo a las jornadas llevadas a cabo en distintas sedes, incluida una recorrida por el Polideportivo de la localidad de Ays\u00e9n, ubicada a 60 km. de Coyhaique, se llevaron a cabo actividades de promoci\u00f3n tur\u00edstica en la pintoresca Plaza de Armas junto a Estela Carrizo, Ayel\u00e9n Quinchamal y El\u00edas Echavizu, gu\u00edas de Comodoro Turismo, que se ocuparon de ofrecer toda la informaci\u00f3n acerca de nuestra ciudad a los vecinos que paseaban por el lugar. Se hizo entrega de merchandising con la marca Comodoro Alma Patag\u00f3nica, y la solicitud de seguimiento en redes sociales con la cual participaban de un sorteo para conocer nuestra ciudad. Se hizo lo propio, tambi\u00e9n en la ronda de negocios en la cual se sorte\u00f3 un voucher para dos personas v\u00e1lido por traslado, estad\u00eda, excursiones a Rocas Coloradas, Buceo, Trekking en el Pico Salamanca y cenas en bares y restaurantes locales. Los ganadores fueron Antonio Cedas en la Plaza de Armas y Carla Morales Sandoval en la ronda de negocios, quienes tendr\u00e1n tiempo hasta el mes de diciembre para visitar nuestra ciudad y disfrutar de todos los atractivos y prestaciones de los emprendedores tur\u00edsticos.<\/p>\n<\/div><\/section><\/div><div  style='height:50px' class='hr hr-invisible   avia-builder-el-6  el_after_av_one_full  el_before_av_social_share '><span class='hr-inner ' ><span class='hr-inner-style'><\/span><\/span><\/div><\/p>\n<div  class='av-social-sharing-box  avia-builder-el-7  el_after_av_hr  el_before_av_hr  '><div class='av-share-box'><h5 class='av-share-link-description av-no-toc '>Compartir esta noticia<\/h5><ul class='av-share-box-list noLightbox'><li class='av-share-link av-social-link-facebook' ><a target=\"_blank\" aria-label=\"Compartir en Facebook\" href='https:\/\/www.facebook.com\/sharer.php?u=https:\/\/radiorevelacionfm.cl\/?p=43015&#038;t=Misi%C3%B3n%20Cumplida%3A%20Se%20estrecharon%20lazos%20estrat%C3%A9gicos%20para%20el%20desarrollo%20tur%C3%ADstico%20y%20comercial%20entre%20Argentina%20y%20Chile' aria-hidden='false' data-av_icon='\ue8f3' data-av_iconfont='entypo-fontello' title='' data-avia-related-tooltip='Compartir en Facebook' rel=\"noopener\"><span class='avia_hidden_link_text'>Compartir en Facebook<\/span><\/a><\/li><li class='av-share-link av-social-link-twitter' ><a target=\"_blank\" aria-label=\"Compartir en Twitter\" href='https:\/\/twitter.com\/share?text=Misi%C3%B3n%20Cumplida%3A%20Se%20estrecharon%20lazos%20estrat%C3%A9gicos%20para%20el%20desarrollo%20tur%C3%ADstico%20y%20comercial%20entre%20Argentina%20y%20Chile&#038;url=https:\/\/radiorevelacionfm.cl\/?p=43015' aria-hidden='false' data-av_icon='\ue8f1' data-av_iconfont='entypo-fontello' title='' data-avia-related-tooltip='Compartir en Twitter' rel=\"noopener\"><span class='avia_hidden_link_text'>Compartir en Twitter<\/span><\/a><\/li><li class='av-share-link av-social-link-whatsapp' ><a target=\"_blank\" aria-label=\"Compartir en Whatsapp\" href='https:\/\/api.whatsapp.com\/send?text=https:\/\/radiorevelacionfm.cl\/?p=43015' aria-hidden='false' data-av_icon='\uf232' data-av_iconfont='entypo-fontello' title='' data-avia-related-tooltip='Compartir en Whatsapp' rel=\"noopener\"><span class='avia_hidden_link_text'>Compartir en Whatsapp<\/span><\/a><\/li><li class='av-share-link av-social-link-linkedin' ><a target=\"_blank\" aria-label=\"Compartir en LinkedIn\" href='https:\/\/linkedin.com\/shareArticle?mini=true&#038;title=Misi%C3%B3n%20Cumplida%3A%20Se%20estrecharon%20lazos%20estrat%C3%A9gicos%20para%20el%20desarrollo%20tur%C3%ADstico%20y%20comercial%20entre%20Argentina%20y%20Chile&#038;url=https:\/\/radiorevelacionfm.cl\/?p=43015' aria-hidden='false' data-av_icon='\ue8fc' data-av_iconfont='entypo-fontello' title='' data-avia-related-tooltip='Compartir en LinkedIn' rel=\"noopener\"><span class='avia_hidden_link_text'>Compartir en LinkedIn<\/span><\/a><\/li><li class='av-share-link av-social-link-mail' ><a  aria-label=\"Compartir por correo\" href='mailto:?subject=Misi%C3%B3n%20Cumplida%3A%20Se%20estrecharon%20lazos%20estrat%C3%A9gicos%20para%20el%20desarrollo%20tur%C3%ADstico%20y%20comercial%20entre%20Argentina%20y%20Chile&#038;body=https:\/\/radiorevelacionfm.cl\/?p=43015' aria-hidden='false' data-av_icon='\ue805' data-av_iconfont='entypo-fontello' title='' data-avia-related-tooltip='Compartir por correo'><span class='avia_hidden_link_text'>Compartir por correo<\/span><\/a><\/li><\/ul><\/div><\/div>\n<div  style='height:50px' class='hr hr-invisible   avia-builder-el-8  el_after_av_social_share  el_before_av_comments_list '><span class='hr-inner ' ><span class='hr-inner-style'><\/span><\/span><\/div>\n<div  class='av-buildercomment  av-blog-meta-html-info-disabled av-blog-meta-tag-disabled  '><\/div>\n","protected":false},"excerpt":{"rendered":"","protected":false},"author":1,"featured_media":43016,"comment_status":"open","ping_status":"open","sticky":false,"template":"","format":"standard","meta":{"footnotes":""},"categories":[54],"tags":[],"class_list":["post-43015","post","type-post","status-publish","format-standard","has-post-thumbnail","hentry","category-turismo"],"jetpack_featured_media_url":"https:\/\/radiorevelacionfm.cl\/wp-content\/uploads\/2024\/06\/img-20240608-wa0056-1_optimized.jpg","_links":{"self":[{"href":"https:\/\/radiorevelacionfm.cl\/index.php?rest_route=\/wp\/v2\/posts\/43015","targetHints":{"allow":["GET"]}}],"collection":[{"href":"https:\/\/radiorevelacionfm.cl\/index.php?rest_route=\/wp\/v2\/posts"}],"about":[{"href":"https:\/\/radiorevelacionfm.cl\/index.php?rest_route=\/wp\/v2\/types\/post"}],"author":[{"embeddable":true,"href":"https:\/\/radiorevelacionfm.cl\/index.php?rest_route=\/wp\/v2\/users\/1"}],"replies":[{"embeddable":true,"href":"https:\/\/radiorevelacionfm.cl\/index.php?rest_route=%2Fwp%2Fv2%2Fcomments&post=43015"}],"version-history":[{"count":1,"href":"https:\/\/radiorevelacionfm.cl\/index.php?rest_route=\/wp\/v2\/posts\/43015\/revisions"}],"predecessor-version":[{"id":43017,"href":"https:\/\/radiorevelacionfm.cl\/index.php?rest_route=\/wp\/v2\/posts\/43015\/revisions\/43017"}],"wp:featuredmedia":[{"embeddable":true,"href":"https:\/\/radiorevelacionfm.cl\/index.php?rest_route=\/wp\/v2\/media\/43016"}],"wp:attachment":[{"href":"https:\/\/radiorevelacionfm.cl\/index.php?rest_route=%2Fwp%2Fv2%2Fmedia&parent=43015"}],"wp:term":[{"taxonomy":"category","embeddable":true,"href":"https:\/\/radiorevelacionfm.cl\/index.php?rest_route=%2Fwp%2Fv2%2Fcategories&post=43015"},{"taxonomy":"post_tag","embeddable":true,"href":"https:\/\/radiorevelacionfm.cl\/index.php?rest_route=%2Fwp%2Fv2%2Ftags&post=43015"}],"curies":[{"name":"wp","href":"https:\/\/api.w.org\/{rel}","templated":true}]}}