{"id":43011,"date":"2024-06-09T22:02:01","date_gmt":"2024-06-10T01:02:01","guid":{"rendered":"https:\/\/radiorevelacionfm.cl\/?p=43011"},"modified":"2024-06-09T22:02:01","modified_gmt":"2024-06-10T01:02:01","slug":"calisto-realiza-gestiones-con-junaeb-y-ministerio-de-educacion-por-deficit-de-becas-regionales","status":"publish","type":"post","link":"https:\/\/radiorevelacionfm.cl\/?p=43011","title":{"rendered":"Calisto realiza gestiones con Junaeb y Ministerio de Educaci\u00f3n por d\u00e9ficit de becas regionales"},"content":{"rendered":"<div class=\"flex_column av_one_full  flex_column_div av-zero-column-padding first  avia-builder-el-0  el_before_av_one_full  avia-builder-el-first  \" style='border-radius:0px; '><div  class='avia-image-container  av-styling-    avia-builder-el-1  avia-builder-el-no-sibling  avia-align-center '  itemprop=\"image\" itemscope=\"itemscope\" itemtype=\"https:\/\/schema.org\/ImageObject\"  ><div class='avia-image-container-inner'><div class='avia-image-overlay-wrap'><img decoding=\"async\" class='wp-image-8618 avia-img-lazy-loading-not-8618 avia_image' src=\"https:\/\/radiorevelacionfm.cl\/wp-content\/uploads\/2021\/09\/Calisto_Subsidios-1.jpg\" alt='' title='Calisto_Subsidios (1)' height=\"597\" width=\"1046\"  itemprop=\"thumbnailUrl\" srcset=\"https:\/\/radiorevelacionfm.cl\/wp-content\/uploads\/2021\/09\/Calisto_Subsidios-1.jpg 1046w, https:\/\/radiorevelacionfm.cl\/wp-content\/uploads\/2021\/09\/Calisto_Subsidios-1-300x171.jpg 300w, https:\/\/radiorevelacionfm.cl\/wp-content\/uploads\/2021\/09\/Calisto_Subsidios-1-1030x588.jpg 1030w, https:\/\/radiorevelacionfm.cl\/wp-content\/uploads\/2021\/09\/Calisto_Subsidios-1-768x438.jpg 768w, https:\/\/radiorevelacionfm.cl\/wp-content\/uploads\/2021\/09\/Calisto_Subsidios-1-705x402.jpg 705w, https:\/\/radiorevelacionfm.cl\/wp-content\/uploads\/2021\/09\/Calisto_Subsidios-1-600x342.jpg 600w\" sizes=\"(max-width: 1046px) 100vw, 1046px\" \/><\/div><\/div><\/div><\/div><div class=\"flex_column av_one_full  flex_column_div av-zero-column-padding first  avia-builder-el-2  el_after_av_one_full  el_before_av_one_full  column-top-margin\" style='border-radius:0px; '><section class=\"av_textblock_section \"  itemscope=\"itemscope\" itemtype=\"https:\/\/schema.org\/BlogPosting\" itemprop=\"blogPost\" ><div class='avia_textblock  '   itemprop=\"text\" ><p style=\"text-align: center;\"><span style=\"font-size: 18pt;\"><b><span lang=\"ES\">Calisto realiza gestiones con Junaeb y Ministerio de Educaci\u00f3n por d\u00e9ficit de becas regionales<\/span><\/b><\/span><\/p>\n<div id=\"gtx-trans\" style=\"position: absolute; left: -50px; top: 4.31534px;\">\n<div class=\"gtx-trans-icon\"><\/div>\n<\/div>\n<\/div><\/section><\/div><div class=\"flex_column av_one_full  flex_column_div av-zero-column-padding first  avia-builder-el-4  el_after_av_one_full  el_before_av_hr  column-top-margin\" style='border-radius:0px; '><section class=\"av_textblock_section \"  itemscope=\"itemscope\" itemtype=\"https:\/\/schema.org\/BlogPosting\" itemprop=\"blogPost\" ><div class='avia_textblock  '   itemprop=\"text\" ><p style=\"font-weight: 400; text-align: justify;\">Ante la preocupaci\u00f3n por la posible falta de cupos para la beca Patagonia y Beca Ays\u00e9n, el diputado Miguel \u00c1ngel Calisto tom\u00f3 contacto con Junaeb y con el Ministerio de Educaci\u00f3n, esto luego que muchos j\u00f3venes y apoderados se comunicaran con el parlamentario alertando que no fueron beneficiados a pesar de cumplir con los beneficios.<\/p>\n<p style=\"font-weight: 400; text-align: justify;\">Seg\u00fan el legislador, \u201cestamos coordinando acciones con algunos apoderados y j\u00f3venes, a prop\u00f3sito del d\u00e9ficit en materia de becas. Hay muchos j\u00f3venes que han ingresado a la plataforma de internet para ver si salieron beneficiados a la beca Patagonia, Beca Ays\u00e9n o Integraci\u00f3n Territorial, y lamentablemente aparecen sin este beneficio\u201d.<\/p>\n<p style=\"font-weight: 400; text-align: justify;\">Calisto agreg\u00f3 que \u201cesta ma\u00f1ana conversamos con el Director de Junaeb y tambi\u00e9n con autoridades nacionales del Ministerio de Educaci\u00f3n para poder acompa\u00f1ar las apelaciones y saber cu\u00e1l es la situaci\u00f3n que ocurre al interior de Junaeb. Lo que nos ha dicho el director es que se ha becado a un porcentaje de alumnos durante el mes de junio, pero en julio se va a becar a un n\u00famero mucho m\u00e1s importante que los que se han becado ahora\u201d.<\/p>\n<p style=\"font-weight: 400; text-align: justify;\">\u201cHacemos un llamado a las familias y a estudiantes a la calma, ya que viene un nuevo llamado de becas Patagonia y Beca Integraci\u00f3n. Sobre la posibilidad que exista un d\u00e9ficit de becas, ya estamos haciendo gestiones con el Ministerio para garantizar que no quede ning\u00fan joven que cumple los requisitos sin beca Ays\u00e9n o Patagonia\u201d, indic\u00f3.<\/p>\n<p style=\"font-weight: 400; text-align: justify;\">Finalmente, el diputado Miguel \u00c1ngel Calisto afirm\u00f3 que \u201ctodos los a\u00f1os hay d\u00e9ficit, pero tambi\u00e9n todos los a\u00f1os hemos realizado las gestiones para que la totalidad de los alumnos que cumplen los requisitos tengan el beneficio\u201d.<\/p>\n<\/div><\/section><\/div><div  style='height:50px' class='hr hr-invisible   avia-builder-el-6  el_after_av_one_full  el_before_av_social_share '><span class='hr-inner ' ><span class='hr-inner-style'><\/span><\/span><\/div><\/p>\n<div  class='av-social-sharing-box  avia-builder-el-7  el_after_av_hr  el_before_av_hr  '><div class='av-share-box'><h5 class='av-share-link-description av-no-toc '>Compartir esta noticia<\/h5><ul class='av-share-box-list noLightbox'><li class='av-share-link av-social-link-facebook' ><a target=\"_blank\" aria-label=\"Compartir en Facebook\" href='https:\/\/www.facebook.com\/sharer.php?u=https:\/\/radiorevelacionfm.cl\/?p=43011&#038;t=Calisto%20realiza%20gestiones%20con%20Junaeb%20y%20Ministerio%20de%20Educaci%C3%B3n%20por%20d%C3%A9ficit%20de%20becas%20regionales' aria-hidden='false' data-av_icon='\ue8f3' data-av_iconfont='entypo-fontello' title='' data-avia-related-tooltip='Compartir en Facebook' rel=\"noopener\"><span class='avia_hidden_link_text'>Compartir en Facebook<\/span><\/a><\/li><li class='av-share-link av-social-link-twitter' ><a target=\"_blank\" aria-label=\"Compartir en Twitter\" href='https:\/\/twitter.com\/share?text=Calisto%20realiza%20gestiones%20con%20Junaeb%20y%20Ministerio%20de%20Educaci%C3%B3n%20por%20d%C3%A9ficit%20de%20becas%20regionales&#038;url=https:\/\/radiorevelacionfm.cl\/?p=43011' aria-hidden='false' data-av_icon='\ue8f1' data-av_iconfont='entypo-fontello' title='' data-avia-related-tooltip='Compartir en Twitter' rel=\"noopener\"><span class='avia_hidden_link_text'>Compartir en Twitter<\/span><\/a><\/li><li class='av-share-link av-social-link-whatsapp' ><a target=\"_blank\" aria-label=\"Compartir en Whatsapp\" href='https:\/\/api.whatsapp.com\/send?text=https:\/\/radiorevelacionfm.cl\/?p=43011' aria-hidden='false' data-av_icon='\uf232' data-av_iconfont='entypo-fontello' title='' data-avia-related-tooltip='Compartir en Whatsapp' rel=\"noopener\"><span class='avia_hidden_link_text'>Compartir en Whatsapp<\/span><\/a><\/li><li class='av-share-link av-social-link-linkedin' ><a target=\"_blank\" aria-label=\"Compartir en LinkedIn\" href='https:\/\/linkedin.com\/shareArticle?mini=true&#038;title=Calisto%20realiza%20gestiones%20con%20Junaeb%20y%20Ministerio%20de%20Educaci%C3%B3n%20por%20d%C3%A9ficit%20de%20becas%20regionales&#038;url=https:\/\/radiorevelacionfm.cl\/?p=43011' aria-hidden='false' data-av_icon='\ue8fc' data-av_iconfont='entypo-fontello' title='' data-avia-related-tooltip='Compartir en LinkedIn' rel=\"noopener\"><span class='avia_hidden_link_text'>Compartir en LinkedIn<\/span><\/a><\/li><li class='av-share-link av-social-link-mail' ><a  aria-label=\"Compartir por correo\" href='mailto:?subject=Calisto%20realiza%20gestiones%20con%20Junaeb%20y%20Ministerio%20de%20Educaci%C3%B3n%20por%20d%C3%A9ficit%20de%20becas%20regionales&#038;body=https:\/\/radiorevelacionfm.cl\/?p=43011' aria-hidden='false' data-av_icon='\ue805' data-av_iconfont='entypo-fontello' title='' data-avia-related-tooltip='Compartir por correo'><span class='avia_hidden_link_text'>Compartir por correo<\/span><\/a><\/li><\/ul><\/div><\/div>\n<div  style='height:50px' class='hr hr-invisible   avia-builder-el-8  el_after_av_social_share  el_before_av_comments_list '><span class='hr-inner ' ><span class='hr-inner-style'><\/span><\/span><\/div>\n<div  class='av-buildercomment  av-blog-meta-html-info-disabled av-blog-meta-tag-disabled  '><\/div>\n","protected":false},"excerpt":{"rendered":"","protected":false},"author":1,"featured_media":8618,"comment_status":"open","ping_status":"open","sticky":false,"template":"","format":"standard","meta":{"footnotes":""},"categories":[35],"tags":[],"class_list":["post-43011","post","type-post","status-publish","format-standard","has-post-thumbnail","hentry","category-politica"],"jetpack_featured_media_url":"https:\/\/radiorevelacionfm.cl\/wp-content\/uploads\/2021\/09\/Calisto_Subsidios-1.jpg","_links":{"self":[{"href":"https:\/\/radiorevelacionfm.cl\/index.php?rest_route=\/wp\/v2\/posts\/43011","targetHints":{"allow":["GET"]}}],"collection":[{"href":"https:\/\/radiorevelacionfm.cl\/index.php?rest_route=\/wp\/v2\/posts"}],"about":[{"href":"https:\/\/radiorevelacionfm.cl\/index.php?rest_route=\/wp\/v2\/types\/post"}],"author":[{"embeddable":true,"href":"https:\/\/radiorevelacionfm.cl\/index.php?rest_route=\/wp\/v2\/users\/1"}],"replies":[{"embeddable":true,"href":"https:\/\/radiorevelacionfm.cl\/index.php?rest_route=%2Fwp%2Fv2%2Fcomments&post=43011"}],"version-history":[{"count":1,"href":"https:\/\/radiorevelacionfm.cl\/index.php?rest_route=\/wp\/v2\/posts\/43011\/revisions"}],"predecessor-version":[{"id":43012,"href":"https:\/\/radiorevelacionfm.cl\/index.php?rest_route=\/wp\/v2\/posts\/43011\/revisions\/43012"}],"wp:featuredmedia":[{"embeddable":true,"href":"https:\/\/radiorevelacionfm.cl\/index.php?rest_route=\/wp\/v2\/media\/8618"}],"wp:attachment":[{"href":"https:\/\/radiorevelacionfm.cl\/index.php?rest_route=%2Fwp%2Fv2%2Fmedia&parent=43011"}],"wp:term":[{"taxonomy":"category","embeddable":true,"href":"https:\/\/radiorevelacionfm.cl\/index.php?rest_route=%2Fwp%2Fv2%2Fcategories&post=43011"},{"taxonomy":"post_tag","embeddable":true,"href":"https:\/\/radiorevelacionfm.cl\/index.php?rest_route=%2Fwp%2Fv2%2Ftags&post=43011"}],"curies":[{"name":"wp","href":"https:\/\/api.w.org\/{rel}","templated":true}]}}