{"id":43008,"date":"2024-06-09T21:53:13","date_gmt":"2024-06-10T00:53:13","guid":{"rendered":"https:\/\/radiorevelacionfm.cl\/?p=43008"},"modified":"2024-06-09T21:53:13","modified_gmt":"2024-06-10T00:53:13","slug":"delegacion-de-aysen-patagonia-participo-en-el-primer-encuentro-de-gobernanzas-turisticas","status":"publish","type":"post","link":"https:\/\/radiorevelacionfm.cl\/?p=43008","title":{"rendered":"Delegaci\u00f3n de Ays\u00e9n Patagonia particip\u00f3 en el primer Encuentro de Gobernanzas Tur\u00edsticas"},"content":{"rendered":"<div class=\"flex_column av_one_full  flex_column_div av-zero-column-padding first  avia-builder-el-0  el_before_av_one_full  avia-builder-el-first  \" style='border-radius:0px; '><div  class='avia-image-container  av-styling-    avia-builder-el-1  avia-builder-el-no-sibling  avia-align-center '  itemprop=\"image\" itemscope=\"itemscope\" itemtype=\"https:\/\/schema.org\/ImageObject\"  ><div class='avia-image-container-inner'><div class='avia-image-overlay-wrap'><img decoding=\"async\" class='wp-image-43009 avia-img-lazy-loading-not-43009 avia_image' src=\"https:\/\/radiorevelacionfm.cl\/wp-content\/uploads\/2024\/06\/encuentro-valdivia-1_optimized.jpeg\" alt='' title='encuentro-valdivia-(1)_optimized' height=\"600\" width=\"901\"  itemprop=\"thumbnailUrl\" srcset=\"https:\/\/radiorevelacionfm.cl\/wp-content\/uploads\/2024\/06\/encuentro-valdivia-1_optimized.jpeg 901w, https:\/\/radiorevelacionfm.cl\/wp-content\/uploads\/2024\/06\/encuentro-valdivia-1_optimized-300x200.jpeg 300w, https:\/\/radiorevelacionfm.cl\/wp-content\/uploads\/2024\/06\/encuentro-valdivia-1_optimized-768x511.jpeg 768w, https:\/\/radiorevelacionfm.cl\/wp-content\/uploads\/2024\/06\/encuentro-valdivia-1_optimized-705x469.jpeg 705w, https:\/\/radiorevelacionfm.cl\/wp-content\/uploads\/2024\/06\/encuentro-valdivia-1_optimized-450x300.jpeg 450w, https:\/\/radiorevelacionfm.cl\/wp-content\/uploads\/2024\/06\/encuentro-valdivia-1_optimized-600x400.jpeg 600w\" sizes=\"(max-width: 901px) 100vw, 901px\" \/><\/div><\/div><\/div><\/div><div class=\"flex_column av_one_full  flex_column_div av-zero-column-padding first  avia-builder-el-2  el_after_av_one_full  el_before_av_one_full  column-top-margin\" style='border-radius:0px; '><section class=\"av_textblock_section \"  itemscope=\"itemscope\" itemtype=\"https:\/\/schema.org\/BlogPosting\" itemprop=\"blogPost\" ><div class='avia_textblock  '   itemprop=\"text\" ><p style=\"text-align: center;\"><strong><span style=\"font-size: 18pt;\">Delegaci\u00f3n de Ays\u00e9n Patagonia particip\u00f3 en el primer Encuentro de Gobernanzas Tur\u00edsticas<\/span><\/strong><\/p>\n<div id=\"gtx-trans\" style=\"position: absolute; left: -50px; top: 4.31534px;\">\n<div class=\"gtx-trans-icon\"><\/div>\n<\/div>\n<\/div><\/section><\/div><div class=\"flex_column av_one_full  flex_column_div av-zero-column-padding first  avia-builder-el-4  el_after_av_one_full  el_before_av_hr  column-top-margin\" style='border-radius:0px; '><section class=\"av_textblock_section \"  itemscope=\"itemscope\" itemtype=\"https:\/\/schema.org\/BlogPosting\" itemprop=\"blogPost\" ><div class='avia_textblock  '   itemprop=\"text\" ><p style=\"text-align: justify;\"><em>Con gran \u00e9xito y alta convocatoria desde diversas zonas del pa\u00eds, finaliz\u00f3 la primera reuni\u00f3n nacional de gobernanzas tur\u00edsticas realizada en Valdivia, donde los actores de sectores p\u00fablico, privado, de la academia y la comunidad local firmaron un compromiso para construir mejores gobernanzas en post del desarrollo del turismo nacional.<\/em><\/p>\n<p style=\"text-align: justify;\">M\u00e1s de 350 personas de distintos puntos del pa\u00eds participaron en las dos exitosas jornadas del primer Encuentro de Gobernanzas Tur\u00edsticas realizadas este 5 y 6 de junio en Valdivia, oportunidad en que la regi\u00f3n de Ays\u00e9n estuvo presente con representantes de diversas entidades publicas y privadas.<\/p>\n<p style=\"text-align: justify;\">El evento, organizado por la subsecretar\u00eda de Turismo, Sernatur, Transforma Turismo y la Ruta Lagos y Volcanes, en colaboraci\u00f3n con la Universidad Austral de Chile y el programa Austral Patagonia, tuvo como objetivo fomentar la colaboraci\u00f3n entre los sectores p\u00fablico, privado y la comunidad para promover pr\u00e1cticas de gobernanzas efectivas que impulsen el desarrollo sostenible y la competitividad de los destinos tur\u00edsticos del pa\u00eds.<\/p>\n<p style=\"text-align: justify;\">El director de Sernatur Ays\u00e9n, Claudio Montecinos, destac\u00f3 la participaci\u00f3n de los representantes de Ays\u00e9n en este Primer Encuentro de Gobernanza Tur\u00edstica, instancia que cimenta las bases para\u00a0 \u00abavanzar como regi\u00f3n hacia una gobernanza permanente de turismo, que nos permita fortalecer la alianza p\u00fablico-privada y a trav\u00e9s de esta gobernanza fortalecer la planificaci\u00f3n y el desarrollo tur\u00edstico de nuestra regi\u00f3n, consolidar un sector privado activo y representativo de nuestro destino\u00bb.<\/p>\n<p style=\"text-align: justify;\">La delegaci\u00f3n de la regi\u00f3n de Ays\u00e9n estuvo compuesta por representantes de las tres Zonas de Inter\u00e9s Tur\u00edstico (ZOIT), de la Delegaci\u00f3n Provincial de Capit\u00e1n Prat, Sernatur Ays\u00e9n, CORFO, PER Turismo, los Seremis del Turismo y la UACH.<\/p>\n<p style=\"text-align: justify;\">Es as\u00ed como, en representaci\u00f3n de la ZOIT Chelenko, Jasmia Y\u00e1\u00f1ez, presidenta de la Corporaci\u00f3n Chelenko, expuso en el panel de conversaci\u00f3n \u00abDesaf\u00edos y Beneficios de la Coordinaci\u00f3n Multinivel: Uniendo Actores Locales por un Fin Com\u00fan\u00bb, sobre Gobernanza Participativa entre dos territorios.<\/p>\n<p style=\"text-align: justify;\">Jasmia Y\u00e1\u00f1ez, adem\u00e1s valor\u00f3 la instancia para conocer la experiencia de otras gobernanzas a nivel nacional, como la del primer geoparque de Chile, Kutralkura. \u00abPara nosotros como regi\u00f3n de Ays\u00e9n y como parte del equipo del dise\u00f1o Geoparque Chelenko, es una instancia importante para conocer su experiencia y aprender de ellos. Replicar lo bueno, los aciertos y tambi\u00e9n aprender de sus desaf\u00edos y transformarlos en nuestros propios desaf\u00edos como cuenca del lago General Carrera, donde esperamos tener el pr\u00f3ximo geoparque reconocido por la UNESCO\u00bb.<\/p>\n<p style=\"text-align: justify;\">Finalmente, los representantes de las diversas gobernanzas que participaron del encuentro, firmaron un compromiso <em>que permita construir mejores gobernanzas para impulsar un mejor turismo para Chile, fomentando el trabajo en conjunto de todos los actores que son parte de los diversos sistemas de gobernanza existentes en el pa\u00eds, en post del desarrollo exitoso del turismo nacional<\/em>.<\/p>\n<\/div><\/section><\/div><div  style='height:50px' class='hr hr-invisible   avia-builder-el-6  el_after_av_one_full  el_before_av_social_share '><span class='hr-inner ' ><span class='hr-inner-style'><\/span><\/span><\/div><\/p>\n<div  class='av-social-sharing-box  avia-builder-el-7  el_after_av_hr  el_before_av_hr  '><div class='av-share-box'><h5 class='av-share-link-description av-no-toc '>Compartir esta noticia<\/h5><ul class='av-share-box-list noLightbox'><li class='av-share-link av-social-link-facebook' ><a target=\"_blank\" aria-label=\"Compartir en Facebook\" href='https:\/\/www.facebook.com\/sharer.php?u=https:\/\/radiorevelacionfm.cl\/?p=43008&#038;t=Delegaci%C3%B3n%20de%20Ays%C3%A9n%20Patagonia%20particip%C3%B3%20en%20el%20primer%20Encuentro%20de%20Gobernanzas%20Tur%C3%ADsticas' aria-hidden='false' data-av_icon='\ue8f3' data-av_iconfont='entypo-fontello' title='' data-avia-related-tooltip='Compartir en Facebook' rel=\"noopener\"><span class='avia_hidden_link_text'>Compartir en Facebook<\/span><\/a><\/li><li class='av-share-link av-social-link-twitter' ><a target=\"_blank\" aria-label=\"Compartir en Twitter\" href='https:\/\/twitter.com\/share?text=Delegaci%C3%B3n%20de%20Ays%C3%A9n%20Patagonia%20particip%C3%B3%20en%20el%20primer%20Encuentro%20de%20Gobernanzas%20Tur%C3%ADsticas&#038;url=https:\/\/radiorevelacionfm.cl\/?p=43008' aria-hidden='false' data-av_icon='\ue8f1' data-av_iconfont='entypo-fontello' title='' data-avia-related-tooltip='Compartir en Twitter' rel=\"noopener\"><span class='avia_hidden_link_text'>Compartir en Twitter<\/span><\/a><\/li><li class='av-share-link av-social-link-whatsapp' ><a target=\"_blank\" aria-label=\"Compartir en Whatsapp\" href='https:\/\/api.whatsapp.com\/send?text=https:\/\/radiorevelacionfm.cl\/?p=43008' aria-hidden='false' data-av_icon='\uf232' data-av_iconfont='entypo-fontello' title='' data-avia-related-tooltip='Compartir en Whatsapp' rel=\"noopener\"><span class='avia_hidden_link_text'>Compartir en Whatsapp<\/span><\/a><\/li><li class='av-share-link av-social-link-linkedin' ><a target=\"_blank\" aria-label=\"Compartir en LinkedIn\" href='https:\/\/linkedin.com\/shareArticle?mini=true&#038;title=Delegaci%C3%B3n%20de%20Ays%C3%A9n%20Patagonia%20particip%C3%B3%20en%20el%20primer%20Encuentro%20de%20Gobernanzas%20Tur%C3%ADsticas&#038;url=https:\/\/radiorevelacionfm.cl\/?p=43008' aria-hidden='false' data-av_icon='\ue8fc' data-av_iconfont='entypo-fontello' title='' data-avia-related-tooltip='Compartir en LinkedIn' rel=\"noopener\"><span class='avia_hidden_link_text'>Compartir en LinkedIn<\/span><\/a><\/li><li class='av-share-link av-social-link-mail' ><a  aria-label=\"Compartir por correo\" href='mailto:?subject=Delegaci%C3%B3n%20de%20Ays%C3%A9n%20Patagonia%20particip%C3%B3%20en%20el%20primer%20Encuentro%20de%20Gobernanzas%20Tur%C3%ADsticas&#038;body=https:\/\/radiorevelacionfm.cl\/?p=43008' aria-hidden='false' data-av_icon='\ue805' data-av_iconfont='entypo-fontello' title='' data-avia-related-tooltip='Compartir por correo'><span class='avia_hidden_link_text'>Compartir por correo<\/span><\/a><\/li><\/ul><\/div><\/div>\n<div  style='height:50px' class='hr hr-invisible   avia-builder-el-8  el_after_av_social_share  el_before_av_comments_list '><span class='hr-inner ' ><span class='hr-inner-style'><\/span><\/span><\/div>\n<div  class='av-buildercomment  av-blog-meta-html-info-disabled av-blog-meta-tag-disabled  '><\/div>\n","protected":false},"excerpt":{"rendered":"","protected":false},"author":1,"featured_media":43009,"comment_status":"open","ping_status":"open","sticky":false,"template":"","format":"standard","meta":{"footnotes":""},"categories":[54],"tags":[],"class_list":["post-43008","post","type-post","status-publish","format-standard","has-post-thumbnail","hentry","category-turismo"],"jetpack_featured_media_url":"https:\/\/radiorevelacionfm.cl\/wp-content\/uploads\/2024\/06\/encuentro-valdivia-1_optimized.jpeg","_links":{"self":[{"href":"https:\/\/radiorevelacionfm.cl\/index.php?rest_route=\/wp\/v2\/posts\/43008","targetHints":{"allow":["GET"]}}],"collection":[{"href":"https:\/\/radiorevelacionfm.cl\/index.php?rest_route=\/wp\/v2\/posts"}],"about":[{"href":"https:\/\/radiorevelacionfm.cl\/index.php?rest_route=\/wp\/v2\/types\/post"}],"author":[{"embeddable":true,"href":"https:\/\/radiorevelacionfm.cl\/index.php?rest_route=\/wp\/v2\/users\/1"}],"replies":[{"embeddable":true,"href":"https:\/\/radiorevelacionfm.cl\/index.php?rest_route=%2Fwp%2Fv2%2Fcomments&post=43008"}],"version-history":[{"count":1,"href":"https:\/\/radiorevelacionfm.cl\/index.php?rest_route=\/wp\/v2\/posts\/43008\/revisions"}],"predecessor-version":[{"id":43010,"href":"https:\/\/radiorevelacionfm.cl\/index.php?rest_route=\/wp\/v2\/posts\/43008\/revisions\/43010"}],"wp:featuredmedia":[{"embeddable":true,"href":"https:\/\/radiorevelacionfm.cl\/index.php?rest_route=\/wp\/v2\/media\/43009"}],"wp:attachment":[{"href":"https:\/\/radiorevelacionfm.cl\/index.php?rest_route=%2Fwp%2Fv2%2Fmedia&parent=43008"}],"wp:term":[{"taxonomy":"category","embeddable":true,"href":"https:\/\/radiorevelacionfm.cl\/index.php?rest_route=%2Fwp%2Fv2%2Fcategories&post=43008"},{"taxonomy":"post_tag","embeddable":true,"href":"https:\/\/radiorevelacionfm.cl\/index.php?rest_route=%2Fwp%2Fv2%2Ftags&post=43008"}],"curies":[{"name":"wp","href":"https:\/\/api.w.org\/{rel}","templated":true}]}}