{"id":43006,"date":"2024-06-09T21:12:14","date_gmt":"2024-06-10T00:12:14","guid":{"rendered":"https:\/\/radiorevelacionfm.cl\/?p=43006"},"modified":"2024-06-09T21:12:14","modified_gmt":"2024-06-10T00:12:14","slug":"en-prision-preventiva-ciudadano-extranjero-por-robo-con-intimidacion-en-local-comercial-de-coyhaique","status":"publish","type":"post","link":"https:\/\/radiorevelacionfm.cl\/?p=43006","title":{"rendered":"En prisi\u00f3n preventiva ciudadano extranjero por robo con intimidaci\u00f3n en local comercial de Coyhaique"},"content":{"rendered":"<div class=\"flex_column av_one_full  flex_column_div av-zero-column-padding first  avia-builder-el-0  el_before_av_one_full  avia-builder-el-first  \" style='border-radius:0px; '><div  class='avia-image-container  av-styling-    avia-builder-el-1  avia-builder-el-no-sibling  avia-align-center '  itemprop=\"image\" itemscope=\"itemscope\" itemtype=\"https:\/\/schema.org\/ImageObject\"  ><div class='avia-image-container-inner'><div class='avia-image-overlay-wrap'><img decoding=\"async\" class='wp-image-16354 avia-img-lazy-loading-not-16354 avia_image' src=\"https:\/\/radiorevelacionfm.cl\/wp-content\/uploads\/2022\/04\/PDI-Imagen-referencial-1-1.jpg\" alt='' title='PDI Imagen referencial (1) (1)' height=\"600\" width=\"900\"  itemprop=\"thumbnailUrl\" srcset=\"https:\/\/radiorevelacionfm.cl\/wp-content\/uploads\/2022\/04\/PDI-Imagen-referencial-1-1.jpg 900w, https:\/\/radiorevelacionfm.cl\/wp-content\/uploads\/2022\/04\/PDI-Imagen-referencial-1-1-300x200.jpg 300w, https:\/\/radiorevelacionfm.cl\/wp-content\/uploads\/2022\/04\/PDI-Imagen-referencial-1-1-768x512.jpg 768w, https:\/\/radiorevelacionfm.cl\/wp-content\/uploads\/2022\/04\/PDI-Imagen-referencial-1-1-705x470.jpg 705w, https:\/\/radiorevelacionfm.cl\/wp-content\/uploads\/2022\/04\/PDI-Imagen-referencial-1-1-600x400.jpg 600w\" sizes=\"(max-width: 900px) 100vw, 900px\" \/><\/div><\/div><\/div><\/div><div class=\"flex_column av_one_full  flex_column_div av-zero-column-padding first  avia-builder-el-2  el_after_av_one_full  el_before_av_one_full  column-top-margin\" style='border-radius:0px; '><section class=\"av_textblock_section \"  itemscope=\"itemscope\" itemtype=\"https:\/\/schema.org\/BlogPosting\" itemprop=\"blogPost\" ><div class='avia_textblock  '   itemprop=\"text\" ><p style=\"text-align: center;\"><strong><span style=\"font-size: 18pt;\">En prisi\u00f3n preventiva ciudadano extranjero por robo con intimidaci\u00f3n en local comercial de Coyhaique<\/span><\/strong><\/p>\n<div id=\"gtx-trans\" style=\"position: absolute; left: -50px; top: 4.31534px;\">\n<div class=\"gtx-trans-icon\"><\/div>\n<\/div>\n<\/div><\/section><\/div><div class=\"flex_column av_one_full  flex_column_div av-zero-column-padding first  avia-builder-el-4  el_after_av_one_full  el_before_av_hr  column-top-margin\" style='border-radius:0px; '><section class=\"av_textblock_section \"  itemscope=\"itemscope\" itemtype=\"https:\/\/schema.org\/BlogPosting\" itemprop=\"blogPost\" ><div class='avia_textblock  '   itemprop=\"text\" ><p style=\"text-align: justify;\">Detectives de la Brigada Investigadora de Robos Coyhaique, en un trabajo mancomunado con el Ministerio P\u00fablico, lograron esclarecer un delito de robo con intimidaci\u00f3n, ocurrido el d\u00eda 21 de mayo en el sector alto de la ciudad de Coyhaique. Tras la investigaci\u00f3n, los oficiales detuvieron en una persecuci\u00f3n policial a un hombre mayor de edad de nacionalidad dominicana.<\/p>\n<p style=\"text-align: justify;\">Al respecto, el subprefecto V\u00edctor Toledo Escalona, jefe de la Brigada Investigadora de Robos Coyhaique, se\u00f1al\u00f3 que el d\u00eda viernes \u00abse efectu\u00f3 la detenci\u00f3n de una persona mayor de edad, de nacionalidad extranjera, por ser autor del delito de robo con intimidaci\u00f3n que afect\u00f3 a las dependientes de un establecimiento comercial, espec\u00edficamente un minimarket el pasado 21 de mayo\u00bb.<\/p>\n<p style=\"text-align: justify;\">En esa ocasi\u00f3n, \u00abel detenido ingres\u00f3 al interior del local, encendiendo un objeto de r\u00e1pida aceleraci\u00f3n con el cual amenaz\u00f3 a la dependiente de prender fuego a las dependencias, en caso de no entregar el dinero que \u00e9l estaba solicitando, es decir, la recaudaci\u00f3n del d\u00eda\u00bb, puntualiz\u00f3 el jefe de la BIRO Coyhaique, agregando que \u00abante la negativa de las dependientes, el sujeto huye del lugar y, no obstante a ello, posteriormente, minutos despu\u00e9s ingresa nuevamente portando un objeto contundente en sus manos, espec\u00edficamente, una piedra con la cual las intimida y las amenaza con golpearlas de no acceder a su petici\u00f3n\u00bb.<\/p>\n<p style=\"text-align: justify;\">En la oportunidad, el imputado logr\u00f3 sustraer una de las gavetas de la caja recaudadora con la suma de 60 mil pesos en su interior, huyendo en direcci\u00f3n desconocida.<\/p>\n<p style=\"text-align: justify;\">Tras iniciar al proceso investigativo y desarrollar las pericias correspondientes, \u00abse logr\u00f3 individualizar y posicionar al detenido en el sitio del suceso, antecedentes que el Ministerio P\u00fablico aport\u00f3 al Tribunal respectivo, gestion\u00e1ndose el d\u00eda viernes la respectiva orden de detenci\u00f3n\u00bb, agreg\u00f3 el subprefecto V\u00edctor Toledo.<\/p>\n<p style=\"text-align: justify;\">Desde la PDI informaron que el detenido se encuentra en situaci\u00f3n migratoria irregular en el pa\u00eds, lo que generar\u00e1 la respectiva denuncia por parte del Departamento de Migraciones y Polic\u00eda Internacional Coyhaique. Asimismo, se detall\u00f3 que el extranjero mantiene antecedentes policiales por el delito de robo violencia.<\/p>\n<p style=\"text-align: justify;\">El imputado fue puesto a disposici\u00f3n del Juzgado de Garant\u00eda de Coyhaique durante el d\u00eda s\u00e1bado, decret\u00e1ndose legal su detenci\u00f3n, su prisi\u00f3n preventiva y un plazo de investigaci\u00f3n de 90 d\u00edas, solicitado por el Ministerio P\u00fablico para continuar con las diligencias en coordinaci\u00f3n con la Brigada Investigadora de Robos Coyhaique.<\/p>\n<\/div><\/section><\/div><div  style='height:50px' class='hr hr-invisible   avia-builder-el-6  el_after_av_one_full  el_before_av_social_share '><span class='hr-inner ' ><span class='hr-inner-style'><\/span><\/span><\/div><\/p>\n<div  class='av-social-sharing-box  avia-builder-el-7  el_after_av_hr  el_before_av_hr  '><div class='av-share-box'><h5 class='av-share-link-description av-no-toc '>Compartir esta noticia<\/h5><ul class='av-share-box-list noLightbox'><li class='av-share-link av-social-link-facebook' ><a target=\"_blank\" aria-label=\"Compartir en Facebook\" href='https:\/\/www.facebook.com\/sharer.php?u=https:\/\/radiorevelacionfm.cl\/?p=43006&#038;t=En%20prisi%C3%B3n%20preventiva%20ciudadano%20extranjero%20por%20robo%20con%20intimidaci%C3%B3n%20en%20local%20comercial%20de%20Coyhaique' aria-hidden='false' data-av_icon='\ue8f3' data-av_iconfont='entypo-fontello' title='' data-avia-related-tooltip='Compartir en Facebook' rel=\"noopener\"><span class='avia_hidden_link_text'>Compartir en Facebook<\/span><\/a><\/li><li class='av-share-link av-social-link-twitter' ><a target=\"_blank\" aria-label=\"Compartir en Twitter\" href='https:\/\/twitter.com\/share?text=En%20prisi%C3%B3n%20preventiva%20ciudadano%20extranjero%20por%20robo%20con%20intimidaci%C3%B3n%20en%20local%20comercial%20de%20Coyhaique&#038;url=https:\/\/radiorevelacionfm.cl\/?p=43006' aria-hidden='false' data-av_icon='\ue8f1' data-av_iconfont='entypo-fontello' title='' data-avia-related-tooltip='Compartir en Twitter' rel=\"noopener\"><span class='avia_hidden_link_text'>Compartir en Twitter<\/span><\/a><\/li><li class='av-share-link av-social-link-whatsapp' ><a target=\"_blank\" aria-label=\"Compartir en Whatsapp\" href='https:\/\/api.whatsapp.com\/send?text=https:\/\/radiorevelacionfm.cl\/?p=43006' aria-hidden='false' data-av_icon='\uf232' data-av_iconfont='entypo-fontello' title='' data-avia-related-tooltip='Compartir en Whatsapp' rel=\"noopener\"><span class='avia_hidden_link_text'>Compartir en Whatsapp<\/span><\/a><\/li><li class='av-share-link av-social-link-linkedin' ><a target=\"_blank\" aria-label=\"Compartir en LinkedIn\" href='https:\/\/linkedin.com\/shareArticle?mini=true&#038;title=En%20prisi%C3%B3n%20preventiva%20ciudadano%20extranjero%20por%20robo%20con%20intimidaci%C3%B3n%20en%20local%20comercial%20de%20Coyhaique&#038;url=https:\/\/radiorevelacionfm.cl\/?p=43006' aria-hidden='false' data-av_icon='\ue8fc' data-av_iconfont='entypo-fontello' title='' data-avia-related-tooltip='Compartir en LinkedIn' rel=\"noopener\"><span class='avia_hidden_link_text'>Compartir en LinkedIn<\/span><\/a><\/li><li class='av-share-link av-social-link-mail' ><a  aria-label=\"Compartir por correo\" href='mailto:?subject=En%20prisi%C3%B3n%20preventiva%20ciudadano%20extranjero%20por%20robo%20con%20intimidaci%C3%B3n%20en%20local%20comercial%20de%20Coyhaique&#038;body=https:\/\/radiorevelacionfm.cl\/?p=43006' aria-hidden='false' data-av_icon='\ue805' data-av_iconfont='entypo-fontello' title='' data-avia-related-tooltip='Compartir por correo'><span class='avia_hidden_link_text'>Compartir por correo<\/span><\/a><\/li><\/ul><\/div><\/div>\n<div  style='height:50px' class='hr hr-invisible   avia-builder-el-8  el_after_av_social_share  el_before_av_comments_list '><span class='hr-inner ' ><span class='hr-inner-style'><\/span><\/span><\/div>\n<div  class='av-buildercomment  av-blog-meta-html-info-disabled av-blog-meta-tag-disabled  '><\/div>\n","protected":false},"excerpt":{"rendered":"","protected":false},"author":1,"featured_media":16354,"comment_status":"open","ping_status":"open","sticky":false,"template":"","format":"standard","meta":{"footnotes":""},"categories":[36],"tags":[],"class_list":["post-43006","post","type-post","status-publish","format-standard","has-post-thumbnail","hentry","category-policial"],"jetpack_featured_media_url":"https:\/\/radiorevelacionfm.cl\/wp-content\/uploads\/2022\/04\/PDI-Imagen-referencial-1-1.jpg","_links":{"self":[{"href":"https:\/\/radiorevelacionfm.cl\/index.php?rest_route=\/wp\/v2\/posts\/43006","targetHints":{"allow":["GET"]}}],"collection":[{"href":"https:\/\/radiorevelacionfm.cl\/index.php?rest_route=\/wp\/v2\/posts"}],"about":[{"href":"https:\/\/radiorevelacionfm.cl\/index.php?rest_route=\/wp\/v2\/types\/post"}],"author":[{"embeddable":true,"href":"https:\/\/radiorevelacionfm.cl\/index.php?rest_route=\/wp\/v2\/users\/1"}],"replies":[{"embeddable":true,"href":"https:\/\/radiorevelacionfm.cl\/index.php?rest_route=%2Fwp%2Fv2%2Fcomments&post=43006"}],"version-history":[{"count":1,"href":"https:\/\/radiorevelacionfm.cl\/index.php?rest_route=\/wp\/v2\/posts\/43006\/revisions"}],"predecessor-version":[{"id":43007,"href":"https:\/\/radiorevelacionfm.cl\/index.php?rest_route=\/wp\/v2\/posts\/43006\/revisions\/43007"}],"wp:featuredmedia":[{"embeddable":true,"href":"https:\/\/radiorevelacionfm.cl\/index.php?rest_route=\/wp\/v2\/media\/16354"}],"wp:attachment":[{"href":"https:\/\/radiorevelacionfm.cl\/index.php?rest_route=%2Fwp%2Fv2%2Fmedia&parent=43006"}],"wp:term":[{"taxonomy":"category","embeddable":true,"href":"https:\/\/radiorevelacionfm.cl\/index.php?rest_route=%2Fwp%2Fv2%2Fcategories&post=43006"},{"taxonomy":"post_tag","embeddable":true,"href":"https:\/\/radiorevelacionfm.cl\/index.php?rest_route=%2Fwp%2Fv2%2Ftags&post=43006"}],"curies":[{"name":"wp","href":"https:\/\/api.w.org\/{rel}","templated":true}]}}