{"id":43001,"date":"2024-06-10T11:55:45","date_gmt":"2024-06-10T14:55:45","guid":{"rendered":"https:\/\/radiorevelacionfm.cl\/?p=43001"},"modified":"2024-06-10T11:55:45","modified_gmt":"2024-06-10T14:55:45","slug":"como-sera-este-otono-invierno-para-el-sector-silvoagropecuario-chileno-sepalo-en-el-proximo-panorama-agroclimatico-estacional","status":"publish","type":"post","link":"https:\/\/radiorevelacionfm.cl\/?p=43001","title":{"rendered":"\u00bfC\u00f3mo ser\u00e1 este oto\u00f1o \u2013 invierno para el sector silvoagropecuario chileno? S\u00e9palo en el pr\u00f3ximo Panorama Agroclim\u00e1tico Estacional"},"content":{"rendered":"<div class=\"flex_column av_one_full  flex_column_div av-zero-column-padding first  avia-builder-el-0  el_before_av_one_full  avia-builder-el-first  \" style='border-radius:0px; '><div  class='avia-image-container  av-styling-    avia-builder-el-1  avia-builder-el-no-sibling  avia-align-center '  itemprop=\"image\" itemscope=\"itemscope\" itemtype=\"https:\/\/schema.org\/ImageObject\"  ><div class='avia-image-container-inner'><div class='avia-image-overlay-wrap'><img decoding=\"async\" class='wp-image-43002 avia-img-lazy-loading-not-43002 avia_image' src=\"https:\/\/radiorevelacionfm.cl\/wp-content\/uploads\/2024\/06\/minagri-invierno-credito-sag-1_optimized.jpg\" alt='' title='minagri-invierno---cr\u00e9dito-sag-(1)_optimized' height=\"600\" width=\"900\"  itemprop=\"thumbnailUrl\" srcset=\"https:\/\/radiorevelacionfm.cl\/wp-content\/uploads\/2024\/06\/minagri-invierno-credito-sag-1_optimized.jpg 900w, https:\/\/radiorevelacionfm.cl\/wp-content\/uploads\/2024\/06\/minagri-invierno-credito-sag-1_optimized-300x200.jpg 300w, https:\/\/radiorevelacionfm.cl\/wp-content\/uploads\/2024\/06\/minagri-invierno-credito-sag-1_optimized-768x512.jpg 768w, https:\/\/radiorevelacionfm.cl\/wp-content\/uploads\/2024\/06\/minagri-invierno-credito-sag-1_optimized-705x470.jpg 705w, https:\/\/radiorevelacionfm.cl\/wp-content\/uploads\/2024\/06\/minagri-invierno-credito-sag-1_optimized-450x300.jpg 450w, https:\/\/radiorevelacionfm.cl\/wp-content\/uploads\/2024\/06\/minagri-invierno-credito-sag-1_optimized-600x400.jpg 600w\" sizes=\"(max-width: 900px) 100vw, 900px\" \/><\/div><\/div><\/div><\/div><div class=\"flex_column av_one_full  flex_column_div av-zero-column-padding first  avia-builder-el-2  el_after_av_one_full  el_before_av_one_full  column-top-margin\" style='border-radius:0px; '><section class=\"av_textblock_section \"  itemscope=\"itemscope\" itemtype=\"https:\/\/schema.org\/BlogPosting\" itemprop=\"blogPost\" ><div class='avia_textblock  '   itemprop=\"text\" ><p style=\"text-align: center;\"><span style=\"font-size: 18pt;\"><b>\u00bfC\u00f3mo ser\u00e1 este oto\u00f1o \u2013 invierno para el sector silvoagropecuario chileno? S\u00e9palo en el pr\u00f3ximo Panorama Agroclim\u00e1tico Estacional<\/b><\/span><\/p>\n<div id=\"gtx-trans\" style=\"position: absolute; left: -50px; top: 4.31534px;\">\n<div class=\"gtx-trans-icon\"><\/div>\n<\/div>\n<\/div><\/section><\/div><div class=\"flex_column av_one_full  flex_column_div av-zero-column-padding first  avia-builder-el-4  el_after_av_one_full  el_before_av_hr  column-top-margin\" style='border-radius:0px; '><section class=\"av_textblock_section \"  itemscope=\"itemscope\" itemtype=\"https:\/\/schema.org\/BlogPosting\" itemprop=\"blogPost\" ><div class='avia_textblock  '   itemprop=\"text\" ><p style=\"text-align: justify;\"><em>Diversos expertos analizar\u00e1n la situaci\u00f3n meteorol\u00f3gica e hidrol\u00f3gica y su proyecci\u00f3n para los pr\u00f3ximos meses de oto\u00f1o-invierno, adem\u00e1s de las medidas y pr\u00e1cticas preventivas frente a heladas de invierno.\u00a0<\/em><\/p>\n<p style=\"text-align: justify;\">Con el fin de analizar la situaci\u00f3n clim\u00e1tica en perspectiva para la temporada oto\u00f1o \u2013 invierno 2024 y as\u00ed estar mejor preparados para lo que le depara al sector silvoagropecuario, el mi\u00e9rcoles 12 de junio se realizar\u00e1 un nuevo \u00abPanorama Agroclim\u00e1tico Estacional\u00bb, encuentro virtual organizado por la Unidad de Gesti\u00f3n de Riesgo de Desastres Agr\u00edcolas (UGRA), de la Subsecretar\u00eda de Agricultura del Minagri.<\/p>\n<p style=\"text-align: justify;\">Esta actividad se llama \u00abInformaci\u00f3n para la acci\u00f3n: \u00bfQu\u00e9 hacer frente a las heladas de invierno?\u00bb, y busca entregar informaci\u00f3n que permita una mejor preparaci\u00f3n para la situaci\u00f3n agroclim\u00e1tica, adem\u00e1s de las medidas y pr\u00e1cticas preventivas frente a heladas de invierno para distintos rubros del sector.<\/p>\n<p style=\"text-align: justify;\">El encuentro se llevar\u00e1 a cabo entre las 10:30 y las 12:30 horas, en l\u00ednea, y no tendr\u00e1 ning\u00fan costo para las personas que participen.<\/p>\n<p style=\"text-align: justify;\"><strong>10 a\u00f1os de \u00abPanoramas\u00bb<\/strong><\/p>\n<p style=\"text-align: justify;\">El \u00abPanorama Agroclim\u00e1tico Estacional\u00bb es una instancia de capacitaci\u00f3n y an\u00e1lisis que se hace dos veces al a\u00f1o -desde 2014- y ha contribuido a fortalecer las capacidades profesionales relacionadas con la gesti\u00f3n de riesgos y adaptaci\u00f3n a la variabilidad y el cambio clim\u00e1tico.<\/p>\n<p style=\"text-align: justify;\">El jefe de la UGRA, Roberto Leal Zald\u00edvar, explica que lo m\u00e1s importante de este encuentro virtual es analizar la temporada, la proyecci\u00f3n para los pr\u00f3ximos meses y posibles amenazas, analizando tambi\u00e9n medidas y pr\u00e1cticas preventivas para el agro. Destaca la importancia de integrar la gesti\u00f3n de riesgos, especialmente en su dimensi\u00f3n preventiva, con el fin de construir resiliencia frente a amenazas y otros eventos en el sector silvoagropecuario.<\/p>\n<p style=\"text-align: justify;\">Por su parte, el seremi de Agricultura, Eugenio Ruiz, invita a la comunidad aisenina a participar de esta instancia, destacando que \u00abcomo Ministerio de Agricultura continuamos reforzando medidas de prevenci\u00f3n invernales, tanto ganaderas como hortofrut\u00edcolas, y este encuentro de la UGRA permite consolidar los llamados preventivos que hemos difundido en la regi\u00f3n de Ays\u00e9n, donde ya llegaron las primeras heladas\u00bb.<\/p>\n<p style=\"text-align: justify;\">\u00abEste apoyo tiene por objetivo que las y los agricultores, como tambi\u00e9n productores regionales, puedan tomar a tiempo las medidas pertinentes para sus territorios\u00bb, puntualiz\u00f3 Ruiz.<\/p>\n<p style=\"text-align: justify;\">Para inscribirse en este encuentro y acceder al programa con las tem\u00e1ticas y expositores de la actividad, debe ingresar al enlace\u00a0<a href=\"https:\/\/forms.gle\/VApbnKSwaC5VMsVGA\">https:\/\/forms.gle\/VApbnKSwaC5VMsVGA<\/a>, como tambi\u00e9n, por medio de una solicitud a trav\u00e9s del correo\u00a0<a href=\"mailto:agroclimatico@minagri.gob.cl\">agroclimatico@minagri.gob.cl<\/a><\/p>\n<\/div><\/section><\/div><div  style='height:50px' class='hr hr-invisible   avia-builder-el-6  el_after_av_one_full  el_before_av_social_share '><span class='hr-inner ' ><span class='hr-inner-style'><\/span><\/span><\/div><\/p>\n<div  class='av-social-sharing-box  avia-builder-el-7  el_after_av_hr  el_before_av_hr  '><div class='av-share-box'><h5 class='av-share-link-description av-no-toc '>Compartir esta noticia<\/h5><ul class='av-share-box-list noLightbox'><li class='av-share-link av-social-link-facebook' ><a target=\"_blank\" aria-label=\"Compartir en Facebook\" href='https:\/\/www.facebook.com\/sharer.php?u=https:\/\/radiorevelacionfm.cl\/?p=43001&#038;t=%C2%BFC%C3%B3mo%20ser%C3%A1%20este%20oto%C3%B1o%20%E2%80%93%20invierno%20para%20el%20sector%20silvoagropecuario%20chileno%3F%20S%C3%A9palo%20en%20el%20pr%C3%B3ximo%20Panorama%20Agroclim%C3%A1tico%20Estacional' aria-hidden='false' data-av_icon='\ue8f3' data-av_iconfont='entypo-fontello' title='' data-avia-related-tooltip='Compartir en Facebook' rel=\"noopener\"><span class='avia_hidden_link_text'>Compartir en Facebook<\/span><\/a><\/li><li class='av-share-link av-social-link-twitter' ><a target=\"_blank\" aria-label=\"Compartir en Twitter\" href='https:\/\/twitter.com\/share?text=%C2%BFC%C3%B3mo%20ser%C3%A1%20este%20oto%C3%B1o%20%E2%80%93%20invierno%20para%20el%20sector%20silvoagropecuario%20chileno%3F%20S%C3%A9palo%20en%20el%20pr%C3%B3ximo%20Panorama%20Agroclim%C3%A1tico%20Estacional&#038;url=https:\/\/radiorevelacionfm.cl\/?p=43001' aria-hidden='false' data-av_icon='\ue8f1' data-av_iconfont='entypo-fontello' title='' data-avia-related-tooltip='Compartir en Twitter' rel=\"noopener\"><span class='avia_hidden_link_text'>Compartir en Twitter<\/span><\/a><\/li><li class='av-share-link av-social-link-whatsapp' ><a target=\"_blank\" aria-label=\"Compartir en Whatsapp\" href='https:\/\/api.whatsapp.com\/send?text=https:\/\/radiorevelacionfm.cl\/?p=43001' aria-hidden='false' data-av_icon='\uf232' data-av_iconfont='entypo-fontello' title='' data-avia-related-tooltip='Compartir en Whatsapp' rel=\"noopener\"><span class='avia_hidden_link_text'>Compartir en Whatsapp<\/span><\/a><\/li><li class='av-share-link av-social-link-linkedin' ><a target=\"_blank\" aria-label=\"Compartir en LinkedIn\" href='https:\/\/linkedin.com\/shareArticle?mini=true&#038;title=%C2%BFC%C3%B3mo%20ser%C3%A1%20este%20oto%C3%B1o%20%E2%80%93%20invierno%20para%20el%20sector%20silvoagropecuario%20chileno%3F%20S%C3%A9palo%20en%20el%20pr%C3%B3ximo%20Panorama%20Agroclim%C3%A1tico%20Estacional&#038;url=https:\/\/radiorevelacionfm.cl\/?p=43001' aria-hidden='false' data-av_icon='\ue8fc' data-av_iconfont='entypo-fontello' title='' data-avia-related-tooltip='Compartir en LinkedIn' rel=\"noopener\"><span class='avia_hidden_link_text'>Compartir en LinkedIn<\/span><\/a><\/li><li class='av-share-link av-social-link-mail' ><a  aria-label=\"Compartir por correo\" href='mailto:?subject=%C2%BFC%C3%B3mo%20ser%C3%A1%20este%20oto%C3%B1o%20%E2%80%93%20invierno%20para%20el%20sector%20silvoagropecuario%20chileno%3F%20S%C3%A9palo%20en%20el%20pr%C3%B3ximo%20Panorama%20Agroclim%C3%A1tico%20Estacional&#038;body=https:\/\/radiorevelacionfm.cl\/?p=43001' aria-hidden='false' data-av_icon='\ue805' data-av_iconfont='entypo-fontello' title='' data-avia-related-tooltip='Compartir por correo'><span class='avia_hidden_link_text'>Compartir por correo<\/span><\/a><\/li><\/ul><\/div><\/div>\n<div  style='height:50px' class='hr hr-invisible   avia-builder-el-8  el_after_av_social_share  el_before_av_comments_list '><span class='hr-inner ' ><span class='hr-inner-style'><\/span><\/span><\/div>\n<div  class='av-buildercomment  av-blog-meta-html-info-disabled av-blog-meta-tag-disabled  '><\/div>\n","protected":false},"excerpt":{"rendered":"","protected":false},"author":1,"featured_media":43002,"comment_status":"open","ping_status":"open","sticky":false,"template":"","format":"standard","meta":{"footnotes":""},"categories":[58],"tags":[],"class_list":["post-43001","post","type-post","status-publish","format-standard","has-post-thumbnail","hentry","category-agricultura"],"jetpack_featured_media_url":"https:\/\/radiorevelacionfm.cl\/wp-content\/uploads\/2024\/06\/minagri-invierno-credito-sag-1_optimized.jpg","_links":{"self":[{"href":"https:\/\/radiorevelacionfm.cl\/index.php?rest_route=\/wp\/v2\/posts\/43001","targetHints":{"allow":["GET"]}}],"collection":[{"href":"https:\/\/radiorevelacionfm.cl\/index.php?rest_route=\/wp\/v2\/posts"}],"about":[{"href":"https:\/\/radiorevelacionfm.cl\/index.php?rest_route=\/wp\/v2\/types\/post"}],"author":[{"embeddable":true,"href":"https:\/\/radiorevelacionfm.cl\/index.php?rest_route=\/wp\/v2\/users\/1"}],"replies":[{"embeddable":true,"href":"https:\/\/radiorevelacionfm.cl\/index.php?rest_route=%2Fwp%2Fv2%2Fcomments&post=43001"}],"version-history":[{"count":1,"href":"https:\/\/radiorevelacionfm.cl\/index.php?rest_route=\/wp\/v2\/posts\/43001\/revisions"}],"predecessor-version":[{"id":43003,"href":"https:\/\/radiorevelacionfm.cl\/index.php?rest_route=\/wp\/v2\/posts\/43001\/revisions\/43003"}],"wp:featuredmedia":[{"embeddable":true,"href":"https:\/\/radiorevelacionfm.cl\/index.php?rest_route=\/wp\/v2\/media\/43002"}],"wp:attachment":[{"href":"https:\/\/radiorevelacionfm.cl\/index.php?rest_route=%2Fwp%2Fv2%2Fmedia&parent=43001"}],"wp:term":[{"taxonomy":"category","embeddable":true,"href":"https:\/\/radiorevelacionfm.cl\/index.php?rest_route=%2Fwp%2Fv2%2Fcategories&post=43001"},{"taxonomy":"post_tag","embeddable":true,"href":"https:\/\/radiorevelacionfm.cl\/index.php?rest_route=%2Fwp%2Fv2%2Ftags&post=43001"}],"curies":[{"name":"wp","href":"https:\/\/api.w.org\/{rel}","templated":true}]}}